{"id":78,"date":"2024-12-12T17:15:00","date_gmt":"2024-12-12T16:15:00","guid":{"rendered":"https:\/\/sion.beestk.com\/?p=78"},"modified":"2026-02-05T12:48:57","modified_gmt":"2026-02-05T11:48:57","slug":"droit-administratif-definition","status":"publish","type":"post","link":"https:\/\/sion.beestk.com\/fr\/droit-administratif-definition\/","title":{"rendered":"Comprendre le droit administratif : d\u00e9finition, principes et enjeux"},"content":{"rendered":"\n<p><em>Le droit administratif est une branche fondamentale du droit public qui r\u00e9git les relations entre l\u2019administration publique et les citoyens. Il s\u2019applique principalement \u00e0 la gestion des affaires publiques, la r\u00e9gulation des actions administratives et la protection des droits des administr\u00e9s. Ce domaine juridique, bien que souvent per\u00e7u comme complexe, est essentiel \u00e0 la bonne marche des institutions publiques et garantit l\u2019\u00e9quilibre entre pouvoir administratif et libert\u00e9s individuelles.<\/em><\/p>\n\n\n\n<figure class=\"wp-block-image size-full\"><img fetchpriority=\"high\" decoding=\"async\" width=\"637\" height=\"538\" src=\"https:\/\/sion.beestk.com\/wp-content\/uploads\/2025\/12\/droit-administratif.jpg\" alt=\"\" class=\"wp-image-79\" srcset=\"https:\/\/sion.beestk.com\/wp-content\/uploads\/2025\/12\/droit-administratif.jpg 637w, https:\/\/sion.beestk.com\/wp-content\/uploads\/2025\/12\/droit-administratif-300x253.jpg 300w\" sizes=\"(max-width: 637px) 100vw, 637px\" \/><\/figure>\n\n\n\n<h2 class=\"wp-block-heading\">Qu&rsquo;est-ce que le droit administratif ?<\/h2>\n\n\n\n<p>Le droit administratif a pour mission de r\u00e9guler l\u2019action de l\u2019administration publique, qu\u2019il s\u2019agisse de l\u2019\u00c9tat, des collectivit\u00e9s territoriales ou des \u00e9tablissements publics. Ce domaine du droit d\u00e9termine les modalit\u00e9s de fonctionnement de ces entit\u00e9s ainsi que les relations qu\u2019elles entretiennent avec les citoyens. Il a pour objectif de garantir que l\u2019administration agisse dans l\u2019int\u00e9r\u00eat g\u00e9n\u00e9ral tout en respectant les principes juridiques, notamment ceux de l\u2019\u00e9galit\u00e9 et de la transparence.<\/p>\n\n\n\n<h3 class=\"wp-block-heading\">Quelle est la d\u00e9finition du droit administratif ?<\/h3>\n\n\n\n<p>Le droit administratif est un ensemble de r\u00e8gles et de principes juridiques r\u00e9gissant les relations entre l\u2019administration publique et les individus, mais \u00e9galement l\u2019organisation interne de cette administration. Il encadre non seulement les actions des entit\u00e9s publiques, mais aussi les actes administratifs qu\u2019elles prennent. Par exemple, les d\u00e9cisions relatives \u00e0 l\u2019urbanisme, \u00e0 la gestion des services publics ou \u00e0 la r\u00e9glementation environnementale rel\u00e8vent de ce domaine. Ce droit a pour objectif de garantir que l\u2019administration n\u2019abuse pas de ses pouvoirs et qu\u2019elle respecte les droits des citoyens.<\/p>\n\n\n\n<h3 class=\"wp-block-heading\">Quels sont les objectifs du droit administratif ?<\/h3>\n\n\n\n<p>Les objectifs du droit administratif sont multiples. Premi\u00e8rement, il vise \u00e0 encadrer les actes de l\u2019administration pour garantir qu\u2019ils soient l\u00e9gaux et respectueux des principes fondamentaux de la R\u00e9publique. Deuxi\u00e8mement, il prot\u00e8ge les administr\u00e9s contre les abus de pouvoir de l\u2019administration en offrant un recours judiciaire efficace. Enfin, le droit administratif sert \u00e0 r\u00e9guler l\u2019organisation de l\u2019administration et son interaction avec les autres branches du <a href=\"https:\/\/sion.beestk.com\/fr\/qu-est-ce-que-le-droit-public\/\">droit public<\/a>, comme le droit constitutionnel ou le droit financier.<\/p>\n\n\n\n<h2 class=\"wp-block-heading\">Les caract\u00e9ristiques fondamentales du droit administratif<\/h2>\n\n\n\n<p>Le droit administratif se distingue par son caract\u00e8re juridique sp\u00e9cifique. Il repose sur des principes uniques qui le diff\u00e9rencient des autres branches du droit, en particulier en ce qui concerne l&rsquo;organisation de l\u2019administration et la gestion des pouvoirs publics. Les caract\u00e9ristiques du droit administratif sont essentielles \u00e0 la compr\u00e9hension de son fonctionnement et de ses objectifs.<\/p>\n\n\n\n<h3 class=\"wp-block-heading\">En quoi le droit administratif est-il autonome ?<\/h3>\n\n\n\n<p>Le droit administratif est autonome dans la mesure o\u00f9 il poss\u00e8de ses propres r\u00e8gles, distinctes de celles du droit civil ou du droit p\u00e9nal. Bien qu\u2019il rel\u00e8ve du droit public et qu&rsquo;il soit possible de faire appel \u00e0 un <a href=\"https:\/\/sion.beestk.com\/fr\/pourquoi-avoir-recours-avocat-droit-public\/\">avocat droit public<\/a> pour cela, il se distingue par la sp\u00e9cificit\u00e9 de ses normes et la gestion des conflits entre administration et citoyens. Par exemple, les proc\u00e9dures administratives de contestation sont propres \u00e0 cette branche et ne suivent pas les m\u00eames r\u00e8gles que celles des tribunaux judiciaires. Cette autonomie permet d\u2019assurer une r\u00e9gulation efficace de l\u2019action publique tout en prot\u00e9geant les droits des administr\u00e9s.<\/p>\n\n\n\n<h3 class=\"wp-block-heading\">Pourquoi le droit administratif est-il consid\u00e9r\u00e9 comme jurisprudentiel ?<\/h3>\n\n\n\n<p>Le droit administratif est souvent qualifi\u00e9 de \u00ab\u00a0jurisprudentiel\u00a0\u00bb car ses principes sont largement issus de la jurisprudence, c\u2019est-\u00e0-dire des d\u00e9cisions rendues par les juridictions administratives. Bien que des textes l\u00e9gislatifs encadrent ce droit, ce sont souvent les juges administratifs qui, au fil des d\u00e9cisions, pr\u00e9cisent et affinent les r\u00e8gles de droit applicables. Cette influence de la jurisprudence dans le droit administratif permet une adaptation continue aux \u00e9volutions sociales, politiques et \u00e9conomiques. Il est donc important de travailler avec un <a href=\"https:\/\/sion.beestk.com\/fr\/nos-expertises\/droit-administratif\/\">avocat droit administratif<\/a> qui ma\u00eetrisera toutes ces nuances.<\/p>\n\n\n\n<h2 class=\"wp-block-heading\">Les sources du droit administratif<\/h2>\n\n\n\n<p>Le droit administratif est fond\u00e9 sur plusieurs sources qui, ensemble, permettent de d\u00e9finir les r\u00e8gles applicables aux administrations publiques. Ces sources sont essentielles \u00e0 la compr\u00e9hension du cadre juridique qui r\u00e9git l\u2019action de l\u2019\u00c9tat et des collectivit\u00e9s territoriales.<\/p>\n\n\n\n<h3 class=\"wp-block-heading\">Quelles sont les sources \u00e9crites du droit administratif ?<\/h3>\n\n\n\n<p>Les principales sources \u00e9crites du droit administratif sont la Constitution, les lois, les d\u00e9crets et les r\u00e8glements. La Constitution fixe les principes fondamentaux du fonctionnement des institutions publiques, tandis que les lois pr\u00e9cisent les droits et obligations des citoyens et des administrations. Les d\u00e9crets et r\u00e8glements viennent compl\u00e9ter cette l\u00e9gislation en fixant les modalit\u00e9s d\u2019application des lois.<\/p>\n\n\n\n<h3 class=\"wp-block-heading\">Quel est le r\u00f4le de la jurisprudence dans le droit administratif ?<\/h3>\n\n\n\n<p>La jurisprudence joue un r\u00f4le central dans le droit administratif. Les d\u00e9cisions des juridictions administratives, en particulier celles du Conseil d&rsquo;\u00c9tat, ont un impact direct sur l&rsquo;interpr\u00e9tation des textes et la mise en \u0153uvre des principes du droit administratif. Ces d\u00e9cisions permettent de pr\u00e9ciser l\u2019application des lois et de r\u00e9soudre les cas concrets qui ne sont pas toujours couverts par la l\u00e9gislation.<\/p>\n\n\n\n<h2 class=\"wp-block-heading\">Les principes g\u00e9n\u00e9raux du droit administratif<\/h2>\n\n\n\n<p>Les principes g\u00e9n\u00e9raux du droit administratif sont des valeurs fondamentales qui orientent l\u2019action de l\u2019administration publique. Ces principes visent \u00e0 garantir que l\u2019administration agit dans l\u2019int\u00e9r\u00eat g\u00e9n\u00e9ral, tout en respectant les droits individuels des citoyens.<\/p>\n\n\n\n<h3 class=\"wp-block-heading\">Quel est le principe de l\u00e9galit\u00e9 en droit administratif ?<\/h3>\n\n\n\n<p>Le principe de l\u00e9galit\u00e9 en droit administratif impose \u00e0 l\u2019administration de respecter les lois et r\u00e8glements en vigueur. Toute action administrative doit \u00eatre fond\u00e9e sur une base l\u00e9gale, et toute d\u00e9cision prise par l\u2019administration doit \u00eatre conforme aux textes applicables. Ce principe est essentiel pour \u00e9viter les abus de pouvoir et garantir que les actes administratifs sont justifi\u00e9s.<\/p>\n\n\n\n<h3 class=\"wp-block-heading\">Comment s&rsquo;applique le principe de l&rsquo;int\u00e9r\u00eat g\u00e9n\u00e9ral ?<\/h3>\n\n\n\n<p>Le principe de l\u2019int\u00e9r\u00eat g\u00e9n\u00e9ral est au c\u0153ur du droit administratif. L\u2019administration doit toujours agir dans l\u2019int\u00e9r\u00eat de la collectivit\u00e9, en prenant en compte les besoins collectifs plut\u00f4t que des int\u00e9r\u00eats particuliers. Ce principe est particuli\u00e8rement important lorsqu\u2019il s\u2019agit de d\u00e9cisions relatives \u00e0 des services publics, \u00e0 l\u2019am\u00e9nagement du territoire ou \u00e0 la gestion des ressources naturelles.<\/p>\n\n\n\n<h2 class=\"wp-block-heading\">L&rsquo;organisation de l&rsquo;administration publique<\/h2>\n\n\n\n<p>L\u2019organisation de l\u2019administration publique est un autre aspect fondamental du droit administratif. Elle d\u00e9finit comment les diff\u00e9rentes entit\u00e9s administratives interagissent, ainsi que leurs missions et pouvoirs respectifs.<\/p>\n\n\n\n<h3 class=\"wp-block-heading\">Quels sont les diff\u00e9rents niveaux de l&rsquo;administration publique ?<\/h3>\n\n\n\n<p>L\u2019administration publique est structur\u00e9e \u00e0 plusieurs niveaux. Le niveau central, qui comprend l\u2019\u00c9tat et ses minist\u00e8res, exerce des fonctions nationales. Le niveau local regroupe les collectivit\u00e9s territoriales (communes, d\u00e9partements, r\u00e9gions) et g\u00e8re les affaires locales. Enfin, les \u00e9tablissements publics et les agences sp\u00e9cialis\u00e9es exercent des missions sp\u00e9cifiques, comme la gestion de la s\u00e9curit\u00e9 sociale, la r\u00e9gulation des transports, ou la protection de l\u2019environnement.<\/p>\n\n\n\n<h3 class=\"wp-block-heading\">Comment fonctionne la hi\u00e9rarchie administrative ?<\/h3>\n\n\n\n<p>La hi\u00e9rarchie administrative repose sur un principe de subordination, o\u00f9 chaque niveau de l\u2019administration rend compte au sup\u00e9rieur hi\u00e9rarchique. L\u2019objectif est d\u2019assurer une gestion coh\u00e9rente et une coordination des actions entre les diff\u00e9rents niveaux de l\u2019administration. Cette hi\u00e9rarchie est cruciale pour garantir l\u2019efficacit\u00e9 des d\u00e9cisions publiques et la responsabilit\u00e9 des agents publics.<\/p>\n\n\n\n<h2 class=\"wp-block-heading\">Les relations entre l&rsquo;administration et les administr\u00e9s<\/h2>\n\n\n\n<p>Les relations entre l\u2019administration et les administr\u00e9s sont essentielles pour le bon fonctionnement de l\u2019\u00c9tat de droit. Ces relations doivent \u00eatre encadr\u00e9es de mani\u00e8re \u00e0 garantir l\u2019\u00e9galit\u00e9 des citoyens devant la loi et \u00e0 pr\u00e9venir les abus de pouvoir.<\/p>\n\n\n\n<h3 class=\"wp-block-heading\">Quels sont les droits et obligations des administr\u00e9s face \u00e0 l&rsquo;administration ?<\/h3>\n\n\n\n<p>Les administr\u00e9s ont des droits sp\u00e9cifiques vis-\u00e0-vis de l\u2019administration. Par exemple, ils peuvent demander des informations, contester des d\u00e9cisions administratives ou saisir les juridictions administratives en cas de litige. De leur c\u00f4t\u00e9, les administr\u00e9s ont aussi des obligations, comme respecter les d\u00e9cisions administratives ou payer leurs imp\u00f4ts, qui permettent de maintenir l\u2019\u00e9quilibre dans les relations entre l\u2019\u00c9tat et la population.<\/p>\n\n\n\n<h3 class=\"wp-block-heading\">Comment contester une d\u00e9cision administrative ?<\/h3>\n\n\n\n<p>Les administr\u00e9s peuvent contester une d\u00e9cision administrative de plusieurs fa\u00e7ons, selon la nature de la d\u00e9cision. Ils peuvent saisir le juge administratif pour demander l\u2019annulation de la d\u00e9cision. Il existe plusieurs types de recours, dont le recours pour exc\u00e8s de pouvoir, le recours en r\u00e9paration ou le recours de plein contentieux, chacun ayant des r\u00e8gles et des d\u00e9lais propres. Vous pouvez d&rsquo;ailleurs consulter notre article sur le <a href=\"https:\/\/sion.beestk.com\/fr\/delai-reponse-droit-administratif-delai-recours\/\">d\u00e9lai de r\u00e9ponse en droit administratif<\/a>.<\/p>\n\n\n\n<h2 class=\"wp-block-heading\">Le contr\u00f4le de l&rsquo;administration<\/h2>\n\n\n\n<p>Le contr\u00f4le de l\u2019administration est une composante essentielle du droit administratif. Il permet de v\u00e9rifier la conformit\u00e9 de l\u2019action administrative avec les lois et les r\u00e8glements, et de prot\u00e9ger les droits des citoyens.<\/p>\n\n\n\n<h3 class=\"wp-block-heading\">Quels sont les diff\u00e9rents types de recours contre l&rsquo;administration ?<\/h3>\n\n\n\n<p>Il existe diff\u00e9rents types de recours juridiques permettant de contester les actes administratifs. Le recours pour exc\u00e8s de pouvoir, qui est le plus fr\u00e9quent, permet de demander l&rsquo;annulation d&rsquo;une d\u00e9cision administrative ill\u00e9gale. D\u2019autres recours, comme le recours en r\u00e9paration ou le recours en plein contentieux, permettent d\u2019obtenir r\u00e9paration d\u2019un pr\u00e9judice caus\u00e9 par l\u2019administration.<\/p>\n\n\n\n<h3 class=\"wp-block-heading\">Quel est le r\u00f4le du juge administratif ?<\/h3>\n\n\n\n<p>Le juge administratif a pour mission de contr\u00f4ler l\u2019action de l\u2019administration et de juger des recours form\u00e9s par les administr\u00e9s. Il examine les d\u00e9cisions de l\u2019administration sous l\u2019angle de leur l\u00e9galit\u00e9 et s\u2019assure qu\u2019elles respectent les principes du droit administratif. Il a aussi la possibilit\u00e9 d\u2019accorder des r\u00e9parations en cas de pr\u00e9judice caus\u00e9 par l\u2019administration.<\/p>\n\n\n\n<h2 class=\"wp-block-heading\">Les \u00e9volutions contemporaines du droit administratif<\/h2>\n\n\n\n<p>Le droit administratif, bien qu\u2019ancr\u00e9 dans des principes historiques, continue d\u2019\u00e9voluer pour r\u00e9pondre aux d\u00e9fis actuels. Les nouvelles technologies, les r\u00e9formes l\u00e9gislatives et les exigences croissantes en mati\u00e8re de protection des droits des citoyens influencent constamment la fa\u00e7on dont l\u2019administration publique interagit avec la soci\u00e9t\u00e9. Ces \u00e9volutions ont un impact sur le cadre juridique et peuvent red\u00e9finir le r\u00f4le de l\u2019administration dans les ann\u00e9es \u00e0 venir.<\/p>\n\n\n\n<h3 class=\"wp-block-heading\">Comment le droit administratif s&rsquo;adapte-t-il aux nouvelles technologies ?<\/h3>\n\n\n\n<p>Les avanc\u00e9es technologiques, notamment dans les domaines de l\u2019intelligence artificielle, de la cybers\u00e9curit\u00e9 et des donn\u00e9es personnelles, bouleversent le paysage du droit administratif. Par exemple, la collecte massive de donn\u00e9es par les administrations publiques soul\u00e8ve des questions sur la protection de la vie priv\u00e9e et le respect des libert\u00e9s individuelles. Les lois doivent ainsi s\u2019adapter pour encadrer de mani\u00e8re ad\u00e9quate l\u2019utilisation de ces technologies tout en prot\u00e9geant les citoyens. L\u2019int\u00e9gration des technologies dans la gestion administrative n\u00e9cessite une r\u00e9gulation pr\u00e9cise pour \u00e9viter les abus et garantir que l\u2019administration reste au service de l\u2019int\u00e9r\u00eat g\u00e9n\u00e9ral, sans empi\u00e9ter sur les droits fondamentaux des administr\u00e9s.<\/p>\n\n\n\n<h3 class=\"wp-block-heading\">Quelles sont les r\u00e9formes r\u00e9centes en droit administratif ?<\/h3>\n\n\n\n<p>Au fil des ann\u00e9es, des r\u00e9formes ont \u00e9t\u00e9 mises en place pour moderniser le droit administratif et am\u00e9liorer l\u2019efficacit\u00e9 de l\u2019administration publique. Par exemple, la r\u00e9forme du Code de la commande publique et les changements dans les r\u00e8gles de d\u00e9centralisation ont marqu\u00e9 des \u00e9tapes importantes. Ces r\u00e9formes ont pour objectif de simplifier l\u2019acc\u00e8s des citoyens aux services publics tout en garantissant une gestion plus transparente et plus efficace des ressources publiques. De plus, la r\u00e9vision des normes juridiques en mati\u00e8re d&rsquo;urbanisme et d&rsquo;environnement montre bien la volont\u00e9 de l\u2019administration de s\u2019adapter aux pr\u00e9occupations contemporaines, telles que la transition \u00e9cologique et la gestion des crises sanitaires.<\/p>\n\n\n\n<p><\/p>\n\n\n\n<p>Le droit administratif, en tant que branche cl\u00e9 du droit public, continue d\u2019\u00e9voluer pour r\u00e9pondre aux exigences de notre soci\u00e9t\u00e9 moderne. De la r\u00e9gulation des relations entre l\u2019administration et les administr\u00e9s \u00e0 la gestion des enjeux li\u00e9s aux nouvelles technologies, il est essentiel pour assurer un \u00e9quilibre entre les pouvoirs publics et les droits des citoyens. La compr\u00e9hension des principes fondamentaux du droit administratif est donc cruciale, tant pour les professionnels du droit que pour les administr\u00e9s, afin de garantir une soci\u00e9t\u00e9 juste et \u00e9quitable. Pour toute question ou besoin de conseils juridiques, il est important de consulter un avocat sp\u00e9cialis\u00e9 alors n&rsquo;h\u00e9sitez pas \u00e0 <a href=\"https:\/\/sion.beestk.com\/fr\/contact\/\">contacter le Cabinet Sion Avocat<\/a> pour tout besoin li\u00e9 au droit administratif ou au droit public !<\/p>\n","protected":false},"excerpt":{"rendered":"<p>Le droit administratif est une branche fondamentale du droit public qui r\u00e9git les relations entre l\u2019administration publique et les citoyens. Il s\u2019applique principalement \u00e0 la gestion des affaires publiques, la r\u00e9gulation des actions administratives et la protection des droits des administr\u00e9s. Ce domaine juridique, bien que souvent per\u00e7u comme complexe, est essentiel \u00e0 la bonne [&hellip;]<\/p>\n","protected":false},"author":3,"featured_media":100,"comment_status":"open","ping_status":"open","sticky":false,"template":"","format":"standard","meta":{"_acf_changed":false,"footnotes":""},"categories":[9],"tags":[],"class_list":["post-78","post","type-post","status-publish","format-standard","has-post-thumbnail","hentry","category-droit-administratif"],"acf":[],"yoast_head":"<!-- This site is optimized with the Yoast SEO plugin v26.8 - https:\/\/yoast.com\/product\/yoast-seo-wordpress\/ -->\n<title>Droit administratif : d\u00e9finition, principes, et enjeux | Sion Avocat<\/title>\n<meta name=\"description\" content=\"D\u00e9couvrez tout sur le droit administratif : ses principes, objectifs, sources, et l&#039;organisation de l&#039;administration. Un guide complet pour comprendre cette branche cl\u00e9 du droit public.\" \/>\n<meta name=\"robots\" content=\"noindex, follow, max-snippet:-1, max-image-preview:large, max-video-preview:-1\" \/>\n<meta property=\"og:locale\" content=\"fr_FR\" \/>\n<meta property=\"og:type\" content=\"article\" \/>\n<meta property=\"og:title\" content=\"Droit administratif : d\u00e9finition, principes, et enjeux | Sion Avocat\" \/>\n<meta property=\"og:description\" content=\"D\u00e9couvrez tout sur le droit administratif : ses principes, objectifs, sources, et l&#039;organisation de l&#039;administration. Un guide complet pour comprendre cette branche cl\u00e9 du droit public.\" \/>\n<meta property=\"og:url\" content=\"https:\/\/sion.beestk.com\/fr\/droit-administratif-definition\/\" \/>\n<meta property=\"og:site_name\" content=\"Sion Avocat\" \/>\n<meta property=\"article:publisher\" content=\"https:\/\/maps.app.goo.gl\/wgFyjZZdY3JC98nZA\" \/>\n<meta property=\"article:published_time\" content=\"2024-12-12T16:15:00+00:00\" \/>\n<meta property=\"article:modified_time\" content=\"2026-02-05T11:48:57+00:00\" \/>\n<meta property=\"og:image\" content=\"https:\/\/sion.beestk.com\/wp-content\/uploads\/2022\/04\/cover_droit-administratif.jpg\" \/>\n\t<meta property=\"og:image:width\" content=\"1200\" \/>\n\t<meta property=\"og:image:height\" content=\"800\" \/>\n\t<meta property=\"og:image:type\" content=\"image\/jpeg\" \/>\n<meta name=\"author\" content=\"Ya\u00ebl Sion\" \/>\n<meta name=\"twitter:card\" content=\"summary_large_image\" \/>\n<meta name=\"twitter:label1\" content=\"\u00c9crit par\" \/>\n\t<meta name=\"twitter:data1\" content=\"Ya\u00ebl Sion\" \/>\n\t<meta name=\"twitter:label2\" content=\"Dur\u00e9e de lecture estim\u00e9e\" \/>\n\t<meta name=\"twitter:data2\" content=\"10 minutes\" \/>\n<script type=\"application\/ld+json\" class=\"yoast-schema-graph\">{\n\t    \"@context\": \"https:\/\/schema.org\",\n\t    \"@graph\": [\n\t        {\n\t            \"@type\": \"Article\",\n\t            \"@id\": \"https:\/\/sion.beestk.com\/fr\/droit-administratif-definition\/#article\",\n\t            \"isPartOf\": {\n\t                \"@id\": \"https:\/\/sion.beestk.com\/fr\/droit-administratif-definition\/\"\n\t            },\n\t            \"author\": {\n\t                \"name\": \"Ya\u00ebl Sion\",\n\t                \"@id\": \"https:\/\/sion.beestk.com\/fr\/#\/schema\/person\/af6781cee515c982ec0cc7165afd0ec1\"\n\t            },\n\t            \"headline\": \"Comprendre le droit administratif : d\u00e9finition, principes et enjeux\",\n\t            \"datePublished\": \"2024-12-12T16:15:00+00:00\",\n\t            \"dateModified\": \"2026-02-05T11:48:57+00:00\",\n\t            \"mainEntityOfPage\": {\n\t                \"@id\": \"https:\/\/sion.beestk.com\/fr\/droit-administratif-definition\/\"\n\t            },\n\t            \"wordCount\": 2200,\n\t            \"commentCount\": 0,\n\t            \"publisher\": {\n\t                \"@id\": \"https:\/\/sion.beestk.com\/fr\/#organization\"\n\t            },\n\t            \"image\": {\n\t                \"@id\": \"https:\/\/sion.beestk.com\/fr\/droit-administratif-definition\/#primaryimage\"\n\t            },\n\t            \"thumbnailUrl\": \"https:\/\/sion.beestk.com\/wp-content\/uploads\/2022\/04\/cover_droit-administratif.jpg\",\n\t            \"articleSection\": [\n\t                \"Droit administratif\"\n\t            ],\n\t            \"inLanguage\": \"fr-FR\",\n\t            \"potentialAction\": [\n\t                {\n\t                    \"@type\": \"CommentAction\",\n\t                    \"name\": \"Comment\",\n\t                    \"target\": [\n\t                        \"https:\/\/sion.beestk.com\/fr\/droit-administratif-definition\/#respond\"\n\t                    ]\n\t                }\n\t            ]\n\t        },\n\t        {\n\t            \"@type\": \"WebPage\",\n\t            \"@id\": \"https:\/\/sion.beestk.com\/fr\/droit-administratif-definition\/\",\n\t            \"url\": \"https:\/\/sion.beestk.com\/fr\/droit-administratif-definition\/\",\n\t            \"name\": \"Droit administratif : d\u00e9finition, principes, et enjeux | Sion Avocat\",\n\t            \"isPartOf\": {\n\t                \"@id\": \"https:\/\/sion.beestk.com\/fr\/#website\"\n\t            },\n\t            \"primaryImageOfPage\": {\n\t                \"@id\": \"https:\/\/sion.beestk.com\/fr\/droit-administratif-definition\/#primaryimage\"\n\t            },\n\t            \"image\": {\n\t                \"@id\": \"https:\/\/sion.beestk.com\/fr\/droit-administratif-definition\/#primaryimage\"\n\t            },\n\t            \"thumbnailUrl\": \"https:\/\/sion.beestk.com\/wp-content\/uploads\/2022\/04\/cover_droit-administratif.jpg\",\n\t            \"datePublished\": \"2024-12-12T16:15:00+00:00\",\n\t            \"dateModified\": \"2026-02-05T11:48:57+00:00\",\n\t            \"description\": \"D\u00e9couvrez tout sur le droit administratif : ses principes, objectifs, sources, et l'organisation de l'administration. Un guide complet pour comprendre cette branche cl\u00e9 du droit public.\",\n\t            \"breadcrumb\": {\n\t                \"@id\": \"https:\/\/sion.beestk.com\/fr\/droit-administratif-definition\/#breadcrumb\"\n\t            },\n\t            \"inLanguage\": \"fr-FR\",\n\t            \"potentialAction\": [\n\t                {\n\t                    \"@type\": \"ReadAction\",\n\t                    \"target\": [\n\t                        \"https:\/\/sion.beestk.com\/fr\/droit-administratif-definition\/\"\n\t                    ]\n\t                }\n\t            ]\n\t        },\n\t        {\n\t            \"@type\": \"ImageObject\",\n\t            \"inLanguage\": \"fr-FR\",\n\t            \"@id\": \"https:\/\/sion.beestk.com\/fr\/droit-administratif-definition\/#primaryimage\",\n\t            \"url\": \"https:\/\/sion.beestk.com\/wp-content\/uploads\/2022\/04\/cover_droit-administratif.jpg\",\n\t            \"contentUrl\": \"https:\/\/sion.beestk.com\/wp-content\/uploads\/2022\/04\/cover_droit-administratif.jpg\",\n\t            \"width\": 1200,\n\t            \"height\": 800\n\t        },\n\t        {\n\t            \"@type\": \"BreadcrumbList\",\n\t            \"@id\": \"https:\/\/sion.beestk.com\/fr\/droit-administratif-definition\/#breadcrumb\",\n\t            \"itemListElement\": [\n\t                {\n\t                    \"@type\": \"ListItem\",\n\t                    \"position\": 1,\n\t                    \"name\": \"Accueil\",\n\t                    \"item\": \"https:\/\/sion.beestk.com\/fr\/\"\n\t                },\n\t                {\n\t                    \"@type\": \"ListItem\",\n\t                    \"position\": 2,\n\t                    \"name\": \"Ressources\",\n\t                    \"item\": \"https:\/\/sion.beestk.com\/fr\/ressources\/\"\n\t                },\n\t                {\n\t                    \"@type\": \"ListItem\",\n\t                    \"position\": 3,\n\t                    \"name\": \"Actualit\u00e9s juridiques\",\n\t                    \"item\": \"https:\/\/sion.beestk.com\/fr\/ressources\/actualites-juridiques\/\"\n\t                },\n\t                {\n\t                    \"@type\": \"ListItem\",\n\t                    \"position\": 4,\n\t                    \"name\": \"Droit administratif\",\n\t                    \"item\": \"https:\/\/sion.beestk.com\/fr\/ressources\/actualites-juridiques\/droit-administratif\/\"\n\t                },\n\t                {\n\t                    \"@type\": \"ListItem\",\n\t                    \"position\": 5,\n\t                    \"name\": \"Comprendre le droit administratif : d\u00e9finition, principes et enjeux\"\n\t                }\n\t            ]\n\t        },\n\t        {\n\t            \"@type\": \"WebSite\",\n\t            \"@id\": \"https:\/\/sion.beestk.com\/fr\/#website\",\n\t            \"url\": \"https:\/\/sion.beestk.com\/fr\/\",\n\t            \"name\": \"Cabinet Ya\u00ebl Sion & ASSOCI\u00c9S\",\n\t            \"description\": \"\",\n\t            \"publisher\": {\n\t                \"@id\": \"https:\/\/sion.beestk.com\/fr\/#organization\"\n\t            },\n\t            \"potentialAction\": [\n\t                {\n\t                    \"@type\": \"SearchAction\",\n\t                    \"target\": {\n\t                        \"@type\": \"EntryPoint\",\n\t                        \"urlTemplate\": \"https:\/\/sion.beestk.com\/fr\/?s={search_term_string}\"\n\t                    },\n\t                    \"query-input\": {\n\t                        \"@type\": \"PropertyValueSpecification\",\n\t                        \"valueRequired\": true,\n\t                        \"valueName\": \"search_term_string\"\n\t                    }\n\t                }\n\t            ],\n\t            \"inLanguage\": \"fr-FR\"\n\t        },\n\t        {\n\t            \"@type\": [\n\t                \"Organization\",\n\t                \"LocalBusiness\",\n\t                \"LegalService\"\n\t            ],\n\t            \"@id\": \"https:\/\/sion.beestk.com\/fr\/#organization\",\n\t            \"name\": \"Cabinet Ya\u00ebl Sion & ASSOCI\u00c9S\",\n\t            \"url\": \"https:\/\/sion.beestk.com\/fr\/\",\n\t            \"logo\": {\n\t                \"@type\": \"ImageObject\",\n\t                \"inLanguage\": \"fr-FR\",\n\t                \"@id\": \"https:\/\/sion.beestk.com\/fr\/#\/schema\/logo\/image\/\",\n\t                \"url\": \"https:\/\/sion.beestk.com\/wp-content\/uploads\/2025\/12\/logo.png\",\n\t                \"contentUrl\": \"https:\/\/sion.beestk.com\/wp-content\/uploads\/2025\/12\/logo.png\",\n\t                \"width\": 150,\n\t                \"height\": 72,\n\t                \"caption\": \"Cabinet Ya\u00ebl Sion & ASSOCI\u00c9S\"\n\t            },\n\t            \"image\": {\n\t                \"@id\": \"https:\/\/sion.beestk.com\/fr\/#\/schema\/logo\/image\/\"\n\t            },\n\t            \"sameAs\": [\n\t                \"https:\/\/maps.app.goo.gl\/wgFyjZZdY3JC98nZA\",\n\t                \"https:\/\/www.linkedin.com\/in\/ya%C3%ABl-sion-0a18091b3\/\"\n\t            ],\n\t            \"telephone\": \"+33465848884\",\n\t            \"address\": {\n\t                \"@type\": \"PostalAddress\",\n\t                \"addressCountry\": \"FR\",\n\t                \"addressLocality\": \"Marseille\",\n\t                \"postalCode\": \"13008\",\n\t                \"streetAddress\": \"565 avenue du Prado\"\n\t            },\n\t            \"openingHours\": [\n\t                \"Mo-Th 09:00-19:00\",\n\t                \"Fr 09:00-16:00\"\n\t            ],\n\t            \"hasMap\": \"https:\/\/maps.app.goo.gl\/wgFyjZZdY3JC98nZA\",\n\t            \"founder\": [\n\t                {\n\t                    \"@type\": \"Person\",\n\t                    \"name\": \"Ya\u00ebl Sion\",\n\t                    \"jobTitle\": \"Avocat\",\n\t                    \"worksFor\": {\n\t                        \"@id\": \"https:\/\/sion.beestk.com\/fr\/#organization\"\n\t                    },\n\t                    \"sameAs\": [\n\t                        \"https:\/\/www.linkedin.com\/in\/ya%C3%ABl-sion-0a18091b3\/\"\n\t                    ]\n\t                }\n\t            ],\n\t            \"foundingDate\": \"2015\"\n\t        },\n\t        {\n\t            \"@type\": \"Person\",\n\t            \"@id\": \"https:\/\/sion.beestk.com\/fr\/#\/schema\/person\/af6781cee515c982ec0cc7165afd0ec1\",\n\t            \"name\": \"Ya\u00ebl Sion\",\n\t            \"image\": {\n\t                \"@type\": \"ImageObject\",\n\t                \"inLanguage\": \"fr-FR\",\n\t                \"@id\": \"https:\/\/sion.beestk.com\/fr\/#\/schema\/person\/image\/\",\n\t                \"url\": \"https:\/\/secure.gravatar.com\/avatar\/a802dd23cdae5671bd494df17fbc5c2a8d88ff0d303671cee42d52f554533583?s=96&d=mm&r=g\",\n\t                \"contentUrl\": \"https:\/\/secure.gravatar.com\/avatar\/a802dd23cdae5671bd494df17fbc5c2a8d88ff0d303671cee42d52f554533583?s=96&d=mm&r=g\",\n\t                \"caption\": \"Ya\u00ebl Sion\"\n\t            }\n\t        }\n\t    ]\n\t}<\/script>\n<!-- \/ Yoast SEO plugin. -->","yoast_head_json":{"title":"Droit administratif : d\u00e9finition, principes, et enjeux | Sion Avocat","description":"D\u00e9couvrez tout sur le droit administratif : ses principes, objectifs, sources, et l'organisation de l'administration. Un guide complet pour comprendre cette branche cl\u00e9 du droit public.","robots":{"index":"noindex","follow":"follow","max-snippet":"max-snippet:-1","max-image-preview":"max-image-preview:large","max-video-preview":"max-video-preview:-1"},"og_locale":"fr_FR","og_type":"article","og_title":"Droit administratif : d\u00e9finition, principes, et enjeux | Sion Avocat","og_description":"D\u00e9couvrez tout sur le droit administratif : ses principes, objectifs, sources, et l'organisation de l'administration. Un guide complet pour comprendre cette branche cl\u00e9 du droit public.","og_url":"https:\/\/sion.beestk.com\/fr\/droit-administratif-definition\/","og_site_name":"Sion Avocat","article_publisher":"https:\/\/maps.app.goo.gl\/wgFyjZZdY3JC98nZA","article_published_time":"2024-12-12T16:15:00+00:00","article_modified_time":"2026-02-05T11:48:57+00:00","og_image":[{"width":1200,"height":800,"url":"https:\/\/sion.beestk.com\/wp-content\/uploads\/2022\/04\/cover_droit-administratif.jpg","type":"image\/jpeg"}],"author":"Ya\u00ebl Sion","twitter_card":"summary_large_image","twitter_misc":{"\u00c9crit par":"Ya\u00ebl Sion","Dur\u00e9e de lecture estim\u00e9e":"10 minutes"},"schema":{"@context":"https:\/\/schema.org","@graph":[{"@type":"Article","@id":"https:\/\/sion.beestk.com\/fr\/droit-administratif-definition\/#article","isPartOf":{"@id":"https:\/\/sion.beestk.com\/fr\/droit-administratif-definition\/"},"author":{"name":"Ya\u00ebl Sion","@id":"https:\/\/sion.beestk.com\/fr\/#\/schema\/person\/af6781cee515c982ec0cc7165afd0ec1"},"headline":"Comprendre le droit administratif : d\u00e9finition, principes et enjeux","datePublished":"2024-12-12T16:15:00+00:00","dateModified":"2026-02-05T11:48:57+00:00","mainEntityOfPage":{"@id":"https:\/\/sion.beestk.com\/fr\/droit-administratif-definition\/"},"wordCount":2200,"commentCount":0,"publisher":{"@id":"https:\/\/sion.beestk.com\/fr\/#organization"},"image":{"@id":"https:\/\/sion.beestk.com\/fr\/droit-administratif-definition\/#primaryimage"},"thumbnailUrl":"https:\/\/sion.beestk.com\/wp-content\/uploads\/2022\/04\/cover_droit-administratif.jpg","articleSection":["Droit administratif"],"inLanguage":"fr-FR","potentialAction":[{"@type":"CommentAction","name":"Comment","target":["https:\/\/sion.beestk.com\/fr\/droit-administratif-definition\/#respond"]}]},{"@type":"WebPage","@id":"https:\/\/sion.beestk.com\/fr\/droit-administratif-definition\/","url":"https:\/\/sion.beestk.com\/fr\/droit-administratif-definition\/","name":"Droit administratif : d\u00e9finition, principes, et enjeux | Sion Avocat","isPartOf":{"@id":"https:\/\/sion.beestk.com\/fr\/#website"},"primaryImageOfPage":{"@id":"https:\/\/sion.beestk.com\/fr\/droit-administratif-definition\/#primaryimage"},"image":{"@id":"https:\/\/sion.beestk.com\/fr\/droit-administratif-definition\/#primaryimage"},"thumbnailUrl":"https:\/\/sion.beestk.com\/wp-content\/uploads\/2022\/04\/cover_droit-administratif.jpg","datePublished":"2024-12-12T16:15:00+00:00","dateModified":"2026-02-05T11:48:57+00:00","description":"D\u00e9couvrez tout sur le droit administratif : ses principes, objectifs, sources, et l'organisation de l'administration. Un guide complet pour comprendre cette branche cl\u00e9 du droit public.","breadcrumb":{"@id":"https:\/\/sion.beestk.com\/fr\/droit-administratif-definition\/#breadcrumb"},"inLanguage":"fr-FR","potentialAction":[{"@type":"ReadAction","target":["https:\/\/sion.beestk.com\/fr\/droit-administratif-definition\/"]}]},{"@type":"ImageObject","inLanguage":"fr-FR","@id":"https:\/\/sion.beestk.com\/fr\/droit-administratif-definition\/#primaryimage","url":"https:\/\/sion.beestk.com\/wp-content\/uploads\/2022\/04\/cover_droit-administratif.jpg","contentUrl":"https:\/\/sion.beestk.com\/wp-content\/uploads\/2022\/04\/cover_droit-administratif.jpg","width":1200,"height":800},{"@type":"BreadcrumbList","@id":"https:\/\/sion.beestk.com\/fr\/droit-administratif-definition\/#breadcrumb","itemListElement":[{"@type":"ListItem","position":1,"name":"Accueil","item":"https:\/\/sion.beestk.com\/fr\/"},{"@type":"ListItem","position":2,"name":"Ressources","item":"https:\/\/sion.beestk.com\/fr\/ressources\/"},{"@type":"ListItem","position":3,"name":"Actualit\u00e9s juridiques","item":"https:\/\/sion.beestk.com\/fr\/ressources\/actualites-juridiques\/"},{"@type":"ListItem","position":4,"name":"Droit administratif","item":"https:\/\/sion.beestk.com\/fr\/ressources\/actualites-juridiques\/droit-administratif\/"},{"@type":"ListItem","position":5,"name":"Comprendre le droit administratif : d\u00e9finition, principes et enjeux"}]},{"@type":"WebSite","@id":"https:\/\/sion.beestk.com\/fr\/#website","url":"https:\/\/sion.beestk.com\/fr\/","name":"Cabinet Ya\u00ebl Sion & ASSOCI\u00c9S","description":"","publisher":{"@id":"https:\/\/sion.beestk.com\/fr\/#organization"},"potentialAction":[{"@type":"SearchAction","target":{"@type":"EntryPoint","urlTemplate":"https:\/\/sion.beestk.com\/fr\/?s={search_term_string}"},"query-input":{"@type":"PropertyValueSpecification","valueRequired":true,"valueName":"search_term_string"}}],"inLanguage":"fr-FR"},{"@type":["Organization","LocalBusiness","LegalService"],"@id":"https:\/\/sion.beestk.com\/fr\/#organization","name":"Cabinet Ya\u00ebl Sion & ASSOCI\u00c9S","url":"https:\/\/sion.beestk.com\/fr\/","logo":{"@type":"ImageObject","inLanguage":"fr-FR","@id":"https:\/\/sion.beestk.com\/fr\/#\/schema\/logo\/image\/","url":"https:\/\/sion.beestk.com\/wp-content\/uploads\/2025\/12\/logo.png","contentUrl":"https:\/\/sion.beestk.com\/wp-content\/uploads\/2025\/12\/logo.png","width":150,"height":72,"caption":"Cabinet Ya\u00ebl Sion & ASSOCI\u00c9S"},"image":{"@id":"https:\/\/sion.beestk.com\/fr\/#\/schema\/logo\/image\/"},"sameAs":["https:\/\/maps.app.goo.gl\/wgFyjZZdY3JC98nZA","https:\/\/www.linkedin.com\/in\/ya%C3%ABl-sion-0a18091b3\/"],"telephone":"+33465848884","address":{"@type":"PostalAddress","addressCountry":"FR","addressLocality":"Marseille","postalCode":"13008","streetAddress":"565 avenue du Prado"},"openingHours":["Mo-Th 09:00-19:00","Fr 09:00-16:00"],"hasMap":"https:\/\/maps.app.goo.gl\/wgFyjZZdY3JC98nZA","founder":[{"@type":"Person","name":"Ya\u00ebl Sion","jobTitle":"Avocat","worksFor":{"@id":"https:\/\/sion.beestk.com\/fr\/#organization"},"sameAs":["https:\/\/www.linkedin.com\/in\/ya%C3%ABl-sion-0a18091b3\/"]}],"foundingDate":"2015"},{"@type":"Person","@id":"https:\/\/sion.beestk.com\/fr\/#\/schema\/person\/af6781cee515c982ec0cc7165afd0ec1","name":"Ya\u00ebl Sion","image":{"@type":"ImageObject","inLanguage":"fr-FR","@id":"https:\/\/sion.beestk.com\/fr\/#\/schema\/person\/image\/","url":"https:\/\/secure.gravatar.com\/avatar\/a802dd23cdae5671bd494df17fbc5c2a8d88ff0d303671cee42d52f554533583?s=96&d=mm&r=g","contentUrl":"https:\/\/secure.gravatar.com\/avatar\/a802dd23cdae5671bd494df17fbc5c2a8d88ff0d303671cee42d52f554533583?s=96&d=mm&r=g","caption":"Ya\u00ebl Sion"}}]}},"_links":{"self":[{"href":"https:\/\/sion.beestk.com\/fr\/wp-json\/wp\/v2\/posts\/78","targetHints":{"allow":["GET"]}}],"collection":[{"href":"https:\/\/sion.beestk.com\/fr\/wp-json\/wp\/v2\/posts"}],"about":[{"href":"https:\/\/sion.beestk.com\/fr\/wp-json\/wp\/v2\/types\/post"}],"author":[{"embeddable":true,"href":"https:\/\/sion.beestk.com\/fr\/wp-json\/wp\/v2\/users\/3"}],"replies":[{"embeddable":true,"href":"https:\/\/sion.beestk.com\/fr\/wp-json\/wp\/v2\/comments?post=78"}],"version-history":[{"count":1,"href":"https:\/\/sion.beestk.com\/fr\/wp-json\/wp\/v2\/posts\/78\/revisions"}],"predecessor-version":[{"id":3152,"href":"https:\/\/sion.beestk.com\/fr\/wp-json\/wp\/v2\/posts\/78\/revisions\/3152"}],"wp:featuredmedia":[{"embeddable":true,"href":"https:\/\/sion.beestk.com\/fr\/wp-json\/wp\/v2\/media\/100"}],"wp:attachment":[{"href":"https:\/\/sion.beestk.com\/fr\/wp-json\/wp\/v2\/media?parent=78"}],"wp:term":[{"taxonomy":"category","embeddable":true,"href":"https:\/\/sion.beestk.com\/fr\/wp-json\/wp\/v2\/categories?post=78"},{"taxonomy":"post_tag","embeddable":true,"href":"https:\/\/sion.beestk.com\/fr\/wp-json\/wp\/v2\/tags?post=78"}],"curies":[{"name":"wp","href":"https:\/\/api.w.org\/{rel}","templated":true}]}}