{"id":75,"date":"2024-10-13T17:14:00","date_gmt":"2024-10-13T15:14:00","guid":{"rendered":"https:\/\/sion.beestk.com\/?p=75"},"modified":"2026-02-05T12:48:57","modified_gmt":"2026-02-05T11:48:57","slug":"delai-reponse-droit-administratif-delai-recours","status":"publish","type":"post","link":"https:\/\/sion.beestk.com\/fr\/delai-reponse-droit-administratif-delai-recours\/","title":{"rendered":"Le d\u00e9lai de r\u00e9ponse en droit administratif : comprendre et respecter les d\u00e9lais de recours"},"content":{"rendered":"\n<p><em>En droit administratif, le respect des d\u00e9lais de r\u00e9ponse est crucial pour garantir la bonne marche des recours et proc\u00e9dures. Que ce soit pour un recours gracieux ou un recours devant le tribunal administratif, les d\u00e9lais impartis peuvent conditionner l&rsquo;issue d&rsquo;un litige avec l&rsquo;administration. Dans cet article, nous explorerons les diff\u00e9rents d\u00e9lais de r\u00e9ponse en droit administratif, leur calcul et les cons\u00e9quences de leur non-respect, afin de mieux comprendre comment optimiser vos chances dans un recours administratif.<\/em><\/p>\n\n\n\n<figure class=\"wp-block-image size-full\"><img fetchpriority=\"high\" decoding=\"async\" width=\"640\" height=\"483\" src=\"https:\/\/sion.beestk.com\/wp-content\/uploads\/2025\/12\/delai-reponse-delai-recours-droit-administratif.jpg\" alt=\"\" class=\"wp-image-76\" srcset=\"https:\/\/sion.beestk.com\/wp-content\/uploads\/2025\/12\/delai-reponse-delai-recours-droit-administratif.jpg 640w, https:\/\/sion.beestk.com\/wp-content\/uploads\/2025\/12\/delai-reponse-delai-recours-droit-administratif-300x226.jpg 300w\" sizes=\"(max-width: 640px) 100vw, 640px\" \/><\/figure>\n\n\n\n<h2 class=\"wp-block-heading\">Les types de recours en droit administratif et leurs d\u00e9lais<\/h2>\n\n\n\n<p>Dans le cadre du <a href=\"https:\/\/sion.beestk.com\/fr\/droit-administratif-definition\/\">droit administratif<\/a>, il existe plusieurs types de recours, chacun assorti de d\u00e9lais sp\u00e9cifiques qu\u2019il est important de respecter. Ces d\u00e9lais jouent un r\u00f4le crucial dans la possibilit\u00e9 de contester une d\u00e9cision administrative et d&rsquo;\u00e9viter la forclusion. Les deux recours les plus courants sont le recours gracieux et le recours contentieux devant le tribunal administratif. Chacun d\u2019eux a des r\u00e8gles pr\u00e9cises quant \u00e0 leur d\u00e9lai de r\u00e9ponse et de d\u00e9p\u00f4t.<\/p>\n\n\n\n<h3 class=\"wp-block-heading\">Le recours gracieux et son d\u00e9lai<\/h3>\n\n\n\n<p>Le recours gracieux est une demande adress\u00e9e \u00e0 l\u2019administration pour qu\u2019elle reconsid\u00e8re une d\u00e9cision d\u00e9favorable. Il est utilis\u00e9 pour \u00e9viter un contentieux en obtenant un r\u00e9examen \u00e0 l\u2019amiable. En g\u00e9n\u00e9ral, l\u2019administration dispose d\u2019un d\u00e9lai de deux mois pour r\u00e9pondre. Pass\u00e9 ce d\u00e9lai, l&rsquo;absence de r\u00e9ponse peut \u00eatre interpr\u00e9t\u00e9e comme un refus implicite. Il est important d\u2019agir rapidement, car si l&rsquo;administration refuse, vous disposez d&rsquo;un nouveau d\u00e9lai pour d\u00e9poser un recours contentieux.<\/p>\n\n\n\n<h3 class=\"wp-block-heading\">Le recours contentieux devant le tribunal administratif<\/h3>\n\n\n\n<p>Lorsque le recours gracieux \u00e9choue ou n&rsquo;est pas pertinent, il est possible de se tourner vers le recours contentieux devant le tribunal administratif. Ce recours permet de contester officiellement une d\u00e9cision administrative. Le d\u00e9lai pour introduire un recours contentieux est g\u00e9n\u00e9ralement de deux mois \u00e0 compter de la notification de la d\u00e9cision. Toutefois, la dur\u00e9e des proc\u00e9dures devant le tribunal administratif peut varier, et le d\u00e9lai de r\u00e9ponse d\u00e9pend de la complexit\u00e9 du dossier, avec une moyenne d\u2019environ 18 \u00e0 24 mois.<\/p>\n\n\n\n<h2 class=\"wp-block-heading\">Comment se calcule le d\u00e9lai de recours ?<\/h2>\n\n\n\n<p>Le calcul du d\u00e9lai de recours en droit administratif ou en <a href=\"https:\/\/sion.beestk.com\/fr\/qu-est-ce-que-le-droit-public\/\">droit public<\/a> d\u00e9pend de la date de notification ou de publication de la d\u00e9cision administrative. Ce d\u00e9lai, g\u00e9n\u00e9ralement fix\u00e9 \u00e0 deux mois, est encadr\u00e9 par des r\u00e8gles strictes qui d\u00e9terminent quand et comment il commence \u00e0 courir. Il est crucial de bien comprendre les conditions de d\u00e9part de ce d\u00e9lai pour \u00e9viter toute forclusion, c\u2019est-\u00e0-dire la perte du droit de recours apr\u00e8s l&rsquo;expiration du d\u00e9lai imparti.<\/p>\n\n\n\n<h3 class=\"wp-block-heading\">Le point de d\u00e9part du d\u00e9lai de recours<\/h3>\n\n\n\n<p>Le d\u00e9lai de recours commence g\u00e9n\u00e9ralement \u00e0 la date de notification ou de publication de la d\u00e9cision administrative contest\u00e9e. Cela signifie que le point de d\u00e9part est fix\u00e9 soit \u00e0 la r\u00e9ception d\u2019un courrier officiel, soit \u00e0 la publication d\u2019un acte administratif dans un journal officiel. Dans certains cas, lorsque la d\u00e9cision n\u2019est pas notifi\u00e9e correctement, le d\u00e9lai peut \u00eatre prorog\u00e9.<\/p>\n\n\n\n<h3 class=\"wp-block-heading\">Les interruptions ou suspensions du d\u00e9lai<\/h3>\n\n\n\n<p>Dans certaines situations, le d\u00e9lai de recours peut \u00eatre interrompu ou suspendu. Par exemple, le d\u00e9p\u00f4t d\u2019un recours gracieux suspend temporairement le d\u00e9lai de recours contentieux, permettant ainsi de gagner du temps pour envisager d\u2019autres actions l\u00e9gales si l\u2019administration ne r\u00e9pond pas favorablement. De m\u00eame, une nouvelle d\u00e9cision administrative ou la modification de la d\u00e9cision initiale peut \u00e9galement entra\u00eener une interruption du d\u00e9lai et un nouveau point de d\u00e9part pour un futur recours.<\/p>\n\n\n\n<h2 class=\"wp-block-heading\">Les cons\u00e9quences du non-respect des d\u00e9lais<\/h2>\n\n\n\n<p>Le non-respect des d\u00e9lais en droit administratif peut entra\u00eener des cons\u00e9quences lourdes, notamment la d\u00e9ch\u00e9ance du droit de recours. Cela signifie que si le recours n\u2019est pas introduit dans le d\u00e9lai imparti, il est consid\u00e9r\u00e9 comme irrecevable et le justiciable perd son droit de contester la d\u00e9cision administrative. Pour cette raison, il est crucial de bien comprendre les r\u00e8gles de calcul des d\u00e9lais afin de ne pas perdre son droit \u00e0 un recours et donc de faire appel \u00e0 un <a href=\"https:\/\/sion.beestk.com\/fr\/pourquoi-avoir-recours-avocat-droit-public\/\">avocat droit public<\/a>.<\/p>\n\n\n\n<h3 class=\"wp-block-heading\">D\u00e9ch\u00e9ance du droit de recours<\/h3>\n\n\n\n<p>Lorsque le d\u00e9lai de recours expire, le justiciable se trouve dans l\u2019incapacit\u00e9 l\u00e9gale de contester la d\u00e9cision administrative. Cela peut arriver lorsqu\u2019un recours contentieux est introduit apr\u00e8s la fin du d\u00e9lai de deux mois, sauf exceptions. Dans ce cas, la d\u00e9cision de l\u2019administration devient d\u00e9finitive, et tout recours ult\u00e9rieur sera rejet\u00e9 pour forclusion.<\/p>\n\n\n\n<h3 class=\"wp-block-heading\">Responsabilit\u00e9 de l\u2019administration en cas de retard de r\u00e9ponse<\/h3>\n\n\n\n<p>En droit administratif, il existe un principe selon lequel l&rsquo;absence de r\u00e9ponse de l&rsquo;administration dans les d\u00e9lais peut \u00eatre interpr\u00e9t\u00e9e comme un refus implicite. Cependant, dans certains cas, le silence peut aussi valoir acceptation. Ce principe, dit du \u00ab\u00a0silence vaut acceptation\u00a0\u00bb, s\u2019applique principalement pour certaines d\u00e9cisions administratives. Toutefois, en cas de retard manifeste, l\u2019administration peut voir sa responsabilit\u00e9 engag\u00e9e, surtout si ce retard cause un pr\u00e9judice au justiciable.<\/p>\n\n\n\n<h2 class=\"wp-block-heading\">Cas particuliers des d\u00e9lais en droit administratif<\/h2>\n\n\n\n<p>Certains types de contentieux en droit administratif pr\u00e9sentent des d\u00e9lais sp\u00e9cifiques ou r\u00e9duits. Par exemple, dans les recours \u00e9lectoraux ou en mati\u00e8re d\u2019urbanisme, les d\u00e9lais de recours peuvent \u00eatre plus courts que le d\u00e9lai habituel de deux mois. De m\u00eame, les recours concernant les march\u00e9s publics ou les actes relatifs \u00e0 l\u2019environnement ont leurs propres r\u00e8gles de calcul des d\u00e9lais. Il est donc essentiel de conna\u00eetre ces sp\u00e9cificit\u00e9s pour ne pas manquer une opportunit\u00e9 de contestation.<\/p>\n\n\n\n<h3 class=\"wp-block-heading\">Recours dans les contentieux \u00e9lectoraux, urbanisme, march\u00e9s publics<\/h3>\n\n\n\n<p>Dans le cadre des contentieux \u00e9lectoraux, le d\u00e9lai de recours est souvent extr\u00eamement court, parfois quelques jours seulement apr\u00e8s la proclamation des r\u00e9sultats. En mati\u00e8re d\u2019urbanisme, les d\u00e9lais peuvent \u00eatre r\u00e9duits notamment pour les recours li\u00e9s \u00e0 la d\u00e9livrance des permis de construire. Quant aux march\u00e9s publics, ils sont soumis \u00e0 des d\u00e9lais particuliers qui diff\u00e8rent en fonction de la proc\u00e9dure contest\u00e9e.<\/p>\n\n\n\n<h3 class=\"wp-block-heading\">Les d\u00e9lais r\u00e9duits pour les mesures d\u2019urgence<\/h3>\n\n\n\n<p>Dans certaines situations d\u2019urgence, les d\u00e9lais de recours peuvent \u00eatre consid\u00e9rablement r\u00e9duits. C\u2019est notamment le cas dans les proc\u00e9dures de suspension de permis de construire ou pour les mesures li\u00e9es \u00e0 des situations mettant en p\u00e9ril la s\u00e9curit\u00e9 publique. Ces recours doivent \u00eatre introduits rapidement, parfois en seulement quelques jours, pour \u00e9viter que la d\u00e9cision contest\u00e9e ne produise des effets irr\u00e9versibles. Ces d\u00e9lais courts exigent une r\u00e9activit\u00e9 accrue de la part des justiciables et de leurs avocats.<\/p>\n\n\n\n<p><\/p>\n\n\n\n<p>Le respect des d\u00e9lais en droit administratif est essentiel pour garantir la recevabilit\u00e9 d\u2019un recours et maximiser les chances de succ\u00e8s face \u00e0 une d\u00e9cision administrative. Qu&rsquo;il s&rsquo;agisse de recours gracieux, contentieux, ou de proc\u00e9dures d\u2019urgence, chaque type de recours est encadr\u00e9 par des d\u00e9lais stricts. Il est donc recommand\u00e9 de consulter un <a href=\"https:\/\/sion.beestk.com\/fr\/nos-expertises\/droit-administratif\/\">avocat sp\u00e9cialis\u00e9 en droit administratif<\/a> pour s&rsquo;assurer que ces d\u00e9lais sont respect\u00e9s et \u00e9viter toute forclusion. Une bonne ma\u00eetrise de ces d\u00e9lais est un atout majeur dans la d\u00e9fense des droits face \u00e0 l&rsquo;administration. N&rsquo;h\u00e9sitez pas \u00e0 <a href=\"https:\/\/sion.beestk.com\/fr\/contact\/\">contacter le Cabinet Sion Avocat<\/a> pour tout besoin li\u00e9 au droit administratif ou au droit public !<\/p>\n\n\n\n<p><\/p>\n","protected":false},"excerpt":{"rendered":"<p>En droit administratif, le respect des d\u00e9lais de r\u00e9ponse est crucial pour garantir la bonne marche des recours et proc\u00e9dures. Que ce soit pour un recours gracieux ou un recours devant le tribunal administratif, les d\u00e9lais impartis peuvent conditionner l&rsquo;issue d&rsquo;un litige avec l&rsquo;administration. Dans cet article, nous explorerons les diff\u00e9rents d\u00e9lais de r\u00e9ponse en [&hellip;]<\/p>\n","protected":false},"author":3,"featured_media":103,"comment_status":"open","ping_status":"open","sticky":false,"template":"","format":"standard","meta":{"_acf_changed":false,"footnotes":""},"categories":[9],"tags":[],"class_list":["post-75","post","type-post","status-publish","format-standard","has-post-thumbnail","hentry","category-droit-administratif"],"acf":[],"yoast_head":"<!-- This site is optimized with the Yoast SEO plugin v26.8 - https:\/\/yoast.com\/product\/yoast-seo-wordpress\/ -->\n<title>D\u00e9lai de r\u00e9ponse en droit administratif : r\u00e8gles et recours<\/title>\n<meta name=\"description\" content=\"Tout savoir sur le d\u00e9lai de r\u00e9ponse en droit administratif : calcul, recours gracieux et contentieux, et cons\u00e9quences du non-respect des d\u00e9lais.\" \/>\n<meta name=\"robots\" content=\"noindex, follow, max-snippet:-1, max-image-preview:large, max-video-preview:-1\" \/>\n<meta property=\"og:locale\" content=\"fr_FR\" \/>\n<meta property=\"og:type\" content=\"article\" \/>\n<meta property=\"og:title\" content=\"D\u00e9lai de r\u00e9ponse en droit administratif : r\u00e8gles et recours\" \/>\n<meta property=\"og:description\" content=\"Tout savoir sur le d\u00e9lai de r\u00e9ponse en droit administratif : calcul, recours gracieux et contentieux, et cons\u00e9quences du non-respect des d\u00e9lais.\" \/>\n<meta property=\"og:url\" content=\"https:\/\/sion.beestk.com\/fr\/delai-reponse-droit-administratif-delai-recours\/\" \/>\n<meta property=\"og:site_name\" content=\"Sion Avocat\" \/>\n<meta property=\"article:publisher\" content=\"https:\/\/maps.app.goo.gl\/wgFyjZZdY3JC98nZA\" \/>\n<meta property=\"article:published_time\" content=\"2024-10-13T15:14:00+00:00\" \/>\n<meta property=\"article:modified_time\" content=\"2026-02-05T11:48:57+00:00\" \/>\n<meta property=\"og:image\" content=\"https:\/\/sion.beestk.com\/wp-content\/uploads\/2022\/04\/cover_delai-reponse-delai-recours-droit-administratif.jpg\" \/>\n\t<meta property=\"og:image:width\" content=\"1200\" \/>\n\t<meta property=\"og:image:height\" content=\"800\" \/>\n\t<meta property=\"og:image:type\" content=\"image\/jpeg\" \/>\n<meta name=\"author\" content=\"Ya\u00ebl Sion\" \/>\n<meta name=\"twitter:card\" content=\"summary_large_image\" \/>\n<meta name=\"twitter:label1\" content=\"\u00c9crit par\" \/>\n\t<meta name=\"twitter:data1\" content=\"Ya\u00ebl Sion\" \/>\n\t<meta name=\"twitter:label2\" content=\"Dur\u00e9e de lecture estim\u00e9e\" \/>\n\t<meta name=\"twitter:data2\" content=\"7 minutes\" \/>\n<script type=\"application\/ld+json\" class=\"yoast-schema-graph\">{\n\t    \"@context\": \"https:\/\/schema.org\",\n\t    \"@graph\": [\n\t        {\n\t            \"@type\": \"Article\",\n\t            \"@id\": \"https:\/\/sion.beestk.com\/fr\/delai-reponse-droit-administratif-delai-recours\/#article\",\n\t            \"isPartOf\": {\n\t                \"@id\": \"https:\/\/sion.beestk.com\/fr\/delai-reponse-droit-administratif-delai-recours\/\"\n\t            },\n\t            \"author\": {\n\t                \"name\": \"Ya\u00ebl Sion\",\n\t                \"@id\": \"https:\/\/sion.beestk.com\/fr\/#\/schema\/person\/af6781cee515c982ec0cc7165afd0ec1\"\n\t            },\n\t            \"headline\": \"Le d\u00e9lai de r\u00e9ponse en droit administratif : comprendre et respecter les d\u00e9lais de recours\",\n\t            \"datePublished\": \"2024-10-13T15:14:00+00:00\",\n\t            \"dateModified\": \"2026-02-05T11:48:57+00:00\",\n\t            \"mainEntityOfPage\": {\n\t                \"@id\": \"https:\/\/sion.beestk.com\/fr\/delai-reponse-droit-administratif-delai-recours\/\"\n\t            },\n\t            \"wordCount\": 1339,\n\t            \"commentCount\": 0,\n\t            \"publisher\": {\n\t                \"@id\": \"https:\/\/sion.beestk.com\/fr\/#organization\"\n\t            },\n\t            \"image\": {\n\t                \"@id\": \"https:\/\/sion.beestk.com\/fr\/delai-reponse-droit-administratif-delai-recours\/#primaryimage\"\n\t            },\n\t            \"thumbnailUrl\": \"https:\/\/sion.beestk.com\/wp-content\/uploads\/2022\/04\/cover_delai-reponse-delai-recours-droit-administratif.jpg\",\n\t            \"articleSection\": [\n\t                \"Droit administratif\"\n\t            ],\n\t            \"inLanguage\": \"fr-FR\",\n\t            \"potentialAction\": [\n\t                {\n\t                    \"@type\": \"CommentAction\",\n\t                    \"name\": \"Comment\",\n\t                    \"target\": [\n\t                        \"https:\/\/sion.beestk.com\/fr\/delai-reponse-droit-administratif-delai-recours\/#respond\"\n\t                    ]\n\t                }\n\t            ]\n\t        },\n\t        {\n\t            \"@type\": \"WebPage\",\n\t            \"@id\": \"https:\/\/sion.beestk.com\/fr\/delai-reponse-droit-administratif-delai-recours\/\",\n\t            \"url\": \"https:\/\/sion.beestk.com\/fr\/delai-reponse-droit-administratif-delai-recours\/\",\n\t            \"name\": \"D\u00e9lai de r\u00e9ponse en droit administratif : r\u00e8gles et recours\",\n\t            \"isPartOf\": {\n\t                \"@id\": \"https:\/\/sion.beestk.com\/fr\/#website\"\n\t            },\n\t            \"primaryImageOfPage\": {\n\t                \"@id\": \"https:\/\/sion.beestk.com\/fr\/delai-reponse-droit-administratif-delai-recours\/#primaryimage\"\n\t            },\n\t            \"image\": {\n\t                \"@id\": \"https:\/\/sion.beestk.com\/fr\/delai-reponse-droit-administratif-delai-recours\/#primaryimage\"\n\t            },\n\t            \"thumbnailUrl\": \"https:\/\/sion.beestk.com\/wp-content\/uploads\/2022\/04\/cover_delai-reponse-delai-recours-droit-administratif.jpg\",\n\t            \"datePublished\": \"2024-10-13T15:14:00+00:00\",\n\t            \"dateModified\": \"2026-02-05T11:48:57+00:00\",\n\t            \"description\": \"Tout savoir sur le d\u00e9lai de r\u00e9ponse en droit administratif : calcul, recours gracieux et contentieux, et cons\u00e9quences du non-respect des d\u00e9lais.\",\n\t            \"breadcrumb\": {\n\t                \"@id\": \"https:\/\/sion.beestk.com\/fr\/delai-reponse-droit-administratif-delai-recours\/#breadcrumb\"\n\t            },\n\t            \"inLanguage\": \"fr-FR\",\n\t            \"potentialAction\": [\n\t                {\n\t                    \"@type\": \"ReadAction\",\n\t                    \"target\": [\n\t                        \"https:\/\/sion.beestk.com\/fr\/delai-reponse-droit-administratif-delai-recours\/\"\n\t                    ]\n\t                }\n\t            ]\n\t        },\n\t        {\n\t            \"@type\": \"ImageObject\",\n\t            \"inLanguage\": \"fr-FR\",\n\t            \"@id\": \"https:\/\/sion.beestk.com\/fr\/delai-reponse-droit-administratif-delai-recours\/#primaryimage\",\n\t            \"url\": \"https:\/\/sion.beestk.com\/wp-content\/uploads\/2022\/04\/cover_delai-reponse-delai-recours-droit-administratif.jpg\",\n\t            \"contentUrl\": \"https:\/\/sion.beestk.com\/wp-content\/uploads\/2022\/04\/cover_delai-reponse-delai-recours-droit-administratif.jpg\",\n\t            \"width\": 1200,\n\t            \"height\": 800\n\t        },\n\t        {\n\t            \"@type\": \"BreadcrumbList\",\n\t            \"@id\": \"https:\/\/sion.beestk.com\/fr\/delai-reponse-droit-administratif-delai-recours\/#breadcrumb\",\n\t            \"itemListElement\": [\n\t                {\n\t                    \"@type\": \"ListItem\",\n\t                    \"position\": 1,\n\t                    \"name\": \"Accueil\",\n\t                    \"item\": \"https:\/\/sion.beestk.com\/fr\/\"\n\t                },\n\t                {\n\t                    \"@type\": \"ListItem\",\n\t                    \"position\": 2,\n\t                    \"name\": \"Ressources\",\n\t                    \"item\": \"https:\/\/sion.beestk.com\/fr\/ressources\/\"\n\t                },\n\t                {\n\t                    \"@type\": \"ListItem\",\n\t                    \"position\": 3,\n\t                    \"name\": \"Actualit\u00e9s juridiques\",\n\t                    \"item\": \"https:\/\/sion.beestk.com\/fr\/ressources\/actualites-juridiques\/\"\n\t                },\n\t                {\n\t                    \"@type\": \"ListItem\",\n\t                    \"position\": 4,\n\t                    \"name\": \"Droit administratif\",\n\t                    \"item\": \"https:\/\/sion.beestk.com\/fr\/ressources\/actualites-juridiques\/droit-administratif\/\"\n\t                },\n\t                {\n\t                    \"@type\": \"ListItem\",\n\t                    \"position\": 5,\n\t                    \"name\": \"Le d\u00e9lai de r\u00e9ponse en droit administratif : comprendre et respecter les d\u00e9lais de recours\"\n\t                }\n\t            ]\n\t        },\n\t        {\n\t            \"@type\": \"WebSite\",\n\t            \"@id\": \"https:\/\/sion.beestk.com\/fr\/#website\",\n\t            \"url\": \"https:\/\/sion.beestk.com\/fr\/\",\n\t            \"name\": \"Cabinet Ya\u00ebl Sion & ASSOCI\u00c9S\",\n\t            \"description\": \"\",\n\t            \"publisher\": {\n\t                \"@id\": \"https:\/\/sion.beestk.com\/fr\/#organization\"\n\t            },\n\t            \"potentialAction\": [\n\t                {\n\t                    \"@type\": \"SearchAction\",\n\t                    \"target\": {\n\t                        \"@type\": \"EntryPoint\",\n\t                        \"urlTemplate\": \"https:\/\/sion.beestk.com\/fr\/?s={search_term_string}\"\n\t                    },\n\t                    \"query-input\": {\n\t                        \"@type\": \"PropertyValueSpecification\",\n\t                        \"valueRequired\": true,\n\t                        \"valueName\": \"search_term_string\"\n\t                    }\n\t                }\n\t            ],\n\t            \"inLanguage\": \"fr-FR\"\n\t        },\n\t        {\n\t            \"@type\": [\n\t                \"Organization\",\n\t                \"LocalBusiness\",\n\t                \"LegalService\"\n\t            ],\n\t            \"@id\": \"https:\/\/sion.beestk.com\/fr\/#organization\",\n\t            \"name\": \"Cabinet Ya\u00ebl Sion & ASSOCI\u00c9S\",\n\t            \"url\": \"https:\/\/sion.beestk.com\/fr\/\",\n\t            \"logo\": {\n\t                \"@type\": \"ImageObject\",\n\t                \"inLanguage\": \"fr-FR\",\n\t                \"@id\": \"https:\/\/sion.beestk.com\/fr\/#\/schema\/logo\/image\/\",\n\t                \"url\": \"https:\/\/sion.beestk.com\/wp-content\/uploads\/2025\/12\/logo.png\",\n\t                \"contentUrl\": \"https:\/\/sion.beestk.com\/wp-content\/uploads\/2025\/12\/logo.png\",\n\t                \"width\": 150,\n\t                \"height\": 72,\n\t                \"caption\": \"Cabinet Ya\u00ebl Sion & ASSOCI\u00c9S\"\n\t            },\n\t            \"image\": {\n\t                \"@id\": \"https:\/\/sion.beestk.com\/fr\/#\/schema\/logo\/image\/\"\n\t            },\n\t            \"sameAs\": [\n\t                \"https:\/\/maps.app.goo.gl\/wgFyjZZdY3JC98nZA\",\n\t                \"https:\/\/www.linkedin.com\/in\/ya%C3%ABl-sion-0a18091b3\/\"\n\t            ],\n\t            \"telephone\": \"+33465848884\",\n\t            \"address\": {\n\t                \"@type\": \"PostalAddress\",\n\t                \"addressCountry\": \"FR\",\n\t                \"addressLocality\": \"Marseille\",\n\t                \"postalCode\": \"13008\",\n\t                \"streetAddress\": \"565 avenue du Prado\"\n\t            },\n\t            \"openingHours\": [\n\t                \"Mo-Th 09:00-19:00\",\n\t                \"Fr 09:00-16:00\"\n\t            ],\n\t            \"hasMap\": \"https:\/\/maps.app.goo.gl\/wgFyjZZdY3JC98nZA\",\n\t            \"founder\": [\n\t                {\n\t                    \"@type\": \"Person\",\n\t                    \"name\": \"Ya\u00ebl Sion\",\n\t                    \"jobTitle\": \"Avocat\",\n\t                    \"worksFor\": {\n\t                        \"@id\": \"https:\/\/sion.beestk.com\/fr\/#organization\"\n\t                    },\n\t                    \"sameAs\": [\n\t                        \"https:\/\/www.linkedin.com\/in\/ya%C3%ABl-sion-0a18091b3\/\"\n\t                    ]\n\t                }\n\t            ],\n\t            \"foundingDate\": \"2015\"\n\t        },\n\t        {\n\t            \"@type\": \"Person\",\n\t            \"@id\": \"https:\/\/sion.beestk.com\/fr\/#\/schema\/person\/af6781cee515c982ec0cc7165afd0ec1\",\n\t            \"name\": \"Ya\u00ebl Sion\",\n\t            \"image\": {\n\t                \"@type\": \"ImageObject\",\n\t                \"inLanguage\": \"fr-FR\",\n\t                \"@id\": \"https:\/\/sion.beestk.com\/fr\/#\/schema\/person\/image\/\",\n\t                \"url\": \"https:\/\/secure.gravatar.com\/avatar\/a802dd23cdae5671bd494df17fbc5c2a8d88ff0d303671cee42d52f554533583?s=96&d=mm&r=g\",\n\t                \"contentUrl\": \"https:\/\/secure.gravatar.com\/avatar\/a802dd23cdae5671bd494df17fbc5c2a8d88ff0d303671cee42d52f554533583?s=96&d=mm&r=g\",\n\t                \"caption\": \"Ya\u00ebl Sion\"\n\t            }\n\t        }\n\t    ]\n\t}<\/script>\n<!-- \/ Yoast SEO plugin. -->","yoast_head_json":{"title":"D\u00e9lai de r\u00e9ponse en droit administratif : r\u00e8gles et recours","description":"Tout savoir sur le d\u00e9lai de r\u00e9ponse en droit administratif : calcul, recours gracieux et contentieux, et cons\u00e9quences du non-respect des d\u00e9lais.","robots":{"index":"noindex","follow":"follow","max-snippet":"max-snippet:-1","max-image-preview":"max-image-preview:large","max-video-preview":"max-video-preview:-1"},"og_locale":"fr_FR","og_type":"article","og_title":"D\u00e9lai de r\u00e9ponse en droit administratif : r\u00e8gles et recours","og_description":"Tout savoir sur le d\u00e9lai de r\u00e9ponse en droit administratif : calcul, recours gracieux et contentieux, et cons\u00e9quences du non-respect des d\u00e9lais.","og_url":"https:\/\/sion.beestk.com\/fr\/delai-reponse-droit-administratif-delai-recours\/","og_site_name":"Sion Avocat","article_publisher":"https:\/\/maps.app.goo.gl\/wgFyjZZdY3JC98nZA","article_published_time":"2024-10-13T15:14:00+00:00","article_modified_time":"2026-02-05T11:48:57+00:00","og_image":[{"width":1200,"height":800,"url":"https:\/\/sion.beestk.com\/wp-content\/uploads\/2022\/04\/cover_delai-reponse-delai-recours-droit-administratif.jpg","type":"image\/jpeg"}],"author":"Ya\u00ebl Sion","twitter_card":"summary_large_image","twitter_misc":{"\u00c9crit par":"Ya\u00ebl Sion","Dur\u00e9e de lecture estim\u00e9e":"7 minutes"},"schema":{"@context":"https:\/\/schema.org","@graph":[{"@type":"Article","@id":"https:\/\/sion.beestk.com\/fr\/delai-reponse-droit-administratif-delai-recours\/#article","isPartOf":{"@id":"https:\/\/sion.beestk.com\/fr\/delai-reponse-droit-administratif-delai-recours\/"},"author":{"name":"Ya\u00ebl Sion","@id":"https:\/\/sion.beestk.com\/fr\/#\/schema\/person\/af6781cee515c982ec0cc7165afd0ec1"},"headline":"Le d\u00e9lai de r\u00e9ponse en droit administratif : comprendre et respecter les d\u00e9lais de recours","datePublished":"2024-10-13T15:14:00+00:00","dateModified":"2026-02-05T11:48:57+00:00","mainEntityOfPage":{"@id":"https:\/\/sion.beestk.com\/fr\/delai-reponse-droit-administratif-delai-recours\/"},"wordCount":1339,"commentCount":0,"publisher":{"@id":"https:\/\/sion.beestk.com\/fr\/#organization"},"image":{"@id":"https:\/\/sion.beestk.com\/fr\/delai-reponse-droit-administratif-delai-recours\/#primaryimage"},"thumbnailUrl":"https:\/\/sion.beestk.com\/wp-content\/uploads\/2022\/04\/cover_delai-reponse-delai-recours-droit-administratif.jpg","articleSection":["Droit administratif"],"inLanguage":"fr-FR","potentialAction":[{"@type":"CommentAction","name":"Comment","target":["https:\/\/sion.beestk.com\/fr\/delai-reponse-droit-administratif-delai-recours\/#respond"]}]},{"@type":"WebPage","@id":"https:\/\/sion.beestk.com\/fr\/delai-reponse-droit-administratif-delai-recours\/","url":"https:\/\/sion.beestk.com\/fr\/delai-reponse-droit-administratif-delai-recours\/","name":"D\u00e9lai de r\u00e9ponse en droit administratif : r\u00e8gles et recours","isPartOf":{"@id":"https:\/\/sion.beestk.com\/fr\/#website"},"primaryImageOfPage":{"@id":"https:\/\/sion.beestk.com\/fr\/delai-reponse-droit-administratif-delai-recours\/#primaryimage"},"image":{"@id":"https:\/\/sion.beestk.com\/fr\/delai-reponse-droit-administratif-delai-recours\/#primaryimage"},"thumbnailUrl":"https:\/\/sion.beestk.com\/wp-content\/uploads\/2022\/04\/cover_delai-reponse-delai-recours-droit-administratif.jpg","datePublished":"2024-10-13T15:14:00+00:00","dateModified":"2026-02-05T11:48:57+00:00","description":"Tout savoir sur le d\u00e9lai de r\u00e9ponse en droit administratif : calcul, recours gracieux et contentieux, et cons\u00e9quences du non-respect des d\u00e9lais.","breadcrumb":{"@id":"https:\/\/sion.beestk.com\/fr\/delai-reponse-droit-administratif-delai-recours\/#breadcrumb"},"inLanguage":"fr-FR","potentialAction":[{"@type":"ReadAction","target":["https:\/\/sion.beestk.com\/fr\/delai-reponse-droit-administratif-delai-recours\/"]}]},{"@type":"ImageObject","inLanguage":"fr-FR","@id":"https:\/\/sion.beestk.com\/fr\/delai-reponse-droit-administratif-delai-recours\/#primaryimage","url":"https:\/\/sion.beestk.com\/wp-content\/uploads\/2022\/04\/cover_delai-reponse-delai-recours-droit-administratif.jpg","contentUrl":"https:\/\/sion.beestk.com\/wp-content\/uploads\/2022\/04\/cover_delai-reponse-delai-recours-droit-administratif.jpg","width":1200,"height":800},{"@type":"BreadcrumbList","@id":"https:\/\/sion.beestk.com\/fr\/delai-reponse-droit-administratif-delai-recours\/#breadcrumb","itemListElement":[{"@type":"ListItem","position":1,"name":"Accueil","item":"https:\/\/sion.beestk.com\/fr\/"},{"@type":"ListItem","position":2,"name":"Ressources","item":"https:\/\/sion.beestk.com\/fr\/ressources\/"},{"@type":"ListItem","position":3,"name":"Actualit\u00e9s juridiques","item":"https:\/\/sion.beestk.com\/fr\/ressources\/actualites-juridiques\/"},{"@type":"ListItem","position":4,"name":"Droit administratif","item":"https:\/\/sion.beestk.com\/fr\/ressources\/actualites-juridiques\/droit-administratif\/"},{"@type":"ListItem","position":5,"name":"Le d\u00e9lai de r\u00e9ponse en droit administratif : comprendre et respecter les d\u00e9lais de recours"}]},{"@type":"WebSite","@id":"https:\/\/sion.beestk.com\/fr\/#website","url":"https:\/\/sion.beestk.com\/fr\/","name":"Cabinet Ya\u00ebl Sion & ASSOCI\u00c9S","description":"","publisher":{"@id":"https:\/\/sion.beestk.com\/fr\/#organization"},"potentialAction":[{"@type":"SearchAction","target":{"@type":"EntryPoint","urlTemplate":"https:\/\/sion.beestk.com\/fr\/?s={search_term_string}"},"query-input":{"@type":"PropertyValueSpecification","valueRequired":true,"valueName":"search_term_string"}}],"inLanguage":"fr-FR"},{"@type":["Organization","LocalBusiness","LegalService"],"@id":"https:\/\/sion.beestk.com\/fr\/#organization","name":"Cabinet Ya\u00ebl Sion & ASSOCI\u00c9S","url":"https:\/\/sion.beestk.com\/fr\/","logo":{"@type":"ImageObject","inLanguage":"fr-FR","@id":"https:\/\/sion.beestk.com\/fr\/#\/schema\/logo\/image\/","url":"https:\/\/sion.beestk.com\/wp-content\/uploads\/2025\/12\/logo.png","contentUrl":"https:\/\/sion.beestk.com\/wp-content\/uploads\/2025\/12\/logo.png","width":150,"height":72,"caption":"Cabinet Ya\u00ebl Sion & ASSOCI\u00c9S"},"image":{"@id":"https:\/\/sion.beestk.com\/fr\/#\/schema\/logo\/image\/"},"sameAs":["https:\/\/maps.app.goo.gl\/wgFyjZZdY3JC98nZA","https:\/\/www.linkedin.com\/in\/ya%C3%ABl-sion-0a18091b3\/"],"telephone":"+33465848884","address":{"@type":"PostalAddress","addressCountry":"FR","addressLocality":"Marseille","postalCode":"13008","streetAddress":"565 avenue du Prado"},"openingHours":["Mo-Th 09:00-19:00","Fr 09:00-16:00"],"hasMap":"https:\/\/maps.app.goo.gl\/wgFyjZZdY3JC98nZA","founder":[{"@type":"Person","name":"Ya\u00ebl Sion","jobTitle":"Avocat","worksFor":{"@id":"https:\/\/sion.beestk.com\/fr\/#organization"},"sameAs":["https:\/\/www.linkedin.com\/in\/ya%C3%ABl-sion-0a18091b3\/"]}],"foundingDate":"2015"},{"@type":"Person","@id":"https:\/\/sion.beestk.com\/fr\/#\/schema\/person\/af6781cee515c982ec0cc7165afd0ec1","name":"Ya\u00ebl Sion","image":{"@type":"ImageObject","inLanguage":"fr-FR","@id":"https:\/\/sion.beestk.com\/fr\/#\/schema\/person\/image\/","url":"https:\/\/secure.gravatar.com\/avatar\/a802dd23cdae5671bd494df17fbc5c2a8d88ff0d303671cee42d52f554533583?s=96&d=mm&r=g","contentUrl":"https:\/\/secure.gravatar.com\/avatar\/a802dd23cdae5671bd494df17fbc5c2a8d88ff0d303671cee42d52f554533583?s=96&d=mm&r=g","caption":"Ya\u00ebl Sion"}}]}},"_links":{"self":[{"href":"https:\/\/sion.beestk.com\/fr\/wp-json\/wp\/v2\/posts\/75","targetHints":{"allow":["GET"]}}],"collection":[{"href":"https:\/\/sion.beestk.com\/fr\/wp-json\/wp\/v2\/posts"}],"about":[{"href":"https:\/\/sion.beestk.com\/fr\/wp-json\/wp\/v2\/types\/post"}],"author":[{"embeddable":true,"href":"https:\/\/sion.beestk.com\/fr\/wp-json\/wp\/v2\/users\/3"}],"replies":[{"embeddable":true,"href":"https:\/\/sion.beestk.com\/fr\/wp-json\/wp\/v2\/comments?post=75"}],"version-history":[{"count":1,"href":"https:\/\/sion.beestk.com\/fr\/wp-json\/wp\/v2\/posts\/75\/revisions"}],"predecessor-version":[{"id":3151,"href":"https:\/\/sion.beestk.com\/fr\/wp-json\/wp\/v2\/posts\/75\/revisions\/3151"}],"wp:featuredmedia":[{"embeddable":true,"href":"https:\/\/sion.beestk.com\/fr\/wp-json\/wp\/v2\/media\/103"}],"wp:attachment":[{"href":"https:\/\/sion.beestk.com\/fr\/wp-json\/wp\/v2\/media?parent=75"}],"wp:term":[{"taxonomy":"category","embeddable":true,"href":"https:\/\/sion.beestk.com\/fr\/wp-json\/wp\/v2\/categories?post=75"},{"taxonomy":"post_tag","embeddable":true,"href":"https:\/\/sion.beestk.com\/fr\/wp-json\/wp\/v2\/tags?post=75"}],"curies":[{"name":"wp","href":"https:\/\/api.w.org\/{rel}","templated":true}]}}