{"id":63,"date":"2024-05-08T17:09:00","date_gmt":"2024-05-08T15:09:00","guid":{"rendered":"https:\/\/sion.beestk.com\/?p=63"},"modified":"2026-02-05T12:48:57","modified_gmt":"2026-02-05T11:48:57","slug":"droit-des-affaires-marseille","status":"publish","type":"post","link":"https:\/\/sion.beestk.com\/fr\/droit-des-affaires-marseille\/","title":{"rendered":"Droit des affaires \u00e0 Marseille : guide complet pour les entreprises"},"content":{"rendered":"\n<p><em>Le droit des affaires est crucial pour toute entreprise, notamment \u00e0 Marseille, une ville dynamique avec une \u00e9conomie en pleine croissance. Cet article vous propose un guide complet des aspects essentiels du droit des affaires, avec un focus particulier sur la gestion de la fin de bail commercial, ainsi que l&rsquo;importance d&rsquo;un avocat sp\u00e9cialis\u00e9 pour s\u00e9curiser vos transactions commerciales et optimiser votre strat\u00e9gie juridique.<\/em><\/p>\n\n\n\n<figure class=\"wp-block-image size-full\"><img fetchpriority=\"high\" decoding=\"async\" width=\"600\" height=\"600\" src=\"https:\/\/sion.beestk.com\/wp-content\/uploads\/2025\/12\/droit-des-affaires-marseille.png\" alt=\"\" class=\"wp-image-64\" srcset=\"https:\/\/sion.beestk.com\/wp-content\/uploads\/2025\/12\/droit-des-affaires-marseille.png 600w, https:\/\/sion.beestk.com\/wp-content\/uploads\/2025\/12\/droit-des-affaires-marseille-300x300.png 300w, https:\/\/sion.beestk.com\/wp-content\/uploads\/2025\/12\/droit-des-affaires-marseille-150x150.png 150w\" sizes=\"(max-width: 600px) 100vw, 600px\" \/><\/figure>\n\n\n\n<h2 class=\"wp-block-heading\">Fondements du droit des affaires \u00e0 Marseille<\/h2>\n\n\n\n<p>Le droit des affaires regroupe l&rsquo;ensemble des r\u00e8gles r\u00e9gissant les activit\u00e9s commerciales, les transactions et les relations entre les entreprises. Il englobe divers domaines comme le droit des soci\u00e9t\u00e9s, le droit commercial, la gestion des contrats, ainsi que la fiscalit\u00e9 des entreprises et les contentieux commerciaux. \u00c0 Marseille, qui b\u00e9n\u00e9ficie d&rsquo;un environnement \u00e9conomique particuli\u00e8rement dynamique, comprendre le droit des affaires est indispensable pour se d\u00e9velopper. Que vous soyez une start-up, une PME ou une grande entreprise, il est essentiel de se conformer aux r\u00e9gulations locales et nationales. En tant que centre \u00e9conomique important, la ville abrite de nombreux secteurs d\u2019activit\u00e9, comme la logistique, le secteur touristique, ou encore la p\u00eache et la culture, n\u00e9cessitant un cadre juridique sp\u00e9cifique.<\/p>\n\n\n\n<h2 class=\"wp-block-heading\">Le r\u00f4le crucial de l&rsquo;avocat en droit des affaires \u00e0 Marseille<\/h2>\n\n\n\n<h3 class=\"wp-block-heading\">Conseils juridiques strat\u00e9giques pour les entreprises<\/h3>\n\n\n\n<p>Un avocat fiscaliste Marseille est indispensable pour prot\u00e9ger les int\u00e9r\u00eats d&rsquo;une entreprise. Que vous soyez un professionnel du secteur du tourisme, du commerce ou de la logistique, il vous fournira des conseils juridiques strat\u00e9giques adapt\u00e9s \u00e0 votre secteur. Son r\u00f4le est de vous assurer que votre entreprise se conforme aux normes locales tout en optimisant vos op\u00e9rations commerciales, notamment \u00e0 travers des solutions sur mesure concernant la gestion des risques juridiques et des transactions commerciales.<\/p>\n\n\n\n<h3 class=\"wp-block-heading\">Repr\u00e9sentation l\u00e9gale dans les litiges commerciaux<\/h3>\n\n\n\n<p>En cas de litiges commerciaux, un avocat sp\u00e9cialis\u00e9 dans le droit des affaires \u00e0 Marseille vous repr\u00e9sentera devant les tribunaux. Que ce soit pour des diff\u00e9rends contractuels, des probl\u00e8mes de propri\u00e9t\u00e9 intellectuelle, ou des conflits li\u00e9s \u00e0 des transactions commerciales, un avocat exp\u00e9riment\u00e9 saura d\u00e9fendre vos int\u00e9r\u00eats avec expertise et efficacit\u00e9. Les litiges commerciaux sont souvent complexes, et un avocat comp\u00e9tent peut vous accompagner dans la gestion de ces situations afin de pr\u00e9server la p\u00e9rennit\u00e9 de votre entreprise.<\/p>\n\n\n\n<h2 class=\"wp-block-heading\">Comprendre la fin de bail commercial \u00e0 Marseille<\/h2>\n\n\n\n<p>La fin d\u2019un bail commercial \u00e0 Marseille peut \u00eatre un moment d\u00e9licat pour les entreprises. La gestion de la fin d\u2019un bail n\u00e9cessite une attention particuli\u00e8re, en particulier dans une ville o\u00f9 les espaces commerciaux sont pris\u00e9s. Les proc\u00e9dures de r\u00e9siliation et les implications financi\u00e8res qui en d\u00e9coulent doivent \u00eatre prises en compte avec soin pour \u00e9viter des cons\u00e9quences d\u00e9sagr\u00e9ables.<\/p>\n\n\n\n<h3 class=\"wp-block-heading\">N\u00e9gociation des termes de fin de bail<\/h3>\n\n\n\n<p>Un avocat sp\u00e9cialis\u00e9 peut intervenir pour n\u00e9gocier les termes de la fin de bail commercial, prot\u00e9geant ainsi les droits des locataires ou des bailleurs. Il est essentiel d\u2019assurer la bonne gestion de la r\u00e9siliation afin d\u2019\u00e9viter des frais inutiles ou des contentieux qui pourraient nuire \u00e0 votre activit\u00e9.<\/p>\n\n\n\n<h2 class=\"wp-block-heading\">Pourquoi consulter un avocat en droit des affaires \u00e0 Marseille ?<\/h2>\n\n\n\n<h3 class=\"wp-block-heading\">Optimisation de la strat\u00e9gie juridique et fiscale<\/h3>\n\n\n\n<p>Un avocat en droit des affaires \u00e0 Marseille aide \u00e0 \u00e9laborer une strat\u00e9gie juridique efficace, optimisant \u00e0 la fois les ressources et les risques pour votre entreprise. Un <a href=\"https:\/\/sion.beestk.com\/fr\/qu-est-ce-qu-un-avocat-fiscaliste\/\">avocat fiscaliste<\/a> exp\u00e9riment\u00e9 peut aussi vous conseiller sur les meilleurs r\u00e9gimes fiscaux, la gestion de vos contrats commerciaux, et la mise en place de solutions fiscales adapt\u00e9es \u00e0 vos projets d\u2019affaires. Cela permet de structurer vos activit\u00e9s de mani\u00e8re \u00e0 minimiser les risques financiers et d&rsquo;optimiser les rendements.<\/p>\n\n\n\n<h3 class=\"wp-block-heading\">S\u00e9curisation des transactions commerciales et des contrats<\/h3>\n\n\n\n<p>Les transactions commerciales \u00e0 Marseille n\u00e9cessitent une vigilance particuli\u00e8re en raison des sp\u00e9cificit\u00e9s \u00e9conomiques locales. Un avocat en droit des affaires vous aidera \u00e0 r\u00e9diger et \u00e0 r\u00e9viser les contrats commerciaux, en vous assurant que vous \u00eates prot\u00e9g\u00e9 contre les risques juridiques et financiers. Que ce soit pour des acquisitions, des partenariats ou des accords de distribution, la s\u00e9curisation juridique est primordiale. Cela permet de pr\u00e9venir les litiges en amont et de garantir des relations commerciales solides et fiables.<\/p>\n\n\n\n<h3 class=\"wp-block-heading\">La gestion des litiges commerciaux<\/h3>\n\n\n\n<p>Les conflits dans le domaine des affaires peuvent avoir des r\u00e9percussions importantes sur la r\u00e9putation et la performance de l&rsquo;entreprise. Un avocat sp\u00e9cialis\u00e9 dans les litiges commerciaux pourra intervenir \u00e0 chaque \u00e9tape du conflit, de la m\u00e9diation \u00e0 la repr\u00e9sentation devant les juridictions comp\u00e9tentes, garantissant ainsi une d\u00e9fense optimale de vos int\u00e9r\u00eats. Parfois, un <a href=\"https:\/\/sion.beestk.com\/fr\/nos-expertises\/droit-des-affaires\/\">avocat en droit des affaires<\/a> pourra \u00e9galement intervenir dans des situations complexes comme par exemple un <a href=\"https:\/\/sion.beestk.com\/fr\/tout-savoir-controle-fiscal-entreprise\/\">contr\u00f4le fiscal<\/a> ou un <a href=\"https:\/\/sion.beestk.com\/fr\/qu-est-ce-qu-un-redressement-fiscal\/\">redressement fiscal<\/a>, afin de prot\u00e9ger les int\u00e9r\u00eats financiers et juridiques de l&rsquo;entreprise.<\/p>\n\n\n\n<h2 class=\"wp-block-heading\">Pourquoi un avocat en droit des affaires \u00e0 Marseille est essentiel<\/h2>\n\n\n\n<p>Le droit des affaires \u00e0 Marseille est un pilier incontournable pour le d\u00e9veloppement de votre entreprise. Qu\u2019il s\u2019agisse de g\u00e9rer la fin d\u2019un bail commercial, de s\u00e9curiser vos transactions commerciales, ou d\u2019optimiser vos d\u00e9marches fiscales, l\u2019assistance d\u2019un avocat sp\u00e9cialis\u00e9 est essentielle pour garantir la croissance et la s\u00e9curit\u00e9 de vos op\u00e9rations dans un environnement \u00e9conomique comp\u00e9titif. Un avocat en droit des affaires vous aide \u00e0 naviguer dans les complexit\u00e9s juridiques et \u00e0 prot\u00e9ger vos int\u00e9r\u00eats dans toutes les \u00e9tapes de la gestion de votre entreprise.<\/p>\n\n\n\n<p>Pour toute assistance juridique en droit des affaires \u00e0 Marseille, <a href=\"https:\/\/sion.beestk.com\/fr\/contact\/\">contactez le Cabinet Sion Avocat<\/a> pour des conseils personnalis\u00e9s et une repr\u00e9sentation juridique efficace.<\/p>\n","protected":false},"excerpt":{"rendered":"<p>Le droit des affaires est crucial pour toute entreprise, notamment \u00e0 Marseille, une ville dynamique avec une \u00e9conomie en pleine croissance. Cet article vous propose un guide complet des aspects essentiels du droit des affaires, avec un focus particulier sur la gestion de la fin de bail commercial, ainsi que l&rsquo;importance d&rsquo;un avocat sp\u00e9cialis\u00e9 pour [&hellip;]<\/p>\n","protected":false},"author":3,"featured_media":104,"comment_status":"open","ping_status":"open","sticky":false,"template":"","format":"standard","meta":{"_acf_changed":false,"footnotes":""},"categories":[6],"tags":[],"class_list":["post-63","post","type-post","status-publish","format-standard","has-post-thumbnail","hentry","category-droit-fiscal-et-douanier"],"acf":[],"yoast_head":"<!-- This site is optimized with the Yoast SEO plugin v26.8 - https:\/\/yoast.com\/product\/yoast-seo-wordpress\/ -->\n<title>Avocat droit des affaires Marseille : conseils pour votre entreprise<\/title>\n<meta name=\"description\" content=\"D\u00e9couvrez les services d&#039;un avocat en droit des affaires \u00e0 Marseille : optimisez votre strat\u00e9gie, s\u00e9curisez vos transactions commerciales et g\u00e9rez efficacement la fin de bail commercial.\" \/>\n<meta name=\"robots\" content=\"noindex, follow, max-snippet:-1, max-image-preview:large, max-video-preview:-1\" \/>\n<meta property=\"og:locale\" content=\"fr_FR\" \/>\n<meta property=\"og:type\" content=\"article\" \/>\n<meta property=\"og:title\" content=\"Avocat droit des affaires Marseille : conseils pour votre entreprise\" \/>\n<meta property=\"og:description\" content=\"D\u00e9couvrez les services d&#039;un avocat en droit des affaires \u00e0 Marseille : optimisez votre strat\u00e9gie, s\u00e9curisez vos transactions commerciales et g\u00e9rez efficacement la fin de bail commercial.\" \/>\n<meta property=\"og:url\" content=\"https:\/\/sion.beestk.com\/fr\/droit-des-affaires-marseille\/\" \/>\n<meta property=\"og:site_name\" content=\"Sion Avocat\" \/>\n<meta property=\"article:publisher\" content=\"https:\/\/maps.app.goo.gl\/wgFyjZZdY3JC98nZA\" \/>\n<meta property=\"article:published_time\" content=\"2024-05-08T15:09:00+00:00\" \/>\n<meta property=\"article:modified_time\" content=\"2026-02-05T11:48:57+00:00\" \/>\n<meta property=\"og:image\" content=\"https:\/\/sion.beestk.com\/wp-content\/uploads\/2022\/04\/cover_droit-des-affaires-marseille.jpg\" \/>\n\t<meta property=\"og:image:width\" content=\"1200\" \/>\n\t<meta property=\"og:image:height\" content=\"800\" \/>\n\t<meta property=\"og:image:type\" content=\"image\/jpeg\" \/>\n<meta name=\"author\" content=\"Ya\u00ebl Sion\" \/>\n<meta name=\"twitter:card\" content=\"summary_large_image\" \/>\n<meta name=\"twitter:label1\" content=\"\u00c9crit par\" \/>\n\t<meta name=\"twitter:data1\" content=\"Ya\u00ebl Sion\" \/>\n\t<meta name=\"twitter:label2\" content=\"Dur\u00e9e de lecture estim\u00e9e\" \/>\n\t<meta name=\"twitter:data2\" content=\"5 minutes\" \/>\n<script type=\"application\/ld+json\" class=\"yoast-schema-graph\">{\n\t    \"@context\": \"https:\/\/schema.org\",\n\t    \"@graph\": [\n\t        {\n\t            \"@type\": \"Article\",\n\t            \"@id\": \"https:\/\/sion.beestk.com\/fr\/droit-des-affaires-marseille\/#article\",\n\t            \"isPartOf\": {\n\t                \"@id\": \"https:\/\/sion.beestk.com\/fr\/droit-des-affaires-marseille\/\"\n\t            },\n\t            \"author\": {\n\t                \"name\": \"Ya\u00ebl Sion\",\n\t                \"@id\": \"https:\/\/sion.beestk.com\/fr\/#\/schema\/person\/af6781cee515c982ec0cc7165afd0ec1\"\n\t            },\n\t            \"headline\": \"Droit des affaires \u00e0 Marseille : guide complet pour les entreprises\",\n\t            \"datePublished\": \"2024-05-08T15:09:00+00:00\",\n\t            \"dateModified\": \"2026-02-05T11:48:57+00:00\",\n\t            \"mainEntityOfPage\": {\n\t                \"@id\": \"https:\/\/sion.beestk.com\/fr\/droit-des-affaires-marseille\/\"\n\t            },\n\t            \"wordCount\": 981,\n\t            \"commentCount\": 0,\n\t            \"publisher\": {\n\t                \"@id\": \"https:\/\/sion.beestk.com\/fr\/#organization\"\n\t            },\n\t            \"image\": {\n\t                \"@id\": \"https:\/\/sion.beestk.com\/fr\/droit-des-affaires-marseille\/#primaryimage\"\n\t            },\n\t            \"thumbnailUrl\": \"https:\/\/sion.beestk.com\/wp-content\/uploads\/2022\/04\/cover_droit-des-affaires-marseille.jpg\",\n\t            \"articleSection\": [\n\t                \"Droit fiscal et douanier\"\n\t            ],\n\t            \"inLanguage\": \"fr-FR\",\n\t            \"potentialAction\": [\n\t                {\n\t                    \"@type\": \"CommentAction\",\n\t                    \"name\": \"Comment\",\n\t                    \"target\": [\n\t                        \"https:\/\/sion.beestk.com\/fr\/droit-des-affaires-marseille\/#respond\"\n\t                    ]\n\t                }\n\t            ]\n\t        },\n\t        {\n\t            \"@type\": \"WebPage\",\n\t            \"@id\": \"https:\/\/sion.beestk.com\/fr\/droit-des-affaires-marseille\/\",\n\t            \"url\": \"https:\/\/sion.beestk.com\/fr\/droit-des-affaires-marseille\/\",\n\t            \"name\": \"Avocat droit des affaires Marseille : conseils pour votre entreprise\",\n\t            \"isPartOf\": {\n\t                \"@id\": \"https:\/\/sion.beestk.com\/fr\/#website\"\n\t            },\n\t            \"primaryImageOfPage\": {\n\t                \"@id\": \"https:\/\/sion.beestk.com\/fr\/droit-des-affaires-marseille\/#primaryimage\"\n\t            },\n\t            \"image\": {\n\t                \"@id\": \"https:\/\/sion.beestk.com\/fr\/droit-des-affaires-marseille\/#primaryimage\"\n\t            },\n\t            \"thumbnailUrl\": \"https:\/\/sion.beestk.com\/wp-content\/uploads\/2022\/04\/cover_droit-des-affaires-marseille.jpg\",\n\t            \"datePublished\": \"2024-05-08T15:09:00+00:00\",\n\t            \"dateModified\": \"2026-02-05T11:48:57+00:00\",\n\t            \"description\": \"D\u00e9couvrez les services d'un avocat en droit des affaires \u00e0 Marseille : optimisez votre strat\u00e9gie, s\u00e9curisez vos transactions commerciales et g\u00e9rez efficacement la fin de bail commercial.\",\n\t            \"breadcrumb\": {\n\t                \"@id\": \"https:\/\/sion.beestk.com\/fr\/droit-des-affaires-marseille\/#breadcrumb\"\n\t            },\n\t            \"inLanguage\": \"fr-FR\",\n\t            \"potentialAction\": [\n\t                {\n\t                    \"@type\": \"ReadAction\",\n\t                    \"target\": [\n\t                        \"https:\/\/sion.beestk.com\/fr\/droit-des-affaires-marseille\/\"\n\t                    ]\n\t                }\n\t            ]\n\t        },\n\t        {\n\t            \"@type\": \"ImageObject\",\n\t            \"inLanguage\": \"fr-FR\",\n\t            \"@id\": \"https:\/\/sion.beestk.com\/fr\/droit-des-affaires-marseille\/#primaryimage\",\n\t            \"url\": \"https:\/\/sion.beestk.com\/wp-content\/uploads\/2022\/04\/cover_droit-des-affaires-marseille.jpg\",\n\t            \"contentUrl\": \"https:\/\/sion.beestk.com\/wp-content\/uploads\/2022\/04\/cover_droit-des-affaires-marseille.jpg\",\n\t            \"width\": 1200,\n\t            \"height\": 800\n\t        },\n\t        {\n\t            \"@type\": \"BreadcrumbList\",\n\t            \"@id\": \"https:\/\/sion.beestk.com\/fr\/droit-des-affaires-marseille\/#breadcrumb\",\n\t            \"itemListElement\": [\n\t                {\n\t                    \"@type\": \"ListItem\",\n\t                    \"position\": 1,\n\t                    \"name\": \"Accueil\",\n\t                    \"item\": \"https:\/\/sion.beestk.com\/fr\/\"\n\t                },\n\t                {\n\t                    \"@type\": \"ListItem\",\n\t                    \"position\": 2,\n\t                    \"name\": \"Ressources\",\n\t                    \"item\": \"https:\/\/sion.beestk.com\/fr\/ressources\/\"\n\t                },\n\t                {\n\t                    \"@type\": \"ListItem\",\n\t                    \"position\": 3,\n\t                    \"name\": \"Actualit\u00e9s juridiques\",\n\t                    \"item\": \"https:\/\/sion.beestk.com\/fr\/ressources\/actualites-juridiques\/\"\n\t                },\n\t                {\n\t                    \"@type\": \"ListItem\",\n\t                    \"position\": 4,\n\t                    \"name\": \"Droit fiscal et douanier\",\n\t                    \"item\": \"https:\/\/sion.beestk.com\/fr\/ressources\/actualites-juridiques\/droit-fiscal-et-douanier\/\"\n\t                },\n\t                {\n\t                    \"@type\": \"ListItem\",\n\t                    \"position\": 5,\n\t                    \"name\": \"Droit des affaires \u00e0 Marseille : guide complet pour les entreprises\"\n\t                }\n\t            ]\n\t        },\n\t        {\n\t            \"@type\": \"WebSite\",\n\t            \"@id\": \"https:\/\/sion.beestk.com\/fr\/#website\",\n\t            \"url\": \"https:\/\/sion.beestk.com\/fr\/\",\n\t            \"name\": \"Cabinet Ya\u00ebl Sion & ASSOCI\u00c9S\",\n\t            \"description\": \"\",\n\t            \"publisher\": {\n\t                \"@id\": \"https:\/\/sion.beestk.com\/fr\/#organization\"\n\t            },\n\t            \"potentialAction\": [\n\t                {\n\t                    \"@type\": \"SearchAction\",\n\t                    \"target\": {\n\t                        \"@type\": \"EntryPoint\",\n\t                        \"urlTemplate\": \"https:\/\/sion.beestk.com\/fr\/?s={search_term_string}\"\n\t                    },\n\t                    \"query-input\": {\n\t                        \"@type\": \"PropertyValueSpecification\",\n\t                        \"valueRequired\": true,\n\t                        \"valueName\": \"search_term_string\"\n\t                    }\n\t                }\n\t            ],\n\t            \"inLanguage\": \"fr-FR\"\n\t        },\n\t        {\n\t            \"@type\": [\n\t                \"Organization\",\n\t                \"LocalBusiness\",\n\t                \"LegalService\"\n\t            ],\n\t            \"@id\": \"https:\/\/sion.beestk.com\/fr\/#organization\",\n\t            \"name\": \"Cabinet Ya\u00ebl Sion & ASSOCI\u00c9S\",\n\t            \"url\": \"https:\/\/sion.beestk.com\/fr\/\",\n\t            \"logo\": {\n\t                \"@type\": \"ImageObject\",\n\t                \"inLanguage\": \"fr-FR\",\n\t                \"@id\": \"https:\/\/sion.beestk.com\/fr\/#\/schema\/logo\/image\/\",\n\t                \"url\": \"https:\/\/sion.beestk.com\/wp-content\/uploads\/2025\/12\/logo.png\",\n\t                \"contentUrl\": \"https:\/\/sion.beestk.com\/wp-content\/uploads\/2025\/12\/logo.png\",\n\t                \"width\": 150,\n\t                \"height\": 72,\n\t                \"caption\": \"Cabinet Ya\u00ebl Sion & ASSOCI\u00c9S\"\n\t            },\n\t            \"image\": {\n\t                \"@id\": \"https:\/\/sion.beestk.com\/fr\/#\/schema\/logo\/image\/\"\n\t            },\n\t            \"sameAs\": [\n\t                \"https:\/\/maps.app.goo.gl\/wgFyjZZdY3JC98nZA\",\n\t                \"https:\/\/www.linkedin.com\/in\/ya%C3%ABl-sion-0a18091b3\/\"\n\t            ],\n\t            \"telephone\": \"+33465848884\",\n\t            \"address\": {\n\t                \"@type\": \"PostalAddress\",\n\t                \"addressCountry\": \"FR\",\n\t                \"addressLocality\": \"Marseille\",\n\t                \"postalCode\": \"13008\",\n\t                \"streetAddress\": \"565 avenue du Prado\"\n\t            },\n\t            \"openingHours\": [\n\t                \"Mo-Th 09:00-19:00\",\n\t                \"Fr 09:00-16:00\"\n\t            ],\n\t            \"hasMap\": \"https:\/\/maps.app.goo.gl\/wgFyjZZdY3JC98nZA\",\n\t            \"founder\": [\n\t                {\n\t                    \"@type\": \"Person\",\n\t                    \"name\": \"Ya\u00ebl Sion\",\n\t                    \"jobTitle\": \"Avocat\",\n\t                    \"worksFor\": {\n\t                        \"@id\": \"https:\/\/sion.beestk.com\/fr\/#organization\"\n\t                    },\n\t                    \"sameAs\": [\n\t                        \"https:\/\/www.linkedin.com\/in\/ya%C3%ABl-sion-0a18091b3\/\"\n\t                    ]\n\t                }\n\t            ],\n\t            \"foundingDate\": \"2015\"\n\t        },\n\t        {\n\t            \"@type\": \"Person\",\n\t            \"@id\": \"https:\/\/sion.beestk.com\/fr\/#\/schema\/person\/af6781cee515c982ec0cc7165afd0ec1\",\n\t            \"name\": \"Ya\u00ebl Sion\",\n\t            \"image\": {\n\t                \"@type\": \"ImageObject\",\n\t                \"inLanguage\": \"fr-FR\",\n\t                \"@id\": \"https:\/\/sion.beestk.com\/fr\/#\/schema\/person\/image\/\",\n\t                \"url\": \"https:\/\/secure.gravatar.com\/avatar\/a802dd23cdae5671bd494df17fbc5c2a8d88ff0d303671cee42d52f554533583?s=96&d=mm&r=g\",\n\t                \"contentUrl\": \"https:\/\/secure.gravatar.com\/avatar\/a802dd23cdae5671bd494df17fbc5c2a8d88ff0d303671cee42d52f554533583?s=96&d=mm&r=g\",\n\t                \"caption\": \"Ya\u00ebl Sion\"\n\t            }\n\t        }\n\t    ]\n\t}<\/script>\n<!-- \/ Yoast SEO plugin. -->","yoast_head_json":{"title":"Avocat droit des affaires Marseille : conseils pour votre entreprise","description":"D\u00e9couvrez les services d'un avocat en droit des affaires \u00e0 Marseille : optimisez votre strat\u00e9gie, s\u00e9curisez vos transactions commerciales et g\u00e9rez efficacement la fin de bail commercial.","robots":{"index":"noindex","follow":"follow","max-snippet":"max-snippet:-1","max-image-preview":"max-image-preview:large","max-video-preview":"max-video-preview:-1"},"og_locale":"fr_FR","og_type":"article","og_title":"Avocat droit des affaires Marseille : conseils pour votre entreprise","og_description":"D\u00e9couvrez les services d'un avocat en droit des affaires \u00e0 Marseille : optimisez votre strat\u00e9gie, s\u00e9curisez vos transactions commerciales et g\u00e9rez efficacement la fin de bail commercial.","og_url":"https:\/\/sion.beestk.com\/fr\/droit-des-affaires-marseille\/","og_site_name":"Sion Avocat","article_publisher":"https:\/\/maps.app.goo.gl\/wgFyjZZdY3JC98nZA","article_published_time":"2024-05-08T15:09:00+00:00","article_modified_time":"2026-02-05T11:48:57+00:00","og_image":[{"width":1200,"height":800,"url":"https:\/\/sion.beestk.com\/wp-content\/uploads\/2022\/04\/cover_droit-des-affaires-marseille.jpg","type":"image\/jpeg"}],"author":"Ya\u00ebl Sion","twitter_card":"summary_large_image","twitter_misc":{"\u00c9crit par":"Ya\u00ebl Sion","Dur\u00e9e de lecture estim\u00e9e":"5 minutes"},"schema":{"@context":"https:\/\/schema.org","@graph":[{"@type":"Article","@id":"https:\/\/sion.beestk.com\/fr\/droit-des-affaires-marseille\/#article","isPartOf":{"@id":"https:\/\/sion.beestk.com\/fr\/droit-des-affaires-marseille\/"},"author":{"name":"Ya\u00ebl Sion","@id":"https:\/\/sion.beestk.com\/fr\/#\/schema\/person\/af6781cee515c982ec0cc7165afd0ec1"},"headline":"Droit des affaires \u00e0 Marseille : guide complet pour les entreprises","datePublished":"2024-05-08T15:09:00+00:00","dateModified":"2026-02-05T11:48:57+00:00","mainEntityOfPage":{"@id":"https:\/\/sion.beestk.com\/fr\/droit-des-affaires-marseille\/"},"wordCount":981,"commentCount":0,"publisher":{"@id":"https:\/\/sion.beestk.com\/fr\/#organization"},"image":{"@id":"https:\/\/sion.beestk.com\/fr\/droit-des-affaires-marseille\/#primaryimage"},"thumbnailUrl":"https:\/\/sion.beestk.com\/wp-content\/uploads\/2022\/04\/cover_droit-des-affaires-marseille.jpg","articleSection":["Droit fiscal et douanier"],"inLanguage":"fr-FR","potentialAction":[{"@type":"CommentAction","name":"Comment","target":["https:\/\/sion.beestk.com\/fr\/droit-des-affaires-marseille\/#respond"]}]},{"@type":"WebPage","@id":"https:\/\/sion.beestk.com\/fr\/droit-des-affaires-marseille\/","url":"https:\/\/sion.beestk.com\/fr\/droit-des-affaires-marseille\/","name":"Avocat droit des affaires Marseille : conseils pour votre entreprise","isPartOf":{"@id":"https:\/\/sion.beestk.com\/fr\/#website"},"primaryImageOfPage":{"@id":"https:\/\/sion.beestk.com\/fr\/droit-des-affaires-marseille\/#primaryimage"},"image":{"@id":"https:\/\/sion.beestk.com\/fr\/droit-des-affaires-marseille\/#primaryimage"},"thumbnailUrl":"https:\/\/sion.beestk.com\/wp-content\/uploads\/2022\/04\/cover_droit-des-affaires-marseille.jpg","datePublished":"2024-05-08T15:09:00+00:00","dateModified":"2026-02-05T11:48:57+00:00","description":"D\u00e9couvrez les services d'un avocat en droit des affaires \u00e0 Marseille : optimisez votre strat\u00e9gie, s\u00e9curisez vos transactions commerciales et g\u00e9rez efficacement la fin de bail commercial.","breadcrumb":{"@id":"https:\/\/sion.beestk.com\/fr\/droit-des-affaires-marseille\/#breadcrumb"},"inLanguage":"fr-FR","potentialAction":[{"@type":"ReadAction","target":["https:\/\/sion.beestk.com\/fr\/droit-des-affaires-marseille\/"]}]},{"@type":"ImageObject","inLanguage":"fr-FR","@id":"https:\/\/sion.beestk.com\/fr\/droit-des-affaires-marseille\/#primaryimage","url":"https:\/\/sion.beestk.com\/wp-content\/uploads\/2022\/04\/cover_droit-des-affaires-marseille.jpg","contentUrl":"https:\/\/sion.beestk.com\/wp-content\/uploads\/2022\/04\/cover_droit-des-affaires-marseille.jpg","width":1200,"height":800},{"@type":"BreadcrumbList","@id":"https:\/\/sion.beestk.com\/fr\/droit-des-affaires-marseille\/#breadcrumb","itemListElement":[{"@type":"ListItem","position":1,"name":"Accueil","item":"https:\/\/sion.beestk.com\/fr\/"},{"@type":"ListItem","position":2,"name":"Ressources","item":"https:\/\/sion.beestk.com\/fr\/ressources\/"},{"@type":"ListItem","position":3,"name":"Actualit\u00e9s juridiques","item":"https:\/\/sion.beestk.com\/fr\/ressources\/actualites-juridiques\/"},{"@type":"ListItem","position":4,"name":"Droit fiscal et douanier","item":"https:\/\/sion.beestk.com\/fr\/ressources\/actualites-juridiques\/droit-fiscal-et-douanier\/"},{"@type":"ListItem","position":5,"name":"Droit des affaires \u00e0 Marseille : guide complet pour les entreprises"}]},{"@type":"WebSite","@id":"https:\/\/sion.beestk.com\/fr\/#website","url":"https:\/\/sion.beestk.com\/fr\/","name":"Cabinet Ya\u00ebl Sion & ASSOCI\u00c9S","description":"","publisher":{"@id":"https:\/\/sion.beestk.com\/fr\/#organization"},"potentialAction":[{"@type":"SearchAction","target":{"@type":"EntryPoint","urlTemplate":"https:\/\/sion.beestk.com\/fr\/?s={search_term_string}"},"query-input":{"@type":"PropertyValueSpecification","valueRequired":true,"valueName":"search_term_string"}}],"inLanguage":"fr-FR"},{"@type":["Organization","LocalBusiness","LegalService"],"@id":"https:\/\/sion.beestk.com\/fr\/#organization","name":"Cabinet Ya\u00ebl Sion & ASSOCI\u00c9S","url":"https:\/\/sion.beestk.com\/fr\/","logo":{"@type":"ImageObject","inLanguage":"fr-FR","@id":"https:\/\/sion.beestk.com\/fr\/#\/schema\/logo\/image\/","url":"https:\/\/sion.beestk.com\/wp-content\/uploads\/2025\/12\/logo.png","contentUrl":"https:\/\/sion.beestk.com\/wp-content\/uploads\/2025\/12\/logo.png","width":150,"height":72,"caption":"Cabinet Ya\u00ebl Sion & ASSOCI\u00c9S"},"image":{"@id":"https:\/\/sion.beestk.com\/fr\/#\/schema\/logo\/image\/"},"sameAs":["https:\/\/maps.app.goo.gl\/wgFyjZZdY3JC98nZA","https:\/\/www.linkedin.com\/in\/ya%C3%ABl-sion-0a18091b3\/"],"telephone":"+33465848884","address":{"@type":"PostalAddress","addressCountry":"FR","addressLocality":"Marseille","postalCode":"13008","streetAddress":"565 avenue du Prado"},"openingHours":["Mo-Th 09:00-19:00","Fr 09:00-16:00"],"hasMap":"https:\/\/maps.app.goo.gl\/wgFyjZZdY3JC98nZA","founder":[{"@type":"Person","name":"Ya\u00ebl Sion","jobTitle":"Avocat","worksFor":{"@id":"https:\/\/sion.beestk.com\/fr\/#organization"},"sameAs":["https:\/\/www.linkedin.com\/in\/ya%C3%ABl-sion-0a18091b3\/"]}],"foundingDate":"2015"},{"@type":"Person","@id":"https:\/\/sion.beestk.com\/fr\/#\/schema\/person\/af6781cee515c982ec0cc7165afd0ec1","name":"Ya\u00ebl Sion","image":{"@type":"ImageObject","inLanguage":"fr-FR","@id":"https:\/\/sion.beestk.com\/fr\/#\/schema\/person\/image\/","url":"https:\/\/secure.gravatar.com\/avatar\/a802dd23cdae5671bd494df17fbc5c2a8d88ff0d303671cee42d52f554533583?s=96&d=mm&r=g","contentUrl":"https:\/\/secure.gravatar.com\/avatar\/a802dd23cdae5671bd494df17fbc5c2a8d88ff0d303671cee42d52f554533583?s=96&d=mm&r=g","caption":"Ya\u00ebl Sion"}}]}},"_links":{"self":[{"href":"https:\/\/sion.beestk.com\/fr\/wp-json\/wp\/v2\/posts\/63","targetHints":{"allow":["GET"]}}],"collection":[{"href":"https:\/\/sion.beestk.com\/fr\/wp-json\/wp\/v2\/posts"}],"about":[{"href":"https:\/\/sion.beestk.com\/fr\/wp-json\/wp\/v2\/types\/post"}],"author":[{"embeddable":true,"href":"https:\/\/sion.beestk.com\/fr\/wp-json\/wp\/v2\/users\/3"}],"replies":[{"embeddable":true,"href":"https:\/\/sion.beestk.com\/fr\/wp-json\/wp\/v2\/comments?post=63"}],"version-history":[{"count":1,"href":"https:\/\/sion.beestk.com\/fr\/wp-json\/wp\/v2\/posts\/63\/revisions"}],"predecessor-version":[{"id":3153,"href":"https:\/\/sion.beestk.com\/fr\/wp-json\/wp\/v2\/posts\/63\/revisions\/3153"}],"wp:featuredmedia":[{"embeddable":true,"href":"https:\/\/sion.beestk.com\/fr\/wp-json\/wp\/v2\/media\/104"}],"wp:attachment":[{"href":"https:\/\/sion.beestk.com\/fr\/wp-json\/wp\/v2\/media?parent=63"}],"wp:term":[{"taxonomy":"category","embeddable":true,"href":"https:\/\/sion.beestk.com\/fr\/wp-json\/wp\/v2\/categories?post=63"},{"taxonomy":"post_tag","embeddable":true,"href":"https:\/\/sion.beestk.com\/fr\/wp-json\/wp\/v2\/tags?post=63"}],"curies":[{"name":"wp","href":"https:\/\/api.w.org\/{rel}","templated":true}]}}