{"id":6,"date":"2021-09-09T17:50:28","date_gmt":"2021-09-09T15:50:28","guid":{"rendered":"https:\/\/sion.beestk.com\/?p=6"},"modified":"2026-02-05T12:48:58","modified_gmt":"2026-02-05T11:48:58","slug":"affaire-sur-la-fermeture-administrative","status":"publish","type":"post","link":"https:\/\/sion.beestk.com\/fr\/affaire-sur-la-fermeture-administrative\/","title":{"rendered":"Affaire sur la fermeture administrative"},"content":{"rendered":"\n<p>Mise en demeure administrative de notre client, un laboratoire de biologie m\u00e9dicale, par les ARS de fermeture administrative. R\u00e9f\u00e9r\u00e9-suspension et r\u00e9f\u00e9r\u00e9 toutes mesures utiles devant le Tribunal administratif, avec introduction au fond d\u2019une recours en annulation de la d\u00e9cision attaqu\u00e9e et introduction d\u2019une QPC devant le Tribunal administratif concernant la r\u00e9forme de la sant\u00e9, l\u2019interrogeant sur la l\u00e9galit\u00e9 des dispositions de la loi issue de la r\u00e9forme de la sant\u00e9.<\/p>\n\n\n\n<p>Rejet par le Tribunal administratif du r\u00e9f\u00e9r\u00e9 au motif que l\u2019ARS n\u2019a adress\u00e9e qu\u2019un courrier purement informatif, qui n\u2019oblige en rien l\u2019entreprise \u00e0 cesser son activit\u00e9, donc aucune urgence. Puis, quelques semaines plus tard, notre client re\u00e7oit une nouvelle notification cette fois ci tr\u00e8s explicite de la part des ARS, le mettant en demeure de cesser imm\u00e9diatement son activit\u00e9, l\u2019entreprise comportait pour m\u00e9moire plusieurs salari\u00e9s. R\u00e9f\u00e9r\u00e9 devant le Conseil d\u2019\u00c9tat introduit par la Ministre de la Sant\u00e9 contre notre client concernant cette d\u00e9cision. Ma\u00eetre SION fait porter ses \u00e9critures par un avou\u00e9 devant le Conseil d\u2019\u00c9tat, d\u00e9cision du Conseil d\u2019\u00c9tat rendu en faveur de notre client.<\/p>\n\n\n\n<p>Puis reprise par l\u2019ARS de la proc\u00e9dure \u00e0 l\u2019encontre de notre client par l\u2019envoi d\u2019un nouveau courrier mettant en demeure le laboratoire de cesser imm\u00e9diatement son activit\u00e9, envoy\u00e9 par lettre recommand\u00e9e avec accus\u00e9 de r\u00e9ception.<\/p>\n\n\n\n<p>R\u00e9f\u00e9r\u00e9 suspension introduit en urgence, nouveau r\u00e9f\u00e9r\u00e9 toutes mesures utiles, recours en annulation contre la d\u00e9cision prise par l\u2019organisme administratif.<br>Annulation de la d\u00e9cision de fermeture administrative du laboratoire. Aujourd\u2019hui, ce laboratoire a conserv\u00e9 son activit\u00e9 et la totalit\u00e9 de ses salari\u00e9s et continue d\u2019\u00eatre en activit\u00e9 normalement.<\/p>\n","protected":false},"excerpt":{"rendered":"<p>Mise en demeure administrative de notre client, un laboratoire de biologie m\u00e9dicale, par les ARS de fermeture administrative. R\u00e9f\u00e9r\u00e9-suspension et r\u00e9f\u00e9r\u00e9 toutes mesures utiles devant le Tribunal administratif, avec introduction au fond d\u2019une recours en annulation de la d\u00e9cision attaqu\u00e9e et introduction d\u2019une QPC devant le Tribunal administratif concernant la r\u00e9forme de la sant\u00e9, l\u2019interrogeant [&hellip;]<\/p>\n","protected":false},"author":3,"featured_media":0,"comment_status":"open","ping_status":"open","sticky":false,"template":"","format":"standard","meta":{"_acf_changed":false,"footnotes":""},"categories":[3],"tags":[],"class_list":["post-6","post","type-post","status-publish","format-standard","hentry","category-business-cases"],"acf":[],"yoast_head":"<!-- This site is optimized with the Yoast SEO plugin v26.8 - https:\/\/yoast.com\/product\/yoast-seo-wordpress\/ -->\n<title>Affaire sur la fermeture administrative - Cabinet Sion Avocat<\/title>\n<meta name=\"description\" content=\"Explorez comment le Cabinet Sion Avocat a sauv\u00e9 son client, un laboratoire de biologie m\u00e9dicale, d&#039;une fermeture administrative...\" \/>\n<meta name=\"robots\" content=\"noindex, follow, max-snippet:-1, max-image-preview:large, max-video-preview:-1\" \/>\n<meta property=\"og:locale\" content=\"fr_FR\" \/>\n<meta property=\"og:type\" content=\"article\" \/>\n<meta property=\"og:title\" content=\"Affaire sur la fermeture administrative - Cabinet Sion Avocat\" \/>\n<meta property=\"og:description\" content=\"Explorez comment le Cabinet Sion Avocat a sauv\u00e9 son client, un laboratoire de biologie m\u00e9dicale, d&#039;une fermeture administrative...\" \/>\n<meta property=\"og:url\" content=\"https:\/\/sion.beestk.com\/fr\/affaire-sur-la-fermeture-administrative\/\" \/>\n<meta property=\"og:site_name\" content=\"Sion Avocat\" \/>\n<meta property=\"article:publisher\" content=\"https:\/\/maps.app.goo.gl\/wgFyjZZdY3JC98nZA\" \/>\n<meta property=\"article:published_time\" content=\"2021-09-09T15:50:28+00:00\" \/>\n<meta property=\"article:modified_time\" content=\"2026-02-05T11:48:58+00:00\" \/>\n<meta name=\"author\" content=\"Ya\u00ebl Sion\" \/>\n<meta name=\"twitter:card\" content=\"summary_large_image\" \/>\n<meta name=\"twitter:label1\" content=\"\u00c9crit par\" \/>\n\t<meta name=\"twitter:data1\" content=\"Ya\u00ebl Sion\" \/>\n\t<meta name=\"twitter:label2\" content=\"Dur\u00e9e de lecture estim\u00e9e\" \/>\n\t<meta name=\"twitter:data2\" content=\"2 minutes\" \/>\n<script type=\"application\/ld+json\" class=\"yoast-schema-graph\">{\n\t    \"@context\": \"https:\/\/schema.org\",\n\t    \"@graph\": [\n\t        {\n\t            \"@type\": \"Article\",\n\t            \"@id\": \"https:\/\/sion.beestk.com\/fr\/affaire-sur-la-fermeture-administrative\/#article\",\n\t            \"isPartOf\": {\n\t                \"@id\": \"https:\/\/sion.beestk.com\/fr\/affaire-sur-la-fermeture-administrative\/\"\n\t            },\n\t            \"author\": {\n\t                \"name\": \"Ya\u00ebl Sion\",\n\t                \"@id\": \"https:\/\/sion.beestk.com\/fr\/#\/schema\/person\/af6781cee515c982ec0cc7165afd0ec1\"\n\t            },\n\t            \"headline\": \"Affaire sur la fermeture administrative\",\n\t            \"datePublished\": \"2021-09-09T15:50:28+00:00\",\n\t            \"dateModified\": \"2026-02-05T11:48:58+00:00\",\n\t            \"mainEntityOfPage\": {\n\t                \"@id\": \"https:\/\/sion.beestk.com\/fr\/affaire-sur-la-fermeture-administrative\/\"\n\t            },\n\t            \"wordCount\": 316,\n\t            \"commentCount\": 0,\n\t            \"publisher\": {\n\t                \"@id\": \"https:\/\/sion.beestk.com\/fr\/#organization\"\n\t            },\n\t            \"articleSection\": [\n\t                \"Business Cases\"\n\t            ],\n\t            \"inLanguage\": \"fr-FR\",\n\t            \"potentialAction\": [\n\t                {\n\t                    \"@type\": \"CommentAction\",\n\t                    \"name\": \"Comment\",\n\t                    \"target\": [\n\t                        \"https:\/\/sion.beestk.com\/fr\/affaire-sur-la-fermeture-administrative\/#respond\"\n\t                    ]\n\t                }\n\t            ]\n\t        },\n\t        {\n\t            \"@type\": \"WebPage\",\n\t            \"@id\": \"https:\/\/sion.beestk.com\/fr\/affaire-sur-la-fermeture-administrative\/\",\n\t            \"url\": \"https:\/\/sion.beestk.com\/fr\/affaire-sur-la-fermeture-administrative\/\",\n\t            \"name\": \"Affaire sur la fermeture administrative - Cabinet Sion Avocat\",\n\t            \"isPartOf\": {\n\t                \"@id\": \"https:\/\/sion.beestk.com\/fr\/#website\"\n\t            },\n\t            \"datePublished\": \"2021-09-09T15:50:28+00:00\",\n\t            \"dateModified\": \"2026-02-05T11:48:58+00:00\",\n\t            \"description\": \"Explorez comment le Cabinet Sion Avocat a sauv\u00e9 son client, un laboratoire de biologie m\u00e9dicale, d'une fermeture administrative...\",\n\t            \"breadcrumb\": {\n\t                \"@id\": \"https:\/\/sion.beestk.com\/fr\/affaire-sur-la-fermeture-administrative\/#breadcrumb\"\n\t            },\n\t            \"inLanguage\": \"fr-FR\",\n\t            \"potentialAction\": [\n\t                {\n\t                    \"@type\": \"ReadAction\",\n\t                    \"target\": [\n\t                        \"https:\/\/sion.beestk.com\/fr\/affaire-sur-la-fermeture-administrative\/\"\n\t                    ]\n\t                }\n\t            ]\n\t        },\n\t        {\n\t            \"@type\": \"BreadcrumbList\",\n\t            \"@id\": \"https:\/\/sion.beestk.com\/fr\/affaire-sur-la-fermeture-administrative\/#breadcrumb\",\n\t            \"itemListElement\": [\n\t                {\n\t                    \"@type\": \"ListItem\",\n\t                    \"position\": 1,\n\t                    \"name\": \"Accueil\",\n\t                    \"item\": \"https:\/\/sion.beestk.com\/fr\/\"\n\t                },\n\t                {\n\t                    \"@type\": \"ListItem\",\n\t                    \"position\": 2,\n\t                    \"name\": \"Ressources\",\n\t                    \"item\": \"https:\/\/sion.beestk.com\/fr\/ressources\/\"\n\t                },\n\t                {\n\t                    \"@type\": \"ListItem\",\n\t                    \"position\": 3,\n\t                    \"name\": \"Business Cases\",\n\t                    \"item\": \"https:\/\/sion.beestk.com\/fr\/ressources\/business-cases\/\"\n\t                },\n\t                {\n\t                    \"@type\": \"ListItem\",\n\t                    \"position\": 4,\n\t                    \"name\": \"Affaire sur la fermeture administrative\"\n\t                }\n\t            ]\n\t        },\n\t        {\n\t            \"@type\": \"WebSite\",\n\t            \"@id\": \"https:\/\/sion.beestk.com\/fr\/#website\",\n\t            \"url\": \"https:\/\/sion.beestk.com\/fr\/\",\n\t            \"name\": \"Cabinet Ya\u00ebl Sion & ASSOCI\u00c9S\",\n\t            \"description\": \"\",\n\t            \"publisher\": {\n\t                \"@id\": \"https:\/\/sion.beestk.com\/fr\/#organization\"\n\t            },\n\t            \"potentialAction\": [\n\t                {\n\t                    \"@type\": \"SearchAction\",\n\t                    \"target\": {\n\t                        \"@type\": \"EntryPoint\",\n\t                        \"urlTemplate\": \"https:\/\/sion.beestk.com\/fr\/?s={search_term_string}\"\n\t                    },\n\t                    \"query-input\": {\n\t                        \"@type\": \"PropertyValueSpecification\",\n\t                        \"valueRequired\": true,\n\t                        \"valueName\": \"search_term_string\"\n\t                    }\n\t                }\n\t            ],\n\t            \"inLanguage\": \"fr-FR\"\n\t        },\n\t        {\n\t            \"@type\": [\n\t                \"Organization\",\n\t                \"LocalBusiness\",\n\t                \"LegalService\"\n\t            ],\n\t            \"@id\": \"https:\/\/sion.beestk.com\/fr\/#organization\",\n\t            \"name\": \"Cabinet Ya\u00ebl Sion & ASSOCI\u00c9S\",\n\t            \"url\": \"https:\/\/sion.beestk.com\/fr\/\",\n\t            \"logo\": {\n\t                \"@type\": \"ImageObject\",\n\t                \"inLanguage\": \"fr-FR\",\n\t                \"@id\": \"https:\/\/sion.beestk.com\/fr\/#\/schema\/logo\/image\/\",\n\t                \"url\": \"https:\/\/sion.beestk.com\/wp-content\/uploads\/2025\/12\/logo.png\",\n\t                \"contentUrl\": \"https:\/\/sion.beestk.com\/wp-content\/uploads\/2025\/12\/logo.png\",\n\t                \"width\": 150,\n\t                \"height\": 72,\n\t                \"caption\": \"Cabinet Ya\u00ebl Sion & ASSOCI\u00c9S\"\n\t            },\n\t            \"image\": {\n\t                \"@id\": \"https:\/\/sion.beestk.com\/fr\/#\/schema\/logo\/image\/\"\n\t            },\n\t            \"sameAs\": [\n\t                \"https:\/\/maps.app.goo.gl\/wgFyjZZdY3JC98nZA\",\n\t                \"https:\/\/www.linkedin.com\/in\/ya%C3%ABl-sion-0a18091b3\/\"\n\t            ],\n\t            \"telephone\": \"+33465848884\",\n\t            \"address\": {\n\t                \"@type\": \"PostalAddress\",\n\t                \"addressCountry\": \"FR\",\n\t                \"addressLocality\": \"Marseille\",\n\t                \"postalCode\": \"13008\",\n\t                \"streetAddress\": \"565 avenue du Prado\"\n\t            },\n\t            \"openingHours\": [\n\t                \"Mo-Th 09:00-19:00\",\n\t                \"Fr 09:00-16:00\"\n\t            ],\n\t            \"hasMap\": \"https:\/\/maps.app.goo.gl\/wgFyjZZdY3JC98nZA\",\n\t            \"founder\": [\n\t                {\n\t                    \"@type\": \"Person\",\n\t                    \"name\": \"Ya\u00ebl Sion\",\n\t                    \"jobTitle\": \"Avocat\",\n\t                    \"worksFor\": {\n\t                        \"@id\": \"https:\/\/sion.beestk.com\/fr\/#organization\"\n\t                    },\n\t                    \"sameAs\": [\n\t                        \"https:\/\/www.linkedin.com\/in\/ya%C3%ABl-sion-0a18091b3\/\"\n\t                    ]\n\t                }\n\t            ],\n\t            \"foundingDate\": \"2015\"\n\t        },\n\t        {\n\t            \"@type\": \"Person\",\n\t            \"@id\": \"https:\/\/sion.beestk.com\/fr\/#\/schema\/person\/af6781cee515c982ec0cc7165afd0ec1\",\n\t            \"name\": \"Ya\u00ebl Sion\",\n\t            \"image\": {\n\t                \"@type\": \"ImageObject\",\n\t                \"inLanguage\": \"fr-FR\",\n\t                \"@id\": \"https:\/\/sion.beestk.com\/fr\/#\/schema\/person\/image\/\",\n\t                \"url\": \"https:\/\/secure.gravatar.com\/avatar\/a802dd23cdae5671bd494df17fbc5c2a8d88ff0d303671cee42d52f554533583?s=96&d=mm&r=g\",\n\t                \"contentUrl\": \"https:\/\/secure.gravatar.com\/avatar\/a802dd23cdae5671bd494df17fbc5c2a8d88ff0d303671cee42d52f554533583?s=96&d=mm&r=g\",\n\t                \"caption\": \"Ya\u00ebl Sion\"\n\t            }\n\t        }\n\t    ]\n\t}<\/script>\n<!-- \/ Yoast SEO plugin. -->","yoast_head_json":{"title":"Affaire sur la fermeture administrative - Cabinet Sion Avocat","description":"Explorez comment le Cabinet Sion Avocat a sauv\u00e9 son client, un laboratoire de biologie m\u00e9dicale, d'une fermeture administrative...","robots":{"index":"noindex","follow":"follow","max-snippet":"max-snippet:-1","max-image-preview":"max-image-preview:large","max-video-preview":"max-video-preview:-1"},"og_locale":"fr_FR","og_type":"article","og_title":"Affaire sur la fermeture administrative - Cabinet Sion Avocat","og_description":"Explorez comment le Cabinet Sion Avocat a sauv\u00e9 son client, un laboratoire de biologie m\u00e9dicale, d'une fermeture administrative...","og_url":"https:\/\/sion.beestk.com\/fr\/affaire-sur-la-fermeture-administrative\/","og_site_name":"Sion Avocat","article_publisher":"https:\/\/maps.app.goo.gl\/wgFyjZZdY3JC98nZA","article_published_time":"2021-09-09T15:50:28+00:00","article_modified_time":"2026-02-05T11:48:58+00:00","author":"Ya\u00ebl Sion","twitter_card":"summary_large_image","twitter_misc":{"\u00c9crit par":"Ya\u00ebl Sion","Dur\u00e9e de lecture estim\u00e9e":"2 minutes"},"schema":{"@context":"https:\/\/schema.org","@graph":[{"@type":"Article","@id":"https:\/\/sion.beestk.com\/fr\/affaire-sur-la-fermeture-administrative\/#article","isPartOf":{"@id":"https:\/\/sion.beestk.com\/fr\/affaire-sur-la-fermeture-administrative\/"},"author":{"name":"Ya\u00ebl Sion","@id":"https:\/\/sion.beestk.com\/fr\/#\/schema\/person\/af6781cee515c982ec0cc7165afd0ec1"},"headline":"Affaire sur la fermeture administrative","datePublished":"2021-09-09T15:50:28+00:00","dateModified":"2026-02-05T11:48:58+00:00","mainEntityOfPage":{"@id":"https:\/\/sion.beestk.com\/fr\/affaire-sur-la-fermeture-administrative\/"},"wordCount":316,"commentCount":0,"publisher":{"@id":"https:\/\/sion.beestk.com\/fr\/#organization"},"articleSection":["Business Cases"],"inLanguage":"fr-FR","potentialAction":[{"@type":"CommentAction","name":"Comment","target":["https:\/\/sion.beestk.com\/fr\/affaire-sur-la-fermeture-administrative\/#respond"]}]},{"@type":"WebPage","@id":"https:\/\/sion.beestk.com\/fr\/affaire-sur-la-fermeture-administrative\/","url":"https:\/\/sion.beestk.com\/fr\/affaire-sur-la-fermeture-administrative\/","name":"Affaire sur la fermeture administrative - Cabinet Sion Avocat","isPartOf":{"@id":"https:\/\/sion.beestk.com\/fr\/#website"},"datePublished":"2021-09-09T15:50:28+00:00","dateModified":"2026-02-05T11:48:58+00:00","description":"Explorez comment le Cabinet Sion Avocat a sauv\u00e9 son client, un laboratoire de biologie m\u00e9dicale, d'une fermeture administrative...","breadcrumb":{"@id":"https:\/\/sion.beestk.com\/fr\/affaire-sur-la-fermeture-administrative\/#breadcrumb"},"inLanguage":"fr-FR","potentialAction":[{"@type":"ReadAction","target":["https:\/\/sion.beestk.com\/fr\/affaire-sur-la-fermeture-administrative\/"]}]},{"@type":"BreadcrumbList","@id":"https:\/\/sion.beestk.com\/fr\/affaire-sur-la-fermeture-administrative\/#breadcrumb","itemListElement":[{"@type":"ListItem","position":1,"name":"Accueil","item":"https:\/\/sion.beestk.com\/fr\/"},{"@type":"ListItem","position":2,"name":"Ressources","item":"https:\/\/sion.beestk.com\/fr\/ressources\/"},{"@type":"ListItem","position":3,"name":"Business Cases","item":"https:\/\/sion.beestk.com\/fr\/ressources\/business-cases\/"},{"@type":"ListItem","position":4,"name":"Affaire sur la fermeture administrative"}]},{"@type":"WebSite","@id":"https:\/\/sion.beestk.com\/fr\/#website","url":"https:\/\/sion.beestk.com\/fr\/","name":"Cabinet Ya\u00ebl Sion & ASSOCI\u00c9S","description":"","publisher":{"@id":"https:\/\/sion.beestk.com\/fr\/#organization"},"potentialAction":[{"@type":"SearchAction","target":{"@type":"EntryPoint","urlTemplate":"https:\/\/sion.beestk.com\/fr\/?s={search_term_string}"},"query-input":{"@type":"PropertyValueSpecification","valueRequired":true,"valueName":"search_term_string"}}],"inLanguage":"fr-FR"},{"@type":["Organization","LocalBusiness","LegalService"],"@id":"https:\/\/sion.beestk.com\/fr\/#organization","name":"Cabinet Ya\u00ebl Sion & ASSOCI\u00c9S","url":"https:\/\/sion.beestk.com\/fr\/","logo":{"@type":"ImageObject","inLanguage":"fr-FR","@id":"https:\/\/sion.beestk.com\/fr\/#\/schema\/logo\/image\/","url":"https:\/\/sion.beestk.com\/wp-content\/uploads\/2025\/12\/logo.png","contentUrl":"https:\/\/sion.beestk.com\/wp-content\/uploads\/2025\/12\/logo.png","width":150,"height":72,"caption":"Cabinet Ya\u00ebl Sion & ASSOCI\u00c9S"},"image":{"@id":"https:\/\/sion.beestk.com\/fr\/#\/schema\/logo\/image\/"},"sameAs":["https:\/\/maps.app.goo.gl\/wgFyjZZdY3JC98nZA","https:\/\/www.linkedin.com\/in\/ya%C3%ABl-sion-0a18091b3\/"],"telephone":"+33465848884","address":{"@type":"PostalAddress","addressCountry":"FR","addressLocality":"Marseille","postalCode":"13008","streetAddress":"565 avenue du Prado"},"openingHours":["Mo-Th 09:00-19:00","Fr 09:00-16:00"],"hasMap":"https:\/\/maps.app.goo.gl\/wgFyjZZdY3JC98nZA","founder":[{"@type":"Person","name":"Ya\u00ebl Sion","jobTitle":"Avocat","worksFor":{"@id":"https:\/\/sion.beestk.com\/fr\/#organization"},"sameAs":["https:\/\/www.linkedin.com\/in\/ya%C3%ABl-sion-0a18091b3\/"]}],"foundingDate":"2015"},{"@type":"Person","@id":"https:\/\/sion.beestk.com\/fr\/#\/schema\/person\/af6781cee515c982ec0cc7165afd0ec1","name":"Ya\u00ebl Sion","image":{"@type":"ImageObject","inLanguage":"fr-FR","@id":"https:\/\/sion.beestk.com\/fr\/#\/schema\/person\/image\/","url":"https:\/\/secure.gravatar.com\/avatar\/a802dd23cdae5671bd494df17fbc5c2a8d88ff0d303671cee42d52f554533583?s=96&d=mm&r=g","contentUrl":"https:\/\/secure.gravatar.com\/avatar\/a802dd23cdae5671bd494df17fbc5c2a8d88ff0d303671cee42d52f554533583?s=96&d=mm&r=g","caption":"Ya\u00ebl Sion"}}]}},"_links":{"self":[{"href":"https:\/\/sion.beestk.com\/fr\/wp-json\/wp\/v2\/posts\/6","targetHints":{"allow":["GET"]}}],"collection":[{"href":"https:\/\/sion.beestk.com\/fr\/wp-json\/wp\/v2\/posts"}],"about":[{"href":"https:\/\/sion.beestk.com\/fr\/wp-json\/wp\/v2\/types\/post"}],"author":[{"embeddable":true,"href":"https:\/\/sion.beestk.com\/fr\/wp-json\/wp\/v2\/users\/3"}],"replies":[{"embeddable":true,"href":"https:\/\/sion.beestk.com\/fr\/wp-json\/wp\/v2\/comments?post=6"}],"version-history":[{"count":1,"href":"https:\/\/sion.beestk.com\/fr\/wp-json\/wp\/v2\/posts\/6\/revisions"}],"predecessor-version":[{"id":3267,"href":"https:\/\/sion.beestk.com\/fr\/wp-json\/wp\/v2\/posts\/6\/revisions\/3267"}],"wp:attachment":[{"href":"https:\/\/sion.beestk.com\/fr\/wp-json\/wp\/v2\/media?parent=6"}],"wp:term":[{"taxonomy":"category","embeddable":true,"href":"https:\/\/sion.beestk.com\/fr\/wp-json\/wp\/v2\/categories?post=6"},{"taxonomy":"post_tag","embeddable":true,"href":"https:\/\/sion.beestk.com\/fr\/wp-json\/wp\/v2\/tags?post=6"}],"curies":[{"name":"wp","href":"https:\/\/api.w.org\/{rel}","templated":true}]}}