{"id":57,"date":"2023-11-16T18:47:00","date_gmt":"2023-11-16T17:47:00","guid":{"rendered":"https:\/\/sion.beestk.com\/?p=57"},"modified":"2026-02-05T12:48:57","modified_gmt":"2026-02-05T11:48:57","slug":"qu-est-ce-que-le-droit-public","status":"publish","type":"post","link":"https:\/\/sion.beestk.com\/fr\/qu-est-ce-que-le-droit-public\/","title":{"rendered":"Le droit public : d\u00e9finition, branches et contentieux li\u00e9s au droit administratif"},"content":{"rendered":"\n<p><em>Le droit, domaine juridique vaste et complexe, se divise en plusieurs cat\u00e9gories, parmi lesquelles se distingue le droit public. Ce domaine a un objectif clairement d\u00e9fini, regroupant plusieurs facettes essentielles. Explorer les nuances de ce secteur sp\u00e9cifique du droit est essentiel pour une compr\u00e9hension approfondie de ses implications. Face aux \u00e9ventuels litiges et contentieux li\u00e9s au droit public, l&rsquo;intervention d&rsquo;un avocat sp\u00e9cialis\u00e9, tel que le Cabinet Sion Avocat, se r\u00e9v\u00e8le souvent incontournable\u2026 mais voyons ensemble ce qu\u2019est le droit public.<\/em><\/p>\n\n\n\n<figure class=\"wp-block-image size-full\"><img fetchpriority=\"high\" decoding=\"async\" width=\"640\" height=\"427\" src=\"https:\/\/sion.beestk.com\/wp-content\/uploads\/2025\/12\/qu-est-ce-que-le-droit-public.jpg\" alt=\"\" class=\"wp-image-58\" srcset=\"https:\/\/sion.beestk.com\/wp-content\/uploads\/2025\/12\/qu-est-ce-que-le-droit-public.jpg 640w, https:\/\/sion.beestk.com\/wp-content\/uploads\/2025\/12\/qu-est-ce-que-le-droit-public-300x200.jpg 300w\" sizes=\"(max-width: 640px) 100vw, 640px\" \/><\/figure>\n\n\n\n<h2 class=\"wp-block-heading\">Le droit public : d\u00e9finition<\/h2>\n\n\n\n<p>De mani\u00e8re g\u00e9n\u00e9rale, le droit, d\u00e9sign\u00e9 comme l&rsquo;ensemble des r\u00e8gles \u00e9tablies par les autorit\u00e9s publiques pour garantir le bon fonctionnement de la soci\u00e9t\u00e9, se divise en deux cat\u00e9gories distinctes. D&rsquo;un c\u00f4t\u00e9, nous avons le droit priv\u00e9, et de l&rsquo;autre, le droit public. En France, une opposition naturelle \u00e9merge entre ces deux branches du droit, d\u00e9coulant du fait que le droit public privil\u00e9gie l&rsquo;int\u00e9r\u00eat g\u00e9n\u00e9ral au d\u00e9triment de l&rsquo;int\u00e9r\u00eat individuel d\u00e9fendu par le droit priv\u00e9. On parle souvent d&rsquo;opposition au droit priv\u00e9.<\/p>\n\n\n\n<p>Il convient de rappeler que les relations entre individus priv\u00e9s sont principalement r\u00e9gies par les lois relevant du droit priv\u00e9. Cela englobe des domaines tels que le droit civil, le droit des obligations, le droit de la succession, ou encore le <a href=\"https:\/\/sion.beestk.com\/fr\/nos-expertises\/droit-fiscal-douanier\/\">droit fiscal<\/a>. Cependant, dans le syst\u00e8me juridique anglo-saxon, aucune distinction sp\u00e9cifique n&rsquo;est \u00e9tablie entre le droit priv\u00e9 et le droit public. En revanche, en France, le droit public est d\u00e9fini comme la branche juridique centr\u00e9e sur l&rsquo;organisation et le fonctionnement de l&rsquo;\u00c9tat et des institutions. Il examine \u00e9galement les relations entre le service public, les personnes morales publiques, et les entreprises. Apr\u00e8s avoir vu la d\u00e9finition du droit public, voyons quelles diff\u00e9rentes branches le composent.<\/p>\n\n\n\n<h2 class=\"wp-block-heading\">Les branches du droit public<\/h2>\n\n\n\n<p>Le domaine du droit public englobe diverses branches, comprenant notamment :<\/p>\n\n\n\n<ul class=\"wp-block-list\">\n<li>Le droit administratif,<\/li>\n\n\n\n<li>Le droit constitutionnel,<\/li>\n\n\n\n<li>Le droit p\u00e9nal,<\/li>\n\n\n\n<li>Le droit des finances publiques,<\/li>\n\n\n\n<li>Le droit international public.<\/li>\n<\/ul>\n\n\n\n<p>Voyons d\u00e9sormais en d\u00e9tail chacun de ces points pour mieux comprendre qu&rsquo;est-ce que le droit public.<\/p>\n\n\n\n<h3 class=\"wp-block-heading\">Le droit administratif<\/h3>\n\n\n\n<p>Le droit administratif, l&rsquo;une des branches les plus importantes du droit public, joue un r\u00f4le crucial dans l&rsquo;encadrement des d\u00e9cisions prises par le service public. Il \u00e9tablit les r\u00e8gles r\u00e9gissant divers contrats administratifs, incluant :<\/p>\n\n\n\n<ul class=\"wp-block-list\">\n<li>Les march\u00e9s publics,<\/li>\n\n\n\n<li>Les contrats d&rsquo;occupation des domaines publics,<\/li>\n\n\n\n<li>Les accords de d\u00e9l\u00e9gation des services publics,<\/li>\n\n\n\n<li>Les contrats d&#8217;emprunt public,<\/li>\n\n\n\n<li>Les offres de concours.<\/li>\n\n\n\n<li>Les partenariats public-priv\u00e9,<\/li>\n<\/ul>\n\n\n\n<p>S&rsquo;ajoutent \u00e0 ces cat\u00e9gories les contrats \u201cin-house\u201d, qui, bien qu&rsquo;entrants dans la d\u00e9finition d&rsquo;un march\u00e9 public, sont exclus conform\u00e9ment \u00e0 l&rsquo;article 3 du Code des march\u00e9s publics.<\/p>\n\n\n\n<p>Le <a href=\"https:\/\/sion.beestk.com\/fr\/droit-administratif-definition\/\">droit administratif<\/a> constitue le cadre juridique r\u00e9gissant les rapports entre une entit\u00e9 publique et son cocontractant, qu&rsquo;il s&rsquo;agisse d&rsquo;une personne morale priv\u00e9e ou d&rsquo;une personne physique. Il d\u00e9taille l&rsquo;organisation, les activit\u00e9s et les comp\u00e9tences du service public ainsi que des autorit\u00e9s administratives. Ce champ du droit encadre \u00e9galement la responsabilit\u00e9 des personnes morales publiques et les litiges qui peuvent d\u00e9couler de leurs interactions. Il englobe plusieurs sous-branches telles que le droit de la fonction publique, le droit de la s\u00e9curit\u00e9 sociale, le droit des collectivit\u00e9s territoriales, le droit de l&rsquo;urbanisme, le droit de l&rsquo;environnement, et le droit de la sant\u00e9.<\/p>\n\n\n\n<p>Il est pertinent de souligner que le droit de la sant\u00e9 et celui de la S\u00e9curit\u00e9 sociale sont des droits mixtes, combinant les lois des droits public et priv\u00e9. Et comme vous l\u2019aurez compris, cette section du droit public peut \u00eatre assez complexe donc n\u2019h\u00e9sitez pas \u00e0 vous faire accompagner par un <a href=\"https:\/\/sion.beestk.com\/fr\/nos-expertises\/droit-administratif\/\">avocat droit administratif<\/a>.<\/p>\n\n\n\n<h3 class=\"wp-block-heading\">Le droit constitutionnel<\/h3>\n\n\n\n<p>Le droit constitutionnel, centr\u00e9 sur la loi supr\u00eame, la constitution, d\u2019o\u00f9 son nom, a pour mission principale de r\u00e9guler l&rsquo;exercice du pouvoir public. Il \u00e9tablit les lois r\u00e9gissant la participation des citoyens \u00e0 cet exercice, couvrant une vaste gamme de domaines. En r\u00e9sum\u00e9, ses domaines d&rsquo;intervention englobent notamment :<\/p>\n\n\n\n<ul class=\"wp-block-list\">\n<li>Le contr\u00f4le et l&rsquo;encadrement des droits fondamentaux de chaque individu, incluant la libert\u00e9 d&rsquo;aller et venir, le droit \u00e0 la vie, la libert\u00e9 d&rsquo;expression, et d&rsquo;autres,<\/li>\n\n\n\n<li>La d\u00e9finition du mode d&rsquo;adoption des lois et des trait\u00e9s au niveau national, tout en pr\u00e9cisant le champ d&rsquo;application des r\u00e8gles juridiques.<\/li>\n<\/ul>\n\n\n\n<p>Cependant, le droit constitutionnel se consacre avant tout au droit des institutions politiques. En d&rsquo;autres termes, il \u00e9tablit les institutions de l&rsquo;\u00c9tat, parmi lesquelles le gouvernement, le parlement, le pouvoir judiciaire. Il pr\u00e9cise \u00e9galement leurs fonctions respectives, ainsi que le mode de d\u00e9signation de leurs membres.<\/p>\n\n\n\n<h3 class=\"wp-block-heading\">Le droit p\u00e9nal<\/h3>\n\n\n\n<p>Il s&rsquo;agit de l&rsquo;ensemble des lois qui d\u00e9finissent, encadrent, et sanctionnent les infractions, en lien \u00e9troit avec la proc\u00e9dure p\u00e9nale qui organise le processus de r\u00e9pression des comportements antisociaux. Le droit p\u00e9nal se divise en deux cat\u00e9gories distinctes : le droit p\u00e9nal g\u00e9n\u00e9ral, qui \u00e9labore les lois applicables de mani\u00e8re g\u00e9n\u00e9rale aux infractions, et le droit p\u00e9nal sp\u00e9cial, qui pr\u00e9voit les lois r\u00e9gissant sp\u00e9cifiquement chaque type d&rsquo;infraction.<\/p>\n\n\n\n<p>Consid\u00e9r\u00e9 comme un droit mixte, le droit p\u00e9nal est \u00e0 la fois li\u00e9 au droit public, dans la mesure o\u00f9 la nation est charg\u00e9e de sanctionner les comportements d\u00e9lictueux et criminels pour garantir l&rsquo;int\u00e9r\u00eat g\u00e9n\u00e9ral, et au droit priv\u00e9, en prot\u00e9geant les int\u00e9r\u00eats des citoyens, notamment par le principe de l\u00e9galit\u00e9 des infractions et des peines.<\/p>\n\n\n\n<h3 class=\"wp-block-heading\">Le droit des finances publiques<\/h3>\n\n\n\n<p>Le droit des finances publiques se caract\u00e9rise comme l&rsquo;ensemble des lois qui r\u00e9gissent les finances de l&rsquo;\u00c9tat, des collectivit\u00e9s territoriales et des services publics. Fondamentalement, il se divise en deux branches principales : le droit fiscal et le droit budg\u00e9taire.<\/p>\n\n\n\n<p>Le droit fiscal, de nature mixte, fusionne les lois du droit public et du droit priv\u00e9. Il \u00e9tablit les principes juridiques applicables aux taxes, aux cotisations sociales, aux imp\u00f4ts et aux contributions. Cette branche englobe divers sous-domaines tels que le droit fiscal g\u00e9n\u00e9ral, l&rsquo;\u00e9cofiscalit\u00e9, la fiscalit\u00e9 internationale et le droit p\u00e9nal fiscal.<\/p>\n\n\n\n<p>Quant au droit budg\u00e9taire, il pr\u00e9cise les m\u00e9canismes li\u00e9s aux d\u00e9penses et aux recettes publiques. Ainsi, il regroupe l&rsquo;ensemble des lois qui gouvernent l&rsquo;adoption et la mise en \u0153uvre du budget des personnes morales de droit public.<\/p>\n\n\n\n<p>Il est important de souligner que le droit des finances publiques s&rsquo;associe au droit public \u00e9conomique, une branche du droit public des affaires. Si vous avez la moindre question \u00e0 ce sujet, pensez \u00e0 consulter un <a href=\"https:\/\/sion.beestk.com\/fr\/qu-est-ce-qu-un-avocat-fiscaliste\/\">avocat fiscaliste<\/a> !<\/p>\n\n\n\n<h3 class=\"wp-block-heading\">Le droit international public<\/h3>\n\n\n\n<p>Il d\u00e9finit principalement les lois qui s&rsquo;appliquent aux relations entre un \u00c9tat et les organisations internationales. Cette branche du droit se compose de deux grandes cat\u00e9gories : le droit de l&rsquo;Union europ\u00e9enne, \u00e9galement appel\u00e9 droit europ\u00e9en, et le droit coutumier. La seconde cat\u00e9gorie englobe la loi des trait\u00e9s, le droit international humanitaire, l&rsquo;apatridie, le droit de la repr\u00e9sentation \u00e9tatique, et le droit de la mer en temps de paix. Bien que la loi de l&rsquo;immobilier soit en principe une branche du droit public, elle est g\u00e9n\u00e9ralement class\u00e9e dans la cat\u00e9gorie des droits mixtes. Pour ce dernier cas, vous pouvez faire appel \u00e0 un <a href=\"https:\/\/sion.beestk.com\/fr\/avocat-mandataire-immobilier\/\">avocat mandataire immobilier<\/a>.<\/p>\n\n\n\n<h2 class=\"wp-block-heading\">Les sous-disciplines du droit public ax\u00e9es sur les acteurs priv\u00e9s<\/h2>\n\n\n\n<p>Il a \u00e9t\u00e9 fr\u00e9quemment reproch\u00e9 au droit public de n\u00e9gliger l&rsquo;individu priv\u00e9, pourtant au c\u0153ur m\u00eame de la l\u00e9gislation. Cependant, depuis l&rsquo;arr\u00eat Blanco, des changements significatifs ont eu lieu, notamment avec le renforcement des droits et libert\u00e9s fondamentaux. \u00c9voluant progressivement, le droit public assure d\u00e9sormais aux individus des droits vis-\u00e0-vis de l&rsquo;\u00c9tat et du service public. Parmi les branches du droit public qui r\u00e9gissent les relations entre personnes publiques et personnes priv\u00e9es, on peut citer :<\/p>\n\n\n\n<ul class=\"wp-block-list\">\n<li>Le droit du sport,<\/li>\n\n\n\n<li>Le droit de la commande publique,<\/li>\n\n\n\n<li>L&rsquo;action sociale,<\/li>\n\n\n\n<li>La loi des \u00e9trangers,<\/li>\n\n\n\n<li>La loi \u00e9lectorale.<\/li>\n<\/ul>\n\n\n\n<p>Le droit des \u00e9trangers se consacre, par exemple, au statut des \u00e9trangers sur le territoire d&rsquo;un \u00c9tat, ainsi qu&rsquo;\u00e0 la l\u00e9gislation relative \u00e0 la naturalisation, \u00e0 l&rsquo;entr\u00e9e et \u00e0 la sortie du territoire. En ce qui concerne le droit du sport, il se rapproche de plus en plus d&rsquo;un r\u00e9gime de droit public en raison de l&rsquo;implication croissante de l&rsquo;\u00c9tat. Actuellement, toutes les activit\u00e9s sportives sont encadr\u00e9es par le service public, en l&rsquo;occurrence les f\u00e9d\u00e9rations sportives nationales comme la F\u00e9d\u00e9ration Fran\u00e7aise de Football, par exemple (FFF). Cependant, la l\u00e9gislation du sport conserve un statut plus ou moins hybride, s&rsquo;int\u00e9ressant principalement aux relations entre diff\u00e9rentes entit\u00e9s priv\u00e9es au sein du domaine sportif, notamment entre les joueurs et les associations sportives.<\/p>\n\n\n\n<p>Le droit de la commande publique r\u00e9gule les relations entre le service public et les fournisseurs de prestations et de biens, g\u00e9n\u00e9ralement des entit\u00e9s priv\u00e9es. En tant que branche du droit public, il \u00e9tablit le cadre l\u00e9gal qui s&rsquo;applique aux interactions \u00e9conomiques entre une personne priv\u00e9e et une personne morale de droit public. En ce qui concerne le droit \u00e9lectoral, il gouverne les relations entre l&rsquo;\u00c9tat et les entit\u00e9s priv\u00e9es, qu&rsquo;elles soient des candidats ou des \u00e9lecteurs.<\/p>\n\n\n\n<h2 class=\"wp-block-heading\">Pourquoi consulter un avocat en droit public ?<\/h2>\n\n\n\n<p>Vous vous demandez <a href=\"https:\/\/sion.beestk.com\/fr\/pourquoi-avoir-recours-avocat-droit-public\/\">pourquoi avoir recours \u00e0 un avocat en droit public<\/a> ?<\/p>\n\n\n\n<p>Les relations avec l&rsquo;administration ou l&rsquo;\u00c9tat peuvent parfois g\u00e9n\u00e9rer des litiges. Par exemple, \u00e0 l&rsquo;issue d&rsquo;un concours organis\u00e9 par l&rsquo;\u00c9tat, des r\u00e9serves peuvent \u00eatre \u00e9mises quant \u00e0 la fiabilit\u00e9 des r\u00e9sultats. Si vous travaillez au sein d&rsquo;un service public, il se peut que vos droits soient enfreints par une autorit\u00e9 administrative. Dans de telles situations, l&rsquo;assistance d&rsquo;un avocat sp\u00e9cialis\u00e9 en droit public peut s&rsquo;av\u00e9rer indispensable. Ce professionnel sera charg\u00e9 de d\u00e9fendre vos int\u00e9r\u00eats devant la juridiction comp\u00e9tente, que ce soit la cour constitutionnelle ou un conseil sp\u00e9cial. L&rsquo;expertise de l&rsquo;avocat en droit public peut \u00e9galement \u00eatre cruciale lors des d\u00e9marches li\u00e9es \u00e0 l&rsquo;obtention de la nationalit\u00e9 ou d&rsquo;un titre de s\u00e9jour, ainsi que dans le traitement des litiges d\u00e9coulant de contrats conclus avec un service de l&rsquo;\u00c9tat.<\/p>\n\n\n\n<p>Ainsi, face \u00e0 la puissance du pouvoir public, notamment de l&rsquo;\u00c9tat et de ses services, il peut \u00eatre difficile de remporter une bataille juridique. Pour augmenter vos chances, il est essentiel d&rsquo;\u00eatre accompagn\u00e9 par un avocat exp\u00e9riment\u00e9 en droit constitutionnel, en droit administratif, ou fiscal. \u00c0 cet \u00e9gard, le Cabinet Sion Avocat est le partenaire id\u00e9al pour vous fournir l&rsquo;assistance n\u00e9cessaire. Que vous soyez du c\u00f4t\u00e9 demandeur ou d\u00e9fendeur, n&rsquo;h\u00e9sitez pas \u00e0 <a href=\"https:\/\/sion.beestk.com\/fr\/contact\/\">nous contacter<\/a>. Notre \u00e9quipe ma\u00eetrise parfaitement la l\u00e9gislation, les r\u00e8gles, les principes juridiques, les normes et les droits. Nous favorisons les solutions amiables, mais sommes \u00e9galement pr\u00eats \u00e0 vous repr\u00e9senter devant la cour constitutionnelle, le juge de la cour p\u00e9nale, ou encore le conseil administratif de votre service.<\/p>\n","protected":false},"excerpt":{"rendered":"<p>Le droit, domaine juridique vaste et complexe, se divise en plusieurs cat\u00e9gories, parmi lesquelles se distingue le droit public. Ce domaine a un objectif clairement d\u00e9fini, regroupant plusieurs facettes essentielles. Explorer les nuances de ce secteur sp\u00e9cifique du droit est essentiel pour une compr\u00e9hension approfondie de ses implications. Face aux \u00e9ventuels litiges et contentieux li\u00e9s [&hellip;]<\/p>\n","protected":false},"author":3,"featured_media":111,"comment_status":"open","ping_status":"open","sticky":false,"template":"","format":"standard","meta":{"_acf_changed":false,"footnotes":""},"categories":[9],"tags":[],"class_list":["post-57","post","type-post","status-publish","format-standard","has-post-thumbnail","hentry","category-droit-administratif"],"acf":[],"yoast_head":"<!-- This site is optimized with the Yoast SEO plugin v26.8 - https:\/\/yoast.com\/product\/yoast-seo-wordpress\/ -->\n<title>Qu\u2019est-ce que le droit public ? D\u00e9f et branches du droit administratif<\/title>\n<meta name=\"description\" content=\"Vous vous posez la question de savoir ce qu\u2019est le droit public ? D\u00e9couvrez l\u2019article du Cabinet Sion Avocat sur la d\u00e9finition et les branches du droit public.\" \/>\n<meta name=\"robots\" content=\"noindex, follow, max-snippet:-1, max-image-preview:large, max-video-preview:-1\" \/>\n<meta property=\"og:locale\" content=\"fr_FR\" \/>\n<meta property=\"og:type\" content=\"article\" \/>\n<meta property=\"og:title\" content=\"Qu\u2019est-ce que le droit public ? D\u00e9f et branches du droit administratif\" \/>\n<meta property=\"og:description\" content=\"Vous vous posez la question de savoir ce qu\u2019est le droit public ? D\u00e9couvrez l\u2019article du Cabinet Sion Avocat sur la d\u00e9finition et les branches du droit public.\" \/>\n<meta property=\"og:url\" content=\"https:\/\/sion.beestk.com\/fr\/qu-est-ce-que-le-droit-public\/\" \/>\n<meta property=\"og:site_name\" content=\"Sion Avocat\" \/>\n<meta property=\"article:publisher\" content=\"https:\/\/maps.app.goo.gl\/wgFyjZZdY3JC98nZA\" \/>\n<meta property=\"article:published_time\" content=\"2023-11-16T17:47:00+00:00\" \/>\n<meta property=\"article:modified_time\" content=\"2026-02-05T11:48:57+00:00\" \/>\n<meta property=\"og:image\" content=\"https:\/\/sion.beestk.com\/wp-content\/uploads\/2022\/04\/cover_qu-est-ce-que-le-droit-public.jpg\" \/>\n\t<meta property=\"og:image:width\" content=\"1200\" \/>\n\t<meta property=\"og:image:height\" content=\"800\" \/>\n\t<meta property=\"og:image:type\" content=\"image\/jpeg\" \/>\n<meta name=\"author\" content=\"Ya\u00ebl Sion\" \/>\n<meta name=\"twitter:card\" content=\"summary_large_image\" \/>\n<meta name=\"twitter:label1\" content=\"\u00c9crit par\" \/>\n\t<meta name=\"twitter:data1\" content=\"Ya\u00ebl Sion\" \/>\n\t<meta name=\"twitter:label2\" content=\"Dur\u00e9e de lecture estim\u00e9e\" \/>\n\t<meta name=\"twitter:data2\" content=\"10 minutes\" \/>\n<script type=\"application\/ld+json\" class=\"yoast-schema-graph\">{\n\t    \"@context\": \"https:\/\/schema.org\",\n\t    \"@graph\": [\n\t        {\n\t            \"@type\": \"Article\",\n\t            \"@id\": \"https:\/\/sion.beestk.com\/fr\/qu-est-ce-que-le-droit-public\/#article\",\n\t            \"isPartOf\": {\n\t                \"@id\": \"https:\/\/sion.beestk.com\/fr\/qu-est-ce-que-le-droit-public\/\"\n\t            },\n\t            \"author\": {\n\t                \"name\": \"Ya\u00ebl Sion\",\n\t                \"@id\": \"https:\/\/sion.beestk.com\/fr\/#\/schema\/person\/af6781cee515c982ec0cc7165afd0ec1\"\n\t            },\n\t            \"headline\": \"Le droit public : d\u00e9finition, branches et contentieux li\u00e9s au droit administratif\",\n\t            \"datePublished\": \"2023-11-16T17:47:00+00:00\",\n\t            \"dateModified\": \"2026-02-05T11:48:57+00:00\",\n\t            \"mainEntityOfPage\": {\n\t                \"@id\": \"https:\/\/sion.beestk.com\/fr\/qu-est-ce-que-le-droit-public\/\"\n\t            },\n\t            \"wordCount\": 1963,\n\t            \"commentCount\": 0,\n\t            \"publisher\": {\n\t                \"@id\": \"https:\/\/sion.beestk.com\/fr\/#organization\"\n\t            },\n\t            \"image\": {\n\t                \"@id\": \"https:\/\/sion.beestk.com\/fr\/qu-est-ce-que-le-droit-public\/#primaryimage\"\n\t            },\n\t            \"thumbnailUrl\": \"https:\/\/sion.beestk.com\/wp-content\/uploads\/2022\/04\/cover_qu-est-ce-que-le-droit-public.jpg\",\n\t            \"articleSection\": [\n\t                \"Droit administratif\"\n\t            ],\n\t            \"inLanguage\": \"fr-FR\",\n\t            \"potentialAction\": [\n\t                {\n\t                    \"@type\": \"CommentAction\",\n\t                    \"name\": \"Comment\",\n\t                    \"target\": [\n\t                        \"https:\/\/sion.beestk.com\/fr\/qu-est-ce-que-le-droit-public\/#respond\"\n\t                    ]\n\t                }\n\t            ]\n\t        },\n\t        {\n\t            \"@type\": \"WebPage\",\n\t            \"@id\": \"https:\/\/sion.beestk.com\/fr\/qu-est-ce-que-le-droit-public\/\",\n\t            \"url\": \"https:\/\/sion.beestk.com\/fr\/qu-est-ce-que-le-droit-public\/\",\n\t            \"name\": \"Qu\u2019est-ce que le droit public ? D\u00e9f et branches du droit administratif\",\n\t            \"isPartOf\": {\n\t                \"@id\": \"https:\/\/sion.beestk.com\/fr\/#website\"\n\t            },\n\t            \"primaryImageOfPage\": {\n\t                \"@id\": \"https:\/\/sion.beestk.com\/fr\/qu-est-ce-que-le-droit-public\/#primaryimage\"\n\t            },\n\t            \"image\": {\n\t                \"@id\": \"https:\/\/sion.beestk.com\/fr\/qu-est-ce-que-le-droit-public\/#primaryimage\"\n\t            },\n\t            \"thumbnailUrl\": \"https:\/\/sion.beestk.com\/wp-content\/uploads\/2022\/04\/cover_qu-est-ce-que-le-droit-public.jpg\",\n\t            \"datePublished\": \"2023-11-16T17:47:00+00:00\",\n\t            \"dateModified\": \"2026-02-05T11:48:57+00:00\",\n\t            \"description\": \"Vous vous posez la question de savoir ce qu\u2019est le droit public ? D\u00e9couvrez l\u2019article du Cabinet Sion Avocat sur la d\u00e9finition et les branches du droit public.\",\n\t            \"breadcrumb\": {\n\t                \"@id\": \"https:\/\/sion.beestk.com\/fr\/qu-est-ce-que-le-droit-public\/#breadcrumb\"\n\t            },\n\t            \"inLanguage\": \"fr-FR\",\n\t            \"potentialAction\": [\n\t                {\n\t                    \"@type\": \"ReadAction\",\n\t                    \"target\": [\n\t                        \"https:\/\/sion.beestk.com\/fr\/qu-est-ce-que-le-droit-public\/\"\n\t                    ]\n\t                }\n\t            ]\n\t        },\n\t        {\n\t            \"@type\": \"ImageObject\",\n\t            \"inLanguage\": \"fr-FR\",\n\t            \"@id\": \"https:\/\/sion.beestk.com\/fr\/qu-est-ce-que-le-droit-public\/#primaryimage\",\n\t            \"url\": \"https:\/\/sion.beestk.com\/wp-content\/uploads\/2022\/04\/cover_qu-est-ce-que-le-droit-public.jpg\",\n\t            \"contentUrl\": \"https:\/\/sion.beestk.com\/wp-content\/uploads\/2022\/04\/cover_qu-est-ce-que-le-droit-public.jpg\",\n\t            \"width\": 1200,\n\t            \"height\": 800\n\t        },\n\t        {\n\t            \"@type\": \"BreadcrumbList\",\n\t            \"@id\": \"https:\/\/sion.beestk.com\/fr\/qu-est-ce-que-le-droit-public\/#breadcrumb\",\n\t            \"itemListElement\": [\n\t                {\n\t                    \"@type\": \"ListItem\",\n\t                    \"position\": 1,\n\t                    \"name\": \"Accueil\",\n\t                    \"item\": \"https:\/\/sion.beestk.com\/fr\/\"\n\t                },\n\t                {\n\t                    \"@type\": \"ListItem\",\n\t                    \"position\": 2,\n\t                    \"name\": \"Ressources\",\n\t                    \"item\": \"https:\/\/sion.beestk.com\/fr\/ressources\/\"\n\t                },\n\t                {\n\t                    \"@type\": \"ListItem\",\n\t                    \"position\": 3,\n\t                    \"name\": \"Actualit\u00e9s juridiques\",\n\t                    \"item\": \"https:\/\/sion.beestk.com\/fr\/ressources\/actualites-juridiques\/\"\n\t                },\n\t                {\n\t                    \"@type\": \"ListItem\",\n\t                    \"position\": 4,\n\t                    \"name\": \"Droit administratif\",\n\t                    \"item\": \"https:\/\/sion.beestk.com\/fr\/ressources\/actualites-juridiques\/droit-administratif\/\"\n\t                },\n\t                {\n\t                    \"@type\": \"ListItem\",\n\t                    \"position\": 5,\n\t                    \"name\": \"Le droit public : d\u00e9finition, branches et contentieux li\u00e9s au droit administratif\"\n\t                }\n\t            ]\n\t        },\n\t        {\n\t            \"@type\": \"WebSite\",\n\t            \"@id\": \"https:\/\/sion.beestk.com\/fr\/#website\",\n\t            \"url\": \"https:\/\/sion.beestk.com\/fr\/\",\n\t            \"name\": \"Cabinet Ya\u00ebl Sion & ASSOCI\u00c9S\",\n\t            \"description\": \"\",\n\t            \"publisher\": {\n\t                \"@id\": \"https:\/\/sion.beestk.com\/fr\/#organization\"\n\t            },\n\t            \"potentialAction\": [\n\t                {\n\t                    \"@type\": \"SearchAction\",\n\t                    \"target\": {\n\t                        \"@type\": \"EntryPoint\",\n\t                        \"urlTemplate\": \"https:\/\/sion.beestk.com\/fr\/?s={search_term_string}\"\n\t                    },\n\t                    \"query-input\": {\n\t                        \"@type\": \"PropertyValueSpecification\",\n\t                        \"valueRequired\": true,\n\t                        \"valueName\": \"search_term_string\"\n\t                    }\n\t                }\n\t            ],\n\t            \"inLanguage\": \"fr-FR\"\n\t        },\n\t        {\n\t            \"@type\": [\n\t                \"Organization\",\n\t                \"LocalBusiness\",\n\t                \"LegalService\"\n\t            ],\n\t            \"@id\": \"https:\/\/sion.beestk.com\/fr\/#organization\",\n\t            \"name\": \"Cabinet Ya\u00ebl Sion & ASSOCI\u00c9S\",\n\t            \"url\": \"https:\/\/sion.beestk.com\/fr\/\",\n\t            \"logo\": {\n\t                \"@type\": \"ImageObject\",\n\t                \"inLanguage\": \"fr-FR\",\n\t                \"@id\": \"https:\/\/sion.beestk.com\/fr\/#\/schema\/logo\/image\/\",\n\t                \"url\": \"https:\/\/sion.beestk.com\/wp-content\/uploads\/2025\/12\/logo.png\",\n\t                \"contentUrl\": \"https:\/\/sion.beestk.com\/wp-content\/uploads\/2025\/12\/logo.png\",\n\t                \"width\": 150,\n\t                \"height\": 72,\n\t                \"caption\": \"Cabinet Ya\u00ebl Sion & ASSOCI\u00c9S\"\n\t            },\n\t            \"image\": {\n\t                \"@id\": \"https:\/\/sion.beestk.com\/fr\/#\/schema\/logo\/image\/\"\n\t            },\n\t            \"sameAs\": [\n\t                \"https:\/\/maps.app.goo.gl\/wgFyjZZdY3JC98nZA\",\n\t                \"https:\/\/www.linkedin.com\/in\/ya%C3%ABl-sion-0a18091b3\/\"\n\t            ],\n\t            \"telephone\": \"+33465848884\",\n\t            \"address\": {\n\t                \"@type\": \"PostalAddress\",\n\t                \"addressCountry\": \"FR\",\n\t                \"addressLocality\": \"Marseille\",\n\t                \"postalCode\": \"13008\",\n\t                \"streetAddress\": \"565 avenue du Prado\"\n\t            },\n\t            \"openingHours\": [\n\t                \"Mo-Th 09:00-19:00\",\n\t                \"Fr 09:00-16:00\"\n\t            ],\n\t            \"hasMap\": \"https:\/\/maps.app.goo.gl\/wgFyjZZdY3JC98nZA\",\n\t            \"founder\": [\n\t                {\n\t                    \"@type\": \"Person\",\n\t                    \"name\": \"Ya\u00ebl Sion\",\n\t                    \"jobTitle\": \"Avocat\",\n\t                    \"worksFor\": {\n\t                        \"@id\": \"https:\/\/sion.beestk.com\/fr\/#organization\"\n\t                    },\n\t                    \"sameAs\": [\n\t                        \"https:\/\/www.linkedin.com\/in\/ya%C3%ABl-sion-0a18091b3\/\"\n\t                    ]\n\t                }\n\t            ],\n\t            \"foundingDate\": \"2015\"\n\t        },\n\t        {\n\t            \"@type\": \"Person\",\n\t            \"@id\": \"https:\/\/sion.beestk.com\/fr\/#\/schema\/person\/af6781cee515c982ec0cc7165afd0ec1\",\n\t            \"name\": \"Ya\u00ebl Sion\",\n\t            \"image\": {\n\t                \"@type\": \"ImageObject\",\n\t                \"inLanguage\": \"fr-FR\",\n\t                \"@id\": \"https:\/\/sion.beestk.com\/fr\/#\/schema\/person\/image\/\",\n\t                \"url\": \"https:\/\/secure.gravatar.com\/avatar\/a802dd23cdae5671bd494df17fbc5c2a8d88ff0d303671cee42d52f554533583?s=96&d=mm&r=g\",\n\t                \"contentUrl\": \"https:\/\/secure.gravatar.com\/avatar\/a802dd23cdae5671bd494df17fbc5c2a8d88ff0d303671cee42d52f554533583?s=96&d=mm&r=g\",\n\t                \"caption\": \"Ya\u00ebl Sion\"\n\t            }\n\t        }\n\t    ]\n\t}<\/script>\n<!-- \/ Yoast SEO plugin. -->","yoast_head_json":{"title":"Qu\u2019est-ce que le droit public ? D\u00e9f et branches du droit administratif","description":"Vous vous posez la question de savoir ce qu\u2019est le droit public ? D\u00e9couvrez l\u2019article du Cabinet Sion Avocat sur la d\u00e9finition et les branches du droit public.","robots":{"index":"noindex","follow":"follow","max-snippet":"max-snippet:-1","max-image-preview":"max-image-preview:large","max-video-preview":"max-video-preview:-1"},"og_locale":"fr_FR","og_type":"article","og_title":"Qu\u2019est-ce que le droit public ? D\u00e9f et branches du droit administratif","og_description":"Vous vous posez la question de savoir ce qu\u2019est le droit public ? D\u00e9couvrez l\u2019article du Cabinet Sion Avocat sur la d\u00e9finition et les branches du droit public.","og_url":"https:\/\/sion.beestk.com\/fr\/qu-est-ce-que-le-droit-public\/","og_site_name":"Sion Avocat","article_publisher":"https:\/\/maps.app.goo.gl\/wgFyjZZdY3JC98nZA","article_published_time":"2023-11-16T17:47:00+00:00","article_modified_time":"2026-02-05T11:48:57+00:00","og_image":[{"width":1200,"height":800,"url":"https:\/\/sion.beestk.com\/wp-content\/uploads\/2022\/04\/cover_qu-est-ce-que-le-droit-public.jpg","type":"image\/jpeg"}],"author":"Ya\u00ebl Sion","twitter_card":"summary_large_image","twitter_misc":{"\u00c9crit par":"Ya\u00ebl Sion","Dur\u00e9e de lecture estim\u00e9e":"10 minutes"},"schema":{"@context":"https:\/\/schema.org","@graph":[{"@type":"Article","@id":"https:\/\/sion.beestk.com\/fr\/qu-est-ce-que-le-droit-public\/#article","isPartOf":{"@id":"https:\/\/sion.beestk.com\/fr\/qu-est-ce-que-le-droit-public\/"},"author":{"name":"Ya\u00ebl Sion","@id":"https:\/\/sion.beestk.com\/fr\/#\/schema\/person\/af6781cee515c982ec0cc7165afd0ec1"},"headline":"Le droit public : d\u00e9finition, branches et contentieux li\u00e9s au droit administratif","datePublished":"2023-11-16T17:47:00+00:00","dateModified":"2026-02-05T11:48:57+00:00","mainEntityOfPage":{"@id":"https:\/\/sion.beestk.com\/fr\/qu-est-ce-que-le-droit-public\/"},"wordCount":1963,"commentCount":0,"publisher":{"@id":"https:\/\/sion.beestk.com\/fr\/#organization"},"image":{"@id":"https:\/\/sion.beestk.com\/fr\/qu-est-ce-que-le-droit-public\/#primaryimage"},"thumbnailUrl":"https:\/\/sion.beestk.com\/wp-content\/uploads\/2022\/04\/cover_qu-est-ce-que-le-droit-public.jpg","articleSection":["Droit administratif"],"inLanguage":"fr-FR","potentialAction":[{"@type":"CommentAction","name":"Comment","target":["https:\/\/sion.beestk.com\/fr\/qu-est-ce-que-le-droit-public\/#respond"]}]},{"@type":"WebPage","@id":"https:\/\/sion.beestk.com\/fr\/qu-est-ce-que-le-droit-public\/","url":"https:\/\/sion.beestk.com\/fr\/qu-est-ce-que-le-droit-public\/","name":"Qu\u2019est-ce que le droit public ? D\u00e9f et branches du droit administratif","isPartOf":{"@id":"https:\/\/sion.beestk.com\/fr\/#website"},"primaryImageOfPage":{"@id":"https:\/\/sion.beestk.com\/fr\/qu-est-ce-que-le-droit-public\/#primaryimage"},"image":{"@id":"https:\/\/sion.beestk.com\/fr\/qu-est-ce-que-le-droit-public\/#primaryimage"},"thumbnailUrl":"https:\/\/sion.beestk.com\/wp-content\/uploads\/2022\/04\/cover_qu-est-ce-que-le-droit-public.jpg","datePublished":"2023-11-16T17:47:00+00:00","dateModified":"2026-02-05T11:48:57+00:00","description":"Vous vous posez la question de savoir ce qu\u2019est le droit public ? D\u00e9couvrez l\u2019article du Cabinet Sion Avocat sur la d\u00e9finition et les branches du droit public.","breadcrumb":{"@id":"https:\/\/sion.beestk.com\/fr\/qu-est-ce-que-le-droit-public\/#breadcrumb"},"inLanguage":"fr-FR","potentialAction":[{"@type":"ReadAction","target":["https:\/\/sion.beestk.com\/fr\/qu-est-ce-que-le-droit-public\/"]}]},{"@type":"ImageObject","inLanguage":"fr-FR","@id":"https:\/\/sion.beestk.com\/fr\/qu-est-ce-que-le-droit-public\/#primaryimage","url":"https:\/\/sion.beestk.com\/wp-content\/uploads\/2022\/04\/cover_qu-est-ce-que-le-droit-public.jpg","contentUrl":"https:\/\/sion.beestk.com\/wp-content\/uploads\/2022\/04\/cover_qu-est-ce-que-le-droit-public.jpg","width":1200,"height":800},{"@type":"BreadcrumbList","@id":"https:\/\/sion.beestk.com\/fr\/qu-est-ce-que-le-droit-public\/#breadcrumb","itemListElement":[{"@type":"ListItem","position":1,"name":"Accueil","item":"https:\/\/sion.beestk.com\/fr\/"},{"@type":"ListItem","position":2,"name":"Ressources","item":"https:\/\/sion.beestk.com\/fr\/ressources\/"},{"@type":"ListItem","position":3,"name":"Actualit\u00e9s juridiques","item":"https:\/\/sion.beestk.com\/fr\/ressources\/actualites-juridiques\/"},{"@type":"ListItem","position":4,"name":"Droit administratif","item":"https:\/\/sion.beestk.com\/fr\/ressources\/actualites-juridiques\/droit-administratif\/"},{"@type":"ListItem","position":5,"name":"Le droit public : d\u00e9finition, branches et contentieux li\u00e9s au droit administratif"}]},{"@type":"WebSite","@id":"https:\/\/sion.beestk.com\/fr\/#website","url":"https:\/\/sion.beestk.com\/fr\/","name":"Cabinet Ya\u00ebl Sion & ASSOCI\u00c9S","description":"","publisher":{"@id":"https:\/\/sion.beestk.com\/fr\/#organization"},"potentialAction":[{"@type":"SearchAction","target":{"@type":"EntryPoint","urlTemplate":"https:\/\/sion.beestk.com\/fr\/?s={search_term_string}"},"query-input":{"@type":"PropertyValueSpecification","valueRequired":true,"valueName":"search_term_string"}}],"inLanguage":"fr-FR"},{"@type":["Organization","LocalBusiness","LegalService"],"@id":"https:\/\/sion.beestk.com\/fr\/#organization","name":"Cabinet Ya\u00ebl Sion & ASSOCI\u00c9S","url":"https:\/\/sion.beestk.com\/fr\/","logo":{"@type":"ImageObject","inLanguage":"fr-FR","@id":"https:\/\/sion.beestk.com\/fr\/#\/schema\/logo\/image\/","url":"https:\/\/sion.beestk.com\/wp-content\/uploads\/2025\/12\/logo.png","contentUrl":"https:\/\/sion.beestk.com\/wp-content\/uploads\/2025\/12\/logo.png","width":150,"height":72,"caption":"Cabinet Ya\u00ebl Sion & ASSOCI\u00c9S"},"image":{"@id":"https:\/\/sion.beestk.com\/fr\/#\/schema\/logo\/image\/"},"sameAs":["https:\/\/maps.app.goo.gl\/wgFyjZZdY3JC98nZA","https:\/\/www.linkedin.com\/in\/ya%C3%ABl-sion-0a18091b3\/"],"telephone":"+33465848884","address":{"@type":"PostalAddress","addressCountry":"FR","addressLocality":"Marseille","postalCode":"13008","streetAddress":"565 avenue du Prado"},"openingHours":["Mo-Th 09:00-19:00","Fr 09:00-16:00"],"hasMap":"https:\/\/maps.app.goo.gl\/wgFyjZZdY3JC98nZA","founder":[{"@type":"Person","name":"Ya\u00ebl Sion","jobTitle":"Avocat","worksFor":{"@id":"https:\/\/sion.beestk.com\/fr\/#organization"},"sameAs":["https:\/\/www.linkedin.com\/in\/ya%C3%ABl-sion-0a18091b3\/"]}],"foundingDate":"2015"},{"@type":"Person","@id":"https:\/\/sion.beestk.com\/fr\/#\/schema\/person\/af6781cee515c982ec0cc7165afd0ec1","name":"Ya\u00ebl Sion","image":{"@type":"ImageObject","inLanguage":"fr-FR","@id":"https:\/\/sion.beestk.com\/fr\/#\/schema\/person\/image\/","url":"https:\/\/secure.gravatar.com\/avatar\/a802dd23cdae5671bd494df17fbc5c2a8d88ff0d303671cee42d52f554533583?s=96&d=mm&r=g","contentUrl":"https:\/\/secure.gravatar.com\/avatar\/a802dd23cdae5671bd494df17fbc5c2a8d88ff0d303671cee42d52f554533583?s=96&d=mm&r=g","caption":"Ya\u00ebl Sion"}}]}},"_links":{"self":[{"href":"https:\/\/sion.beestk.com\/fr\/wp-json\/wp\/v2\/posts\/57","targetHints":{"allow":["GET"]}}],"collection":[{"href":"https:\/\/sion.beestk.com\/fr\/wp-json\/wp\/v2\/posts"}],"about":[{"href":"https:\/\/sion.beestk.com\/fr\/wp-json\/wp\/v2\/types\/post"}],"author":[{"embeddable":true,"href":"https:\/\/sion.beestk.com\/fr\/wp-json\/wp\/v2\/users\/3"}],"replies":[{"embeddable":true,"href":"https:\/\/sion.beestk.com\/fr\/wp-json\/wp\/v2\/comments?post=57"}],"version-history":[{"count":1,"href":"https:\/\/sion.beestk.com\/fr\/wp-json\/wp\/v2\/posts\/57\/revisions"}],"predecessor-version":[{"id":3167,"href":"https:\/\/sion.beestk.com\/fr\/wp-json\/wp\/v2\/posts\/57\/revisions\/3167"}],"wp:featuredmedia":[{"embeddable":true,"href":"https:\/\/sion.beestk.com\/fr\/wp-json\/wp\/v2\/media\/111"}],"wp:attachment":[{"href":"https:\/\/sion.beestk.com\/fr\/wp-json\/wp\/v2\/media?parent=57"}],"wp:term":[{"taxonomy":"category","embeddable":true,"href":"https:\/\/sion.beestk.com\/fr\/wp-json\/wp\/v2\/categories?post=57"},{"taxonomy":"post_tag","embeddable":true,"href":"https:\/\/sion.beestk.com\/fr\/wp-json\/wp\/v2\/tags?post=57"}],"curies":[{"name":"wp","href":"https:\/\/api.w.org\/{rel}","templated":true}]}}