{"id":54,"date":"2023-11-16T18:46:00","date_gmt":"2023-11-16T17:46:00","guid":{"rendered":"https:\/\/sion.beestk.com\/?p=54"},"modified":"2026-02-05T12:48:58","modified_gmt":"2026-02-05T11:48:58","slug":"pourquoi-avoir-recours-avocat-droit-public","status":"publish","type":"post","link":"https:\/\/sion.beestk.com\/fr\/pourquoi-avoir-recours-avocat-droit-public\/","title":{"rendered":"Quand faire appel \u00e0 un avocat en droit public ?"},"content":{"rendered":"\n<p><em>Lorsque les enjeux juridiques se m\u00ealent \u00e0 la sph\u00e8re publique, la n\u00e9cessit\u00e9 de consulter un avocat sp\u00e9cialis\u00e9 en droit public devient imp\u00e9rative. En effet, le droit public englobe un \u00e9ventail complexe de domaines tels que le droit administratif, le droit de la commande publique, le droit rural, et le droit administratif de la fonction publique. C&rsquo;est dans ce contexte que la pr\u00e9sence d&rsquo;un avocat publiciste comp\u00e9tent peut faire toute la diff\u00e9rence.<\/em><\/p>\n\n\n\n<p><em>Dans cet article, nous explorerons les raisons cruciales pour lesquelles faire appel \u00e0 un avocat en droit public peut s&rsquo;av\u00e9rer essentiel. De la d\u00e9fense des int\u00e9r\u00eats dans le cadre de la commande publique \u00e0 la r\u00e9solution de litiges relevant du droit administratif, nous aborderons chaque aspect tout en r\u00e9pondant aux interrogations fr\u00e9quentes telles que \u00ab\u00a0Quelle est la mission d&rsquo;un avocat en droit public ?\u00a0\u00bb et \u00ab\u00a0Quand est-il opportun de solliciter l&rsquo;expertise d&rsquo;un avocat en droit administratif ?\u00a0\u00bb.<\/em><\/p>\n\n\n\n<p><em>D\u00e9couvrez comment un avocat sp\u00e9cialis\u00e9 en droit public peut \u00eatre votre alli\u00e9 dans la complexit\u00e9 juridique de la sph\u00e8re publique et apprenez \u00e0 choisir le professionnel qui saura d\u00e9fendre au mieux vos int\u00e9r\u00eats.<\/em><\/p>\n\n\n\n<figure class=\"wp-block-image size-full\"><img fetchpriority=\"high\" decoding=\"async\" width=\"640\" height=\"410\" src=\"https:\/\/sion.beestk.com\/wp-content\/uploads\/2025\/12\/pourquoi-avoir-recours-avocat-droit-public.jpg\" alt=\"\" class=\"wp-image-55\" srcset=\"https:\/\/sion.beestk.com\/wp-content\/uploads\/2025\/12\/pourquoi-avoir-recours-avocat-droit-public.jpg 640w, https:\/\/sion.beestk.com\/wp-content\/uploads\/2025\/12\/pourquoi-avoir-recours-avocat-droit-public-300x192.jpg 300w\" sizes=\"(max-width: 640px) 100vw, 640px\" \/><\/figure>\n\n\n\n<h2 class=\"wp-block-heading\">Les diff\u00e9rentes missions d\u2019un avocat en droit public<\/h2>\n\n\n\n<p>Le domaine du droit public, vaste et complexe, englobe divers secteurs tels que le droit international, les finances publiques, le <a href=\"https:\/\/sion.beestk.com\/fr\/droit-administratif-definition\/\">droit administratif<\/a>, et le droit fiscal. Un avocat sp\u00e9cialis\u00e9 en droit public se positionne comme le professionnel incontournable pour guider et conseiller dans ce contexte juridique particuli\u00e8rement d\u00e9taill\u00e9.<\/p>\n\n\n\n<p>En tant qu&rsquo;expert, l&rsquo;<a href=\"https:\/\/sion.beestk.com\/fr\/nos-expertises\/droit-administratif\/\">avocat droit administratif<\/a> intervient dans l&rsquo;organisation et le fonctionnement des entit\u00e9s sp\u00e9cialis\u00e9es, telles que les administrations, les collectivit\u00e9s territoriales, et l&rsquo;\u00c9tat. Ses missions englobent donc tout ce qui a trait au droit international, aux finances publiques, mais aussi au <a href=\"https:\/\/sion.beestk.com\/fr\/nos-expertises\/droit-fiscal-douanier\/\">droit fiscal<\/a> par exemple. L&rsquo;avocat en fonction publique, avec son expertise sp\u00e9cifique, est le mieux plac\u00e9 pour offrir un accompagnement personnalis\u00e9 en mati\u00e8re de droit public. Ses champs d&rsquo;intervention sont vari\u00e9s, allant de la gestion des contentieux \u00e0 la fourniture de conseils juridiques. Il excelle notamment dans le droit li\u00e9 \u00e0 la domanialit\u00e9 publique, s&rsquo;engageant dans des t\u00e2ches telles que les n\u00e9gociations d&rsquo;avenants et la constitution des dossiers relatifs \u00e0 l&rsquo;occupation du domaine public. De plus, l\u2019avocat droit de la commande publique intervient dans des domaines sp\u00e9cialis\u00e9s tels que le droit \u00e9lectoral, la fonction publique, les march\u00e9s publics, et le droit des \u00e9trangers.<\/p>\n\n\n\n<p>Par ailleurs, un avocat sp\u00e9cialis\u00e9 en droit public joue un r\u00f4le cl\u00e9 dans le conseil et la d\u00e9fense des acteurs publics et priv\u00e9s face \u00e0 l\u2019administration. Il intervient dans des situations aussi vari\u00e9es que la d\u00e9fense des collectivit\u00e9s territoriales face \u00e0 des recours en urbanisme, ou encore l\u2019accompagnement d\u2019entreprises priv\u00e9es dans leurs relations avec des acteurs publics, notamment dans le cadre de la passation des march\u00e9s publics. Gr\u00e2ce \u00e0 sa ma\u00eetrise des r\u00e9glementations sp\u00e9cifiques \u00e0 ces domaines, l&rsquo;avocat publiciste est indispensable pour anticiper les risques juridiques, qu&rsquo;il s&rsquo;agisse de prot\u00e9ger des projets de construction ou de veiller \u00e0 la conformit\u00e9 des proc\u00e9dures administratives.<\/p>\n\n\n\n<p>Dans le domaine des contrats administratifs, l\u2019avocat en droit public assure \u00e9galement la gestion des contentieux li\u00e9s aux appels d\u2019offres, un domaine particuli\u00e8rement technique o\u00f9 la moindre erreur peut compromettre un projet majeur. Ce professionnel est aussi en premi\u00e8re ligne pour les contentieux d\u2019expropriation, o\u00f9 il assiste les propri\u00e9taires fonciers ou les collectivit\u00e9s dans la s\u00e9curisation des proc\u00e9dures.<\/p>\n\n\n\n<h2 class=\"wp-block-heading\">Dans quelles circonstances un avocat sp\u00e9cialis\u00e9 en droit public est-il appel\u00e9 \u00e0 intervenir ?<\/h2>\n\n\n\n<p>Les situations dans lesquelles un avocat en <a href=\"https:\/\/sion.beestk.com\/fr\/qu-est-ce-que-le-droit-public\/\">droit public<\/a> est sollicit\u00e9 sont multiples et diversifi\u00e9es. Ses interventions touchent des domaines sp\u00e9cifiques tels que<\/p>\n\n\n\n<ul class=\"wp-block-list\">\n<li>le droit administratif : l\u2019avocat publiciste d\u00e9terminera les responsabilit\u00e9s de chaque partie tout en \u00e9tudiant les droits des services publics gr\u00e2ce aux lois et jurisprudences<\/li>\n\n\n\n<li>les droits des collectivit\u00e9s<\/li>\n\n\n\n<li>les droits des agents de la fonction publique (titulaires ou non)<\/li>\n\n\n\n<li>les recours gracieux et les actions li\u00e9es \u00e0 la hi\u00e9rarchie et aux contentieux administratifs<\/li>\n\n\n\n<li>les contrats administratifs et les march\u00e9s publics<\/li>\n\n\n\n<li>les recours devant le tribunal administratif apr\u00e8s un examen ou un concours<\/li>\n\n\n\n<li>les droits de la nationalit\u00e9 : d\u00e9marches pour obtenir la nationalit\u00e9 fran\u00e7aise ou un titre de s\u00e9jour par exemple<\/li>\n\n\n\n<li>le droit relevant de la responsabilit\u00e9 soci\u00e9tale et notamment de la protection de l&rsquo;environnement.<\/li>\n\n\n\n<li>les r\u00e8gles applicables au domaine agricole : on parle alors d\u2019avocat en droit rural.<\/li>\n<\/ul>\n\n\n\n<p>L&rsquo;avocat en droit public est sollicit\u00e9 aussi bien pour des litiges que pour un accompagnement juridique de pr\u00e9vention. Outre les contentieux classiques (permis de construire, march\u00e9s publics, recours administratifs, <a href=\"https:\/\/sion.beestk.com\/fr\/delai-reponse-droit-administratif-delai-recours\/\">d\u00e9lais de recours<\/a>), il intervient \u00e9galement en amont pour conseiller ses clients sur la conformit\u00e9 de leurs projets aux r\u00e9glementations administratives et \u00e9viter ainsi des recours futurs. Par exemple, en mati\u00e8re d\u2019urbanisme, l\u2019avocat peut \u00eatre appel\u00e9 pour v\u00e9rifier la l\u00e9galit\u00e9 des d\u00e9cisions prises par les collectivit\u00e9s locales, ou pour d\u00e9fendre les int\u00e9r\u00eats d\u2019une entreprise face \u00e0 des d\u00e9cisions d\u00e9favorables de l\u2019administration, comme une mise en demeure ou une sanction.<\/p>\n\n\n\n<p>Dans le cadre des contrats de d\u00e9l\u00e9gation de services publics, comme les concessions ou les partenariats public-priv\u00e9 (PPP), l\u2019avocat en droit public est un alli\u00e9 pr\u00e9cieux pour la n\u00e9gociation et la s\u00e9curisation des accords. Gr\u00e2ce \u00e0 sa connaissance des r\u00e8gles sp\u00e9cifiques de la commande publique, il s\u2019assure que les proc\u00e9dures sont correctement suivies, r\u00e9duisant ainsi les risques de contentieux ult\u00e9rieurs.<\/p>\n\n\n\n<h2 class=\"wp-block-heading\">Quels sont les avantages \u00e0 contacter un avocat en droit public ?<\/h2>\n\n\n\n<p>Faire appel \u00e0 un avocat en droit public, \u00e9galement connu sous les termes d&rsquo;avocat publiciste ou avocat en droit administratif, pr\u00e9sente de nombreux avantages. En tant que professionnel sp\u00e9cialis\u00e9 dans la gestion des relations entre les collectivit\u00e9s publiques, les particuliers, et les personnes publiques, l&rsquo;avocat en droit public est le partenaire id\u00e9al pour b\u00e9n\u00e9ficier d&rsquo;un accompagnement juridique personnalis\u00e9. Gr\u00e2ce \u00e0 sa ma\u00eetrise du cadre l\u00e9gal r\u00e9gissant les administrations publiques, cet expert peut fournir des conseils juridiques avis\u00e9s dans le domaine de la fonction publique. Solliciter les services d&rsquo;un avocat en droit public constitue une d\u00e9marche strat\u00e9gique pour optimiser les chances de succ\u00e8s dans toute entreprise juridique, que ce soit pour des conseils, la gestion de litiges, ou la repr\u00e9sentation devant un tribunal administratif.<\/p>\n\n\n\n<p>L&rsquo;avocat en droit public intervient efficacement dans la supervision d&rsquo;actes administratifs, offrant son expertise lors de la signature ou du suivi des contrats de march\u00e9s publics. Son professionnalisme se r\u00e9v\u00e8le pr\u00e9cieux pour assurer le suivi de l&rsquo;aspect juridique des op\u00e9rations et repr\u00e9senter les clients devant les tribunaux administratifs en cas de contestation d&rsquo;une d\u00e9cision administrative.<\/p>\n\n\n\n<p>Faire appel \u00e0 un avocat publiciste permet \u00e9galement de b\u00e9n\u00e9ficier de son expertise pour anticiper les \u00e9volutions l\u00e9gislatives et r\u00e9glementaires qui pourraient impacter les activit\u00e9s de ses clients. Ce r\u00f4le de veille juridique est particuli\u00e8rement important dans des secteurs en constante \u00e9volution, tels que l\u2019environnement, l\u2019urbanisme, ou encore la commande publique. Un avocat en droit public peut ainsi accompagner ses clients dans l\u2019adaptation de leurs strat\u00e9gies et de leurs projets aux nouvelles contraintes l\u00e9gales, garantissant ainsi la p\u00e9rennit\u00e9 de leurs op\u00e9rations.<\/p>\n\n\n\n<p>En outre, ce professionnel peut \u00e9galement intervenir dans le cadre de n\u00e9gociations avec des administrations ou des collectivit\u00e9s locales, jouant un r\u00f4le d\u2019interm\u00e9diaire pour favoriser une r\u00e9solution amiable des diff\u00e9rends, avant m\u00eame l&rsquo;engagement d&rsquo;une proc\u00e9dure contentieuse. Cette approche permet de r\u00e9duire les co\u00fbts li\u00e9s aux litiges et de pr\u00e9server des relations de coop\u00e9ration entre les acteurs priv\u00e9s et publics.<\/p>\n\n\n\n<h2 class=\"wp-block-heading\">A qui s\u2019adressent les services d\u2019un avocat en droit public ?<\/h2>\n\n\n\n<p>Les services d&rsquo;un cabinet d&rsquo;avocat en droit administratif ne se limitent pas aux seules collectivit\u00e9s territoriales ou locales. Un avocat publiciste s&rsquo;adresse \u00e9galement \u00e0 un large \u00e9ventail de clients, qu&rsquo;il s&rsquo;agisse de la chambre de commerce et de l&rsquo;industrie, des chambres d&rsquo;agriculture, des entreprises, des groupes politiques, des syndicats, des associations, des \u00e9tablissements publics, ou des organismes publics. Consulter un avocat en droit public est essentiel pour faire valoir ses droits et sa responsabilit\u00e9 administrative dans des contextes vari\u00e9s tels que le droit de l&rsquo;environnement, les dommages li\u00e9s aux travaux publics, et bien d&rsquo;autres. Son intervention est cruciale pour la gestion des probl\u00e8mes li\u00e9s \u00e0 la contestation des sanctions, des permis de construire, et autres.<\/p>\n\n\n\n<h2 class=\"wp-block-heading\">Comment choisir un avocat en droit public ?<\/h2>\n\n\n\n<p>Vous vous demandez<strong> comment trouver un avocat droit administratif<\/strong> ?<\/p>\n\n\n\n<p>Le choix d&rsquo;un avocat publiciste pour traiter d&rsquo;une affaire en droit public requiert une attention particuli\u00e8re. Ce professionnel intervient dans divers domaines juridiques tels que le conseil juridique, la cour administrative d&rsquo;appel, les contrats publics, les permis de construire, et le droit public g\u00e9n\u00e9ral.<\/p>\n\n\n\n<p>L\u2019avocat publiciste joue un r\u00f4le central en conseillant toute personne en litige avec le domaine public ou l&rsquo;administration. En tant qu&rsquo;interm\u00e9diaire comp\u00e9tent entre particuliers ou professionnels et entit\u00e9s du domaine public, il g\u00e8re les relations entre plusieurs personnes publiques. Lorsqu&rsquo;il est engag\u00e9 par une entreprise, l&rsquo;avocat en droit public identifie les probl\u00e8mes contentieux potentiels li\u00e9s \u00e0 un projet commercial ou industriel. En cas de litige, il repr\u00e9sente son client devant le tribunal administratif, effectuant toutes les recherches n\u00e9cessaires \u00e0 sa d\u00e9fense.<\/p>\n\n\n\n<p>Lorsqu&rsquo;il travaille avec une collectivit\u00e9 locale ou territoriale, l&rsquo;avocat sp\u00e9cialis\u00e9 en droit public anticipe le contentieux gr\u00e2ce \u00e0 son expertise, assiste les \u00e9lus locaux dans leurs d\u00e9marches administratives, et s\u00e9curise les proc\u00e9dures de passation des march\u00e9s publics. Ses connaissances approfondies lui permettent de traiter des probl\u00e8mes li\u00e9s aux m\u00e9dias sociaux avec les \u00e9lus, limitant les risques et proposant des solutions concr\u00e8tes.<\/p>\n\n\n\n<p>En conclusion, choisir un avocat en droit public est une \u00e9tape cruciale pour assurer une gestion juridique efficace dans divers contextes, que ce soit au niveau individuel, professionnel, ou au sein d&rsquo;une collectivit\u00e9. Avec son expertise pointue et sa connaissance approfondie du cadre l\u00e9gal, cet avocat se positionne comme un alli\u00e9 strat\u00e9gique pour r\u00e9soudre des litiges, obtenir des conseils juridiques avis\u00e9s, et garantir une repr\u00e9sentation efficace devant les tribunaux administratifs.<\/p>\n\n\n\n<p><\/p>\n\n\n\n<p>Ainsi, vous l\u2019aurez compris, les raisons de faire appel \u00e0 un avocat en droit public sont l\u00e9gion, et un litige avec l\u2019administration publique n\u2019est pas \u00e0 prendre \u00e0 la l\u00e9g\u00e8re. Alors n\u2019attendez plus et <a href=\"https:\/\/sion.beestk.com\/fr\/contact\/\">contactez le Cabinet Sion Avocat<\/a>, avocat fiscaliste Marseille et avocat en droit administratif, pour vous accompagner.<\/p>\n\n\n\n<p><\/p>\n","protected":false},"excerpt":{"rendered":"<p>Lorsque les enjeux juridiques se m\u00ealent \u00e0 la sph\u00e8re publique, la n\u00e9cessit\u00e9 de consulter un avocat sp\u00e9cialis\u00e9 en droit public devient imp\u00e9rative. En effet, le droit public englobe un \u00e9ventail complexe de domaines tels que le droit administratif, le droit de la commande publique, le droit rural, et le droit administratif de la fonction publique. [&hellip;]<\/p>\n","protected":false},"author":3,"featured_media":110,"comment_status":"open","ping_status":"open","sticky":false,"template":"","format":"standard","meta":{"_acf_changed":false,"footnotes":""},"categories":[9],"tags":[],"class_list":["post-54","post","type-post","status-publish","format-standard","has-post-thumbnail","hentry","category-droit-administratif"],"acf":[],"yoast_head":"<!-- This site is optimized with the Yoast SEO plugin v26.8 - https:\/\/yoast.com\/product\/yoast-seo-wordpress\/ -->\n<title>Pourquoi avoir recours \u00e0 un avocat en droit public ?<\/title>\n<meta name=\"description\" content=\"Vous vous demandez pourquoi avoir recours \u00e0 un avocat en droit public, ou avocat droit administratif ? D\u00e9couvrez l\u2019article du Cabinet Sion Avocat\" \/>\n<meta name=\"robots\" content=\"noindex, follow, max-snippet:-1, max-image-preview:large, max-video-preview:-1\" \/>\n<meta property=\"og:locale\" content=\"fr_FR\" \/>\n<meta property=\"og:type\" content=\"article\" \/>\n<meta property=\"og:title\" content=\"Pourquoi avoir recours \u00e0 un avocat en droit public ?\" \/>\n<meta property=\"og:description\" content=\"Vous vous demandez pourquoi avoir recours \u00e0 un avocat en droit public, ou avocat droit administratif ? D\u00e9couvrez l\u2019article du Cabinet Sion Avocat\" \/>\n<meta property=\"og:url\" content=\"https:\/\/sion.beestk.com\/fr\/pourquoi-avoir-recours-avocat-droit-public\/\" \/>\n<meta property=\"og:site_name\" content=\"Sion Avocat\" \/>\n<meta property=\"article:publisher\" content=\"https:\/\/maps.app.goo.gl\/wgFyjZZdY3JC98nZA\" \/>\n<meta property=\"article:published_time\" content=\"2023-11-16T17:46:00+00:00\" \/>\n<meta property=\"article:modified_time\" content=\"2026-02-05T11:48:58+00:00\" \/>\n<meta property=\"og:image\" content=\"https:\/\/sion.beestk.com\/wp-content\/uploads\/2022\/04\/cover_pourquoi-avoir-recours-avocat-droit-public.jpg\" \/>\n\t<meta property=\"og:image:width\" content=\"1200\" \/>\n\t<meta property=\"og:image:height\" content=\"800\" \/>\n\t<meta property=\"og:image:type\" content=\"image\/jpeg\" \/>\n<meta name=\"author\" content=\"Ya\u00ebl Sion\" \/>\n<meta name=\"twitter:card\" content=\"summary_large_image\" \/>\n<meta name=\"twitter:label1\" content=\"\u00c9crit par\" \/>\n\t<meta name=\"twitter:data1\" content=\"Ya\u00ebl Sion\" \/>\n\t<meta name=\"twitter:label2\" content=\"Dur\u00e9e de lecture estim\u00e9e\" \/>\n\t<meta name=\"twitter:data2\" content=\"9 minutes\" \/>\n<script type=\"application\/ld+json\" class=\"yoast-schema-graph\">{\n\t    \"@context\": \"https:\/\/schema.org\",\n\t    \"@graph\": [\n\t        {\n\t            \"@type\": \"Article\",\n\t            \"@id\": \"https:\/\/sion.beestk.com\/fr\/pourquoi-avoir-recours-avocat-droit-public\/#article\",\n\t            \"isPartOf\": {\n\t                \"@id\": \"https:\/\/sion.beestk.com\/fr\/pourquoi-avoir-recours-avocat-droit-public\/\"\n\t            },\n\t            \"author\": {\n\t                \"name\": \"Ya\u00ebl Sion\",\n\t                \"@id\": \"https:\/\/sion.beestk.com\/fr\/#\/schema\/person\/af6781cee515c982ec0cc7165afd0ec1\"\n\t            },\n\t            \"headline\": \"Quand faire appel \u00e0 un avocat en droit public ?\",\n\t            \"datePublished\": \"2023-11-16T17:46:00+00:00\",\n\t            \"dateModified\": \"2026-02-05T11:48:58+00:00\",\n\t            \"mainEntityOfPage\": {\n\t                \"@id\": \"https:\/\/sion.beestk.com\/fr\/pourquoi-avoir-recours-avocat-droit-public\/\"\n\t            },\n\t            \"wordCount\": 1867,\n\t            \"commentCount\": 0,\n\t            \"publisher\": {\n\t                \"@id\": \"https:\/\/sion.beestk.com\/fr\/#organization\"\n\t            },\n\t            \"image\": {\n\t                \"@id\": \"https:\/\/sion.beestk.com\/fr\/pourquoi-avoir-recours-avocat-droit-public\/#primaryimage\"\n\t            },\n\t            \"thumbnailUrl\": \"https:\/\/sion.beestk.com\/wp-content\/uploads\/2022\/04\/cover_pourquoi-avoir-recours-avocat-droit-public.jpg\",\n\t            \"articleSection\": [\n\t                \"Droit administratif\"\n\t            ],\n\t            \"inLanguage\": \"fr-FR\",\n\t            \"potentialAction\": [\n\t                {\n\t                    \"@type\": \"CommentAction\",\n\t                    \"name\": \"Comment\",\n\t                    \"target\": [\n\t                        \"https:\/\/sion.beestk.com\/fr\/pourquoi-avoir-recours-avocat-droit-public\/#respond\"\n\t                    ]\n\t                }\n\t            ]\n\t        },\n\t        {\n\t            \"@type\": \"WebPage\",\n\t            \"@id\": \"https:\/\/sion.beestk.com\/fr\/pourquoi-avoir-recours-avocat-droit-public\/\",\n\t            \"url\": \"https:\/\/sion.beestk.com\/fr\/pourquoi-avoir-recours-avocat-droit-public\/\",\n\t            \"name\": \"Pourquoi avoir recours \u00e0 un avocat en droit public ?\",\n\t            \"isPartOf\": {\n\t                \"@id\": \"https:\/\/sion.beestk.com\/fr\/#website\"\n\t            },\n\t            \"primaryImageOfPage\": {\n\t                \"@id\": \"https:\/\/sion.beestk.com\/fr\/pourquoi-avoir-recours-avocat-droit-public\/#primaryimage\"\n\t            },\n\t            \"image\": {\n\t                \"@id\": \"https:\/\/sion.beestk.com\/fr\/pourquoi-avoir-recours-avocat-droit-public\/#primaryimage\"\n\t            },\n\t            \"thumbnailUrl\": \"https:\/\/sion.beestk.com\/wp-content\/uploads\/2022\/04\/cover_pourquoi-avoir-recours-avocat-droit-public.jpg\",\n\t            \"datePublished\": \"2023-11-16T17:46:00+00:00\",\n\t            \"dateModified\": \"2026-02-05T11:48:58+00:00\",\n\t            \"description\": \"Vous vous demandez pourquoi avoir recours \u00e0 un avocat en droit public, ou avocat droit administratif ? D\u00e9couvrez l\u2019article du Cabinet Sion Avocat\",\n\t            \"breadcrumb\": {\n\t                \"@id\": \"https:\/\/sion.beestk.com\/fr\/pourquoi-avoir-recours-avocat-droit-public\/#breadcrumb\"\n\t            },\n\t            \"inLanguage\": \"fr-FR\",\n\t            \"potentialAction\": [\n\t                {\n\t                    \"@type\": \"ReadAction\",\n\t                    \"target\": [\n\t                        \"https:\/\/sion.beestk.com\/fr\/pourquoi-avoir-recours-avocat-droit-public\/\"\n\t                    ]\n\t                }\n\t            ]\n\t        },\n\t        {\n\t            \"@type\": \"ImageObject\",\n\t            \"inLanguage\": \"fr-FR\",\n\t            \"@id\": \"https:\/\/sion.beestk.com\/fr\/pourquoi-avoir-recours-avocat-droit-public\/#primaryimage\",\n\t            \"url\": \"https:\/\/sion.beestk.com\/wp-content\/uploads\/2022\/04\/cover_pourquoi-avoir-recours-avocat-droit-public.jpg\",\n\t            \"contentUrl\": \"https:\/\/sion.beestk.com\/wp-content\/uploads\/2022\/04\/cover_pourquoi-avoir-recours-avocat-droit-public.jpg\",\n\t            \"width\": 1200,\n\t            \"height\": 800\n\t        },\n\t        {\n\t            \"@type\": \"BreadcrumbList\",\n\t            \"@id\": \"https:\/\/sion.beestk.com\/fr\/pourquoi-avoir-recours-avocat-droit-public\/#breadcrumb\",\n\t            \"itemListElement\": [\n\t                {\n\t                    \"@type\": \"ListItem\",\n\t                    \"position\": 1,\n\t                    \"name\": \"Accueil\",\n\t                    \"item\": \"https:\/\/sion.beestk.com\/fr\/\"\n\t                },\n\t                {\n\t                    \"@type\": \"ListItem\",\n\t                    \"position\": 2,\n\t                    \"name\": \"Ressources\",\n\t                    \"item\": \"https:\/\/sion.beestk.com\/fr\/ressources\/\"\n\t                },\n\t                {\n\t                    \"@type\": \"ListItem\",\n\t                    \"position\": 3,\n\t                    \"name\": \"Actualit\u00e9s juridiques\",\n\t                    \"item\": \"https:\/\/sion.beestk.com\/fr\/ressources\/actualites-juridiques\/\"\n\t                },\n\t                {\n\t                    \"@type\": \"ListItem\",\n\t                    \"position\": 4,\n\t                    \"name\": \"Droit administratif\",\n\t                    \"item\": \"https:\/\/sion.beestk.com\/fr\/ressources\/actualites-juridiques\/droit-administratif\/\"\n\t                },\n\t                {\n\t                    \"@type\": \"ListItem\",\n\t                    \"position\": 5,\n\t                    \"name\": \"Quand faire appel \u00e0 un avocat en droit public ?\"\n\t                }\n\t            ]\n\t        },\n\t        {\n\t            \"@type\": \"WebSite\",\n\t            \"@id\": \"https:\/\/sion.beestk.com\/fr\/#website\",\n\t            \"url\": \"https:\/\/sion.beestk.com\/fr\/\",\n\t            \"name\": \"Cabinet Ya\u00ebl Sion & ASSOCI\u00c9S\",\n\t            \"description\": \"\",\n\t            \"publisher\": {\n\t                \"@id\": \"https:\/\/sion.beestk.com\/fr\/#organization\"\n\t            },\n\t            \"potentialAction\": [\n\t                {\n\t                    \"@type\": \"SearchAction\",\n\t                    \"target\": {\n\t                        \"@type\": \"EntryPoint\",\n\t                        \"urlTemplate\": \"https:\/\/sion.beestk.com\/fr\/?s={search_term_string}\"\n\t                    },\n\t                    \"query-input\": {\n\t                        \"@type\": \"PropertyValueSpecification\",\n\t                        \"valueRequired\": true,\n\t                        \"valueName\": \"search_term_string\"\n\t                    }\n\t                }\n\t            ],\n\t            \"inLanguage\": \"fr-FR\"\n\t        },\n\t        {\n\t            \"@type\": [\n\t                \"Organization\",\n\t                \"LocalBusiness\",\n\t                \"LegalService\"\n\t            ],\n\t            \"@id\": \"https:\/\/sion.beestk.com\/fr\/#organization\",\n\t            \"name\": \"Cabinet Ya\u00ebl Sion & ASSOCI\u00c9S\",\n\t            \"url\": \"https:\/\/sion.beestk.com\/fr\/\",\n\t            \"logo\": {\n\t                \"@type\": \"ImageObject\",\n\t                \"inLanguage\": \"fr-FR\",\n\t                \"@id\": \"https:\/\/sion.beestk.com\/fr\/#\/schema\/logo\/image\/\",\n\t                \"url\": \"https:\/\/sion.beestk.com\/wp-content\/uploads\/2025\/12\/logo.png\",\n\t                \"contentUrl\": \"https:\/\/sion.beestk.com\/wp-content\/uploads\/2025\/12\/logo.png\",\n\t                \"width\": 150,\n\t                \"height\": 72,\n\t                \"caption\": \"Cabinet Ya\u00ebl Sion & ASSOCI\u00c9S\"\n\t            },\n\t            \"image\": {\n\t                \"@id\": \"https:\/\/sion.beestk.com\/fr\/#\/schema\/logo\/image\/\"\n\t            },\n\t            \"sameAs\": [\n\t                \"https:\/\/maps.app.goo.gl\/wgFyjZZdY3JC98nZA\",\n\t                \"https:\/\/www.linkedin.com\/in\/ya%C3%ABl-sion-0a18091b3\/\"\n\t            ],\n\t            \"telephone\": \"+33465848884\",\n\t            \"address\": {\n\t                \"@type\": \"PostalAddress\",\n\t                \"addressCountry\": \"FR\",\n\t                \"addressLocality\": \"Marseille\",\n\t                \"postalCode\": \"13008\",\n\t                \"streetAddress\": \"565 avenue du Prado\"\n\t            },\n\t            \"openingHours\": [\n\t                \"Mo-Th 09:00-19:00\",\n\t                \"Fr 09:00-16:00\"\n\t            ],\n\t            \"hasMap\": \"https:\/\/maps.app.goo.gl\/wgFyjZZdY3JC98nZA\",\n\t            \"founder\": [\n\t                {\n\t                    \"@type\": \"Person\",\n\t                    \"name\": \"Ya\u00ebl Sion\",\n\t                    \"jobTitle\": \"Avocat\",\n\t                    \"worksFor\": {\n\t                        \"@id\": \"https:\/\/sion.beestk.com\/fr\/#organization\"\n\t                    },\n\t                    \"sameAs\": [\n\t                        \"https:\/\/www.linkedin.com\/in\/ya%C3%ABl-sion-0a18091b3\/\"\n\t                    ]\n\t                }\n\t            ],\n\t            \"foundingDate\": \"2015\"\n\t        },\n\t        {\n\t            \"@type\": \"Person\",\n\t            \"@id\": \"https:\/\/sion.beestk.com\/fr\/#\/schema\/person\/af6781cee515c982ec0cc7165afd0ec1\",\n\t            \"name\": \"Ya\u00ebl Sion\",\n\t            \"image\": {\n\t                \"@type\": \"ImageObject\",\n\t                \"inLanguage\": \"fr-FR\",\n\t                \"@id\": \"https:\/\/sion.beestk.com\/fr\/#\/schema\/person\/image\/\",\n\t                \"url\": \"https:\/\/secure.gravatar.com\/avatar\/a802dd23cdae5671bd494df17fbc5c2a8d88ff0d303671cee42d52f554533583?s=96&d=mm&r=g\",\n\t                \"contentUrl\": \"https:\/\/secure.gravatar.com\/avatar\/a802dd23cdae5671bd494df17fbc5c2a8d88ff0d303671cee42d52f554533583?s=96&d=mm&r=g\",\n\t                \"caption\": \"Ya\u00ebl Sion\"\n\t            }\n\t        }\n\t    ]\n\t}<\/script>\n<!-- \/ Yoast SEO plugin. -->","yoast_head_json":{"title":"Pourquoi avoir recours \u00e0 un avocat en droit public ?","description":"Vous vous demandez pourquoi avoir recours \u00e0 un avocat en droit public, ou avocat droit administratif ? D\u00e9couvrez l\u2019article du Cabinet Sion Avocat","robots":{"index":"noindex","follow":"follow","max-snippet":"max-snippet:-1","max-image-preview":"max-image-preview:large","max-video-preview":"max-video-preview:-1"},"og_locale":"fr_FR","og_type":"article","og_title":"Pourquoi avoir recours \u00e0 un avocat en droit public ?","og_description":"Vous vous demandez pourquoi avoir recours \u00e0 un avocat en droit public, ou avocat droit administratif ? D\u00e9couvrez l\u2019article du Cabinet Sion Avocat","og_url":"https:\/\/sion.beestk.com\/fr\/pourquoi-avoir-recours-avocat-droit-public\/","og_site_name":"Sion Avocat","article_publisher":"https:\/\/maps.app.goo.gl\/wgFyjZZdY3JC98nZA","article_published_time":"2023-11-16T17:46:00+00:00","article_modified_time":"2026-02-05T11:48:58+00:00","og_image":[{"width":1200,"height":800,"url":"https:\/\/sion.beestk.com\/wp-content\/uploads\/2022\/04\/cover_pourquoi-avoir-recours-avocat-droit-public.jpg","type":"image\/jpeg"}],"author":"Ya\u00ebl Sion","twitter_card":"summary_large_image","twitter_misc":{"\u00c9crit par":"Ya\u00ebl Sion","Dur\u00e9e de lecture estim\u00e9e":"9 minutes"},"schema":{"@context":"https:\/\/schema.org","@graph":[{"@type":"Article","@id":"https:\/\/sion.beestk.com\/fr\/pourquoi-avoir-recours-avocat-droit-public\/#article","isPartOf":{"@id":"https:\/\/sion.beestk.com\/fr\/pourquoi-avoir-recours-avocat-droit-public\/"},"author":{"name":"Ya\u00ebl Sion","@id":"https:\/\/sion.beestk.com\/fr\/#\/schema\/person\/af6781cee515c982ec0cc7165afd0ec1"},"headline":"Quand faire appel \u00e0 un avocat en droit public ?","datePublished":"2023-11-16T17:46:00+00:00","dateModified":"2026-02-05T11:48:58+00:00","mainEntityOfPage":{"@id":"https:\/\/sion.beestk.com\/fr\/pourquoi-avoir-recours-avocat-droit-public\/"},"wordCount":1867,"commentCount":0,"publisher":{"@id":"https:\/\/sion.beestk.com\/fr\/#organization"},"image":{"@id":"https:\/\/sion.beestk.com\/fr\/pourquoi-avoir-recours-avocat-droit-public\/#primaryimage"},"thumbnailUrl":"https:\/\/sion.beestk.com\/wp-content\/uploads\/2022\/04\/cover_pourquoi-avoir-recours-avocat-droit-public.jpg","articleSection":["Droit administratif"],"inLanguage":"fr-FR","potentialAction":[{"@type":"CommentAction","name":"Comment","target":["https:\/\/sion.beestk.com\/fr\/pourquoi-avoir-recours-avocat-droit-public\/#respond"]}]},{"@type":"WebPage","@id":"https:\/\/sion.beestk.com\/fr\/pourquoi-avoir-recours-avocat-droit-public\/","url":"https:\/\/sion.beestk.com\/fr\/pourquoi-avoir-recours-avocat-droit-public\/","name":"Pourquoi avoir recours \u00e0 un avocat en droit public ?","isPartOf":{"@id":"https:\/\/sion.beestk.com\/fr\/#website"},"primaryImageOfPage":{"@id":"https:\/\/sion.beestk.com\/fr\/pourquoi-avoir-recours-avocat-droit-public\/#primaryimage"},"image":{"@id":"https:\/\/sion.beestk.com\/fr\/pourquoi-avoir-recours-avocat-droit-public\/#primaryimage"},"thumbnailUrl":"https:\/\/sion.beestk.com\/wp-content\/uploads\/2022\/04\/cover_pourquoi-avoir-recours-avocat-droit-public.jpg","datePublished":"2023-11-16T17:46:00+00:00","dateModified":"2026-02-05T11:48:58+00:00","description":"Vous vous demandez pourquoi avoir recours \u00e0 un avocat en droit public, ou avocat droit administratif ? D\u00e9couvrez l\u2019article du Cabinet Sion Avocat","breadcrumb":{"@id":"https:\/\/sion.beestk.com\/fr\/pourquoi-avoir-recours-avocat-droit-public\/#breadcrumb"},"inLanguage":"fr-FR","potentialAction":[{"@type":"ReadAction","target":["https:\/\/sion.beestk.com\/fr\/pourquoi-avoir-recours-avocat-droit-public\/"]}]},{"@type":"ImageObject","inLanguage":"fr-FR","@id":"https:\/\/sion.beestk.com\/fr\/pourquoi-avoir-recours-avocat-droit-public\/#primaryimage","url":"https:\/\/sion.beestk.com\/wp-content\/uploads\/2022\/04\/cover_pourquoi-avoir-recours-avocat-droit-public.jpg","contentUrl":"https:\/\/sion.beestk.com\/wp-content\/uploads\/2022\/04\/cover_pourquoi-avoir-recours-avocat-droit-public.jpg","width":1200,"height":800},{"@type":"BreadcrumbList","@id":"https:\/\/sion.beestk.com\/fr\/pourquoi-avoir-recours-avocat-droit-public\/#breadcrumb","itemListElement":[{"@type":"ListItem","position":1,"name":"Accueil","item":"https:\/\/sion.beestk.com\/fr\/"},{"@type":"ListItem","position":2,"name":"Ressources","item":"https:\/\/sion.beestk.com\/fr\/ressources\/"},{"@type":"ListItem","position":3,"name":"Actualit\u00e9s juridiques","item":"https:\/\/sion.beestk.com\/fr\/ressources\/actualites-juridiques\/"},{"@type":"ListItem","position":4,"name":"Droit administratif","item":"https:\/\/sion.beestk.com\/fr\/ressources\/actualites-juridiques\/droit-administratif\/"},{"@type":"ListItem","position":5,"name":"Quand faire appel \u00e0 un avocat en droit public ?"}]},{"@type":"WebSite","@id":"https:\/\/sion.beestk.com\/fr\/#website","url":"https:\/\/sion.beestk.com\/fr\/","name":"Cabinet Ya\u00ebl Sion & ASSOCI\u00c9S","description":"","publisher":{"@id":"https:\/\/sion.beestk.com\/fr\/#organization"},"potentialAction":[{"@type":"SearchAction","target":{"@type":"EntryPoint","urlTemplate":"https:\/\/sion.beestk.com\/fr\/?s={search_term_string}"},"query-input":{"@type":"PropertyValueSpecification","valueRequired":true,"valueName":"search_term_string"}}],"inLanguage":"fr-FR"},{"@type":["Organization","LocalBusiness","LegalService"],"@id":"https:\/\/sion.beestk.com\/fr\/#organization","name":"Cabinet Ya\u00ebl Sion & ASSOCI\u00c9S","url":"https:\/\/sion.beestk.com\/fr\/","logo":{"@type":"ImageObject","inLanguage":"fr-FR","@id":"https:\/\/sion.beestk.com\/fr\/#\/schema\/logo\/image\/","url":"https:\/\/sion.beestk.com\/wp-content\/uploads\/2025\/12\/logo.png","contentUrl":"https:\/\/sion.beestk.com\/wp-content\/uploads\/2025\/12\/logo.png","width":150,"height":72,"caption":"Cabinet Ya\u00ebl Sion & ASSOCI\u00c9S"},"image":{"@id":"https:\/\/sion.beestk.com\/fr\/#\/schema\/logo\/image\/"},"sameAs":["https:\/\/maps.app.goo.gl\/wgFyjZZdY3JC98nZA","https:\/\/www.linkedin.com\/in\/ya%C3%ABl-sion-0a18091b3\/"],"telephone":"+33465848884","address":{"@type":"PostalAddress","addressCountry":"FR","addressLocality":"Marseille","postalCode":"13008","streetAddress":"565 avenue du Prado"},"openingHours":["Mo-Th 09:00-19:00","Fr 09:00-16:00"],"hasMap":"https:\/\/maps.app.goo.gl\/wgFyjZZdY3JC98nZA","founder":[{"@type":"Person","name":"Ya\u00ebl Sion","jobTitle":"Avocat","worksFor":{"@id":"https:\/\/sion.beestk.com\/fr\/#organization"},"sameAs":["https:\/\/www.linkedin.com\/in\/ya%C3%ABl-sion-0a18091b3\/"]}],"foundingDate":"2015"},{"@type":"Person","@id":"https:\/\/sion.beestk.com\/fr\/#\/schema\/person\/af6781cee515c982ec0cc7165afd0ec1","name":"Ya\u00ebl Sion","image":{"@type":"ImageObject","inLanguage":"fr-FR","@id":"https:\/\/sion.beestk.com\/fr\/#\/schema\/person\/image\/","url":"https:\/\/secure.gravatar.com\/avatar\/a802dd23cdae5671bd494df17fbc5c2a8d88ff0d303671cee42d52f554533583?s=96&d=mm&r=g","contentUrl":"https:\/\/secure.gravatar.com\/avatar\/a802dd23cdae5671bd494df17fbc5c2a8d88ff0d303671cee42d52f554533583?s=96&d=mm&r=g","caption":"Ya\u00ebl Sion"}}]}},"_links":{"self":[{"href":"https:\/\/sion.beestk.com\/fr\/wp-json\/wp\/v2\/posts\/54","targetHints":{"allow":["GET"]}}],"collection":[{"href":"https:\/\/sion.beestk.com\/fr\/wp-json\/wp\/v2\/posts"}],"about":[{"href":"https:\/\/sion.beestk.com\/fr\/wp-json\/wp\/v2\/types\/post"}],"author":[{"embeddable":true,"href":"https:\/\/sion.beestk.com\/fr\/wp-json\/wp\/v2\/users\/3"}],"replies":[{"embeddable":true,"href":"https:\/\/sion.beestk.com\/fr\/wp-json\/wp\/v2\/comments?post=54"}],"version-history":[{"count":1,"href":"https:\/\/sion.beestk.com\/fr\/wp-json\/wp\/v2\/posts\/54\/revisions"}],"predecessor-version":[{"id":3157,"href":"https:\/\/sion.beestk.com\/fr\/wp-json\/wp\/v2\/posts\/54\/revisions\/3157"}],"wp:featuredmedia":[{"embeddable":true,"href":"https:\/\/sion.beestk.com\/fr\/wp-json\/wp\/v2\/media\/110"}],"wp:attachment":[{"href":"https:\/\/sion.beestk.com\/fr\/wp-json\/wp\/v2\/media?parent=54"}],"wp:term":[{"taxonomy":"category","embeddable":true,"href":"https:\/\/sion.beestk.com\/fr\/wp-json\/wp\/v2\/categories?post=54"},{"taxonomy":"post_tag","embeddable":true,"href":"https:\/\/sion.beestk.com\/fr\/wp-json\/wp\/v2\/tags?post=54"}],"curies":[{"name":"wp","href":"https:\/\/api.w.org\/{rel}","templated":true}]}}