{"id":51,"date":"2023-10-19T18:45:00","date_gmt":"2023-10-19T16:45:00","guid":{"rendered":"https:\/\/sion.beestk.com\/?p=51"},"modified":"2026-02-05T12:48:58","modified_gmt":"2026-02-05T11:48:58","slug":"tout-savoir-controle-fiscal-entreprise","status":"publish","type":"post","link":"https:\/\/sion.beestk.com\/fr\/tout-savoir-controle-fiscal-entreprise\/","title":{"rendered":"Contr\u00f4le fiscal en entreprise : ce qu\u2019il faut savoir pour s\u2019y pr\u00e9parer sereinement"},"content":{"rendered":"\n<p><em>Recevoir un <strong>avis de v\u00e9rification fiscale <\/strong>peut susciter de nombreuses interrogations et une certaine inqui\u00e9tude. Pourtant, un <strong>contr\u00f4le fiscal en entreprise<\/strong> ne signifie pas syst\u00e9matiquement un <a href=\"https:\/\/sion.beestk.com\/fr\/qu-est-ce-qu-un-redressement-fiscal\/\">redressement fiscal<\/a>. Avec la bonne pr\u00e9paration et une compr\u00e9hension claire de la proc\u00e9dure, cette \u00e9tape peut \u00eatre g\u00e9r\u00e9e efficacement.<\/em><\/p>\n\n\n\n<p><em>Dans ce guide, le <strong>Cabinet Sion Avocat <\/strong>vous aide \u00e0 comprendre comment se d\u00e9roule un contr\u00f4le fiscal, pourquoi certaines entreprises sont cibl\u00e9es, et surtout comment bien s\u2019y pr\u00e9parer pour limiter les risques. Objectif : transformer cette contrainte administrative en une d\u00e9marche ma\u00eetris\u00e9e, transparente et conforme.<\/em><\/p>\n\n\n\n<figure class=\"wp-block-image size-full\"><img fetchpriority=\"high\" decoding=\"async\" width=\"637\" height=\"688\" src=\"https:\/\/sion.beestk.com\/wp-content\/uploads\/2025\/12\/tout-savoir-controle-fiscal-entreprise.jpg\" alt=\"\" class=\"wp-image-52\" srcset=\"https:\/\/sion.beestk.com\/wp-content\/uploads\/2025\/12\/tout-savoir-controle-fiscal-entreprise.jpg 637w, https:\/\/sion.beestk.com\/wp-content\/uploads\/2025\/12\/tout-savoir-controle-fiscal-entreprise-278x300.jpg 278w\" sizes=\"(max-width: 637px) 100vw, 637px\" \/><\/figure>\n\n\n\n<h2 class=\"wp-block-heading\">Qu\u2019est-ce qu\u2019un contr\u00f4le fiscal en entreprise ?<\/h2>\n\n\n\n<p>Toutes les entreprises, qu\u2019il s\u2019agisse de soci\u00e9t\u00e9s ou d\u2019entreprises individuelles, peuvent faire l\u2019objet d\u2019un <strong>contr\u00f4le fiscal<\/strong>. Cette proc\u00e9dure permet \u00e0 l\u2019administration de v\u00e9rifier la conformit\u00e9 des d\u00e9clarations et de lutter contre la fraude. Elle consiste \u00e0 examiner la comptabilit\u00e9 et les d\u00e9clarations fiscales d\u2019un contribuable, parfois sur plusieurs ann\u00e9es.<\/p>\n\n\n\n<p>Loin d\u2019\u00eatre r\u00e9serv\u00e9e aux grandes structures, cette v\u00e9rification peut concerner n\u2019importe quelle entreprise, quel que soit son secteur ou sa taille. Comprendre le <strong>fonctionnement d\u2019un contr\u00f4le fiscal<\/strong> est donc essentiel pour s\u2019y pr\u00e9parer sereinement.<\/p>\n\n\n\n<h3 class=\"wp-block-heading\">Objectif et d\u00e9finition du contr\u00f4le fiscal<\/h3>\n\n\n\n<p>En France, les entreprises doivent transmettre r\u00e9guli\u00e8rement diverses <strong>d\u00e9clarations fiscales<\/strong> \u00e0 l\u2019administration : TVA, imp\u00f4t sur les soci\u00e9t\u00e9s, imp\u00f4t sur le revenu pour les entreprises individuelles, CVAE, etc. La Direction g\u00e9n\u00e9rale des finances publiques (DGFIP) est charg\u00e9e de contr\u00f4ler l\u2019exactitude de ces informations.<\/p>\n\n\n\n<p>Pour ce faire, elle peut d\u00e9clencher un <strong>contr\u00f4le fiscal<\/strong>, visant \u00e0 v\u00e9rifier la sinc\u00e9rit\u00e9 des d\u00e9clarations et \u00e0 d\u00e9tecter d\u2019\u00e9ventuelles irr\u00e9gularit\u00e9s. Ces contr\u00f4les permettent de distinguer les erreurs involontaires des fraudes caract\u00e9ris\u00e9es. Ils constituent un outil central dans la lutte contre l\u2019\u00e9vasion fiscale, mais aussi dans le maintien d\u2019une concurrence \u00e9quitable entre entreprises.<\/p>\n\n\n\n<h2 class=\"wp-block-heading\">Les diff\u00e9rents types de contr\u00f4les fiscaux<\/h2>\n\n\n\n<p>Il existe plusieurs formes de <strong>contr\u00f4le fiscal en entreprise<\/strong>, qui diff\u00e8rent selon leur objectif et leur modalit\u00e9 de r\u00e9alisation.<\/p>\n\n\n\n<h3 class=\"wp-block-heading\">Le contr\u00f4le sur pi\u00e8ces<\/h3>\n\n\n\n<p>Ce type de contr\u00f4le est effectu\u00e9 \u00e0 distance, par un agent de l\u2019administration, sur la base des \u00e9l\u00e9ments d\u00e9j\u00e0 transmis dans vos d\u00e9clarations fiscales. Il se d\u00e9roule de mani\u00e8re discr\u00e8te, sans avertissement pr\u00e9alable, et reste limit\u00e9 tant qu\u2019aucune anomalie n\u2019est d\u00e9tect\u00e9e.<\/p>\n\n\n\n<h3 class=\"wp-block-heading\">La v\u00e9rification de comptabilit\u00e9<\/h3>\n\n\n\n<p>Il s\u2019agit du contr\u00f4le fiscal le plus approfondi. Il peut \u00eatre r\u00e9alis\u00e9 selon deux modalit\u00e9s :<\/p>\n\n\n\n<ul class=\"wp-block-list\">\n<li><strong>Sur place : <\/strong>un inspecteur se rend dans les locaux de l\u2019entreprise pour consulter les documents comptables et \u00e9changer avec les interlocuteurs d\u00e9sign\u00e9s.<\/li>\n\n\n\n<li><strong>\u00c0 distance : <\/strong>le contr\u00f4le se fait de mani\u00e8re d\u00e9mat\u00e9rialis\u00e9e, via une plateforme s\u00e9curis\u00e9e sur laquelle l\u2019entreprise transmet les pi\u00e8ces demand\u00e9es.<\/li>\n<\/ul>\n\n\n\n<p>Ces deux modalit\u00e9s peuvent d\u2019ailleurs \u00eatre combin\u00e9es selon les besoins de l\u2019administration fiscale et la complexit\u00e9 du dossier.<\/p>\n\n\n\n<h2 class=\"wp-block-heading\">Quel est le d\u00e9lai de prescription du droit de reprise ?<\/h2>\n\n\n\n<p>Le <strong>d\u00e9lai de prescription fiscale<\/strong>, aussi appel\u00e9 d\u00e9lai de reprise, correspond \u00e0 la p\u00e9riode pendant laquelle l\u2019administration peut revenir sur une d\u00e9claration pour en corriger les erreurs ou omissions. Il est encadr\u00e9 par les articles L168 \u00e0 L189 du Livre des proc\u00e9dures fiscales.<\/p>\n\n\n\n<p>Ce d\u00e9lai varie selon le type d\u2019imp\u00f4t :<\/p>\n\n\n\n<ul class=\"wp-block-list\">\n<li><strong>Imp\u00f4t sur les soci\u00e9t\u00e9s<\/strong> et <strong>imp\u00f4t sur le revenu<\/strong> : l\u2019administration peut agir jusqu\u2019\u00e0 la fin de la troisi\u00e8me ann\u00e9e suivant celle de l\u2019imposition (ex. : jusqu\u2019au 31 d\u00e9cembre 2025 pour l\u2019exercice 2022).<\/li>\n\n\n\n<li><strong>TVA :<\/strong> m\u00eame r\u00e8gle, avec quelques exceptions sp\u00e9cifiques.<\/li>\n\n\n\n<li><strong>Imp\u00f4ts locaux :<\/strong> les d\u00e9lais peuvent \u00eatre plus courts ou plus longs selon les cas particuliers.<\/li>\n<\/ul>\n\n\n\n<p>Ce d\u00e9lai peut \u00eatre prolong\u00e9 dans certaines situations, notamment en cas d\u2019activit\u00e9s \u00e0 l\u2019\u00e9tranger ou de man\u0153uvres frauduleuses. Par ailleurs, les entreprises b\u00e9n\u00e9ficiant de <strong>cr\u00e9dits d\u2019imp\u00f4t<\/strong> font souvent l\u2019objet de v\u00e9rifications renforc\u00e9es, susceptibles d\u2019attirer l\u2019attention du fisc au-del\u00e0 des simples d\u00e9lais standards.<\/p>\n\n\n\n<h2 class=\"wp-block-heading\">Comment se passe un contr\u00f4le fiscal en entreprise\u2009?<\/h2>\n\n\n\n<p>Un contr\u00f4le fiscal n\u2019est jamais un moment agr\u00e9able pour une entreprise, mais conna\u00eetre pr\u00e9cis\u00e9ment son d\u00e9roulement permet de mieux s\u2019y pr\u00e9parer. De la r\u00e9ception de l\u2019avis \u00e0 la r\u00e9union finale, chaque \u00e9tape suit une proc\u00e9dure encadr\u00e9e que nous d\u00e9taillons ici.<\/p>\n\n\n\n<h3 class=\"wp-block-heading\">1. La r\u00e9ception de l\u2019avis de v\u00e9rification<\/h3>\n\n\n\n<p>Le contr\u00f4le fiscal commence officiellement avec l\u2019envoi d\u2019un <strong>avis de v\u00e9rification<\/strong>, par lettre recommand\u00e9e avec accus\u00e9 de r\u00e9ception. L\u2019administration doit respecter un d\u00e9lai de pr\u00e9venance d\u2019au moins deux jours ouvr\u00e9s avant de d\u00e9marrer les op\u00e9rations.<\/p>\n\n\n\n<p>Ce temps doit \u00eatre mis \u00e0 profit pour organiser votre d\u00e9fense : relire vos d\u00e9clarations fiscales, rassembler les pi\u00e8ces justificatives mentionn\u00e9es, consulter un <a href=\"https:\/\/sion.beestk.com\/fr\/qu-est-ce-qu-un-avocat-fiscaliste\/\">avocat fiscaliste<\/a> si besoin, et pr\u00e9parer un interlocuteur d\u00e9di\u00e9 \u00e0 la v\u00e9rification.<\/p>\n\n\n\n<h3 class=\"wp-block-heading\">2. Le d\u00e9roulement du contr\u00f4le<\/h3>\n\n\n\n<p>Le contr\u00f4leur peut intervenir physiquement dans vos locaux ou effectuer son travail \u00e0 distance. Dans les deux cas, il vous remettra une <strong>liste de documents<\/strong> \u00e0 fournir et un calendrier des \u00e9changes. Gr\u00e2ce \u00e0 la d\u00e9mat\u00e9rialisation, il est d\u00e9sormais courant de transmettre les fichiers via une plateforme s\u00e9curis\u00e9e.<\/p>\n\n\n\n<p>Tout au long de la proc\u00e9dure, vous pourrez interagir avec l\u2019inspecteur pour clarifier des \u00e9l\u00e9ments, fournir des pi\u00e8ces compl\u00e9mentaires ou r\u00e9pondre \u00e0 ses observations interm\u00e9diaires.<\/p>\n\n\n\n<h3 class=\"wp-block-heading\">3. La r\u00e9union de synth\u00e8se<\/h3>\n\n\n\n<p>\u00c0 l\u2019issue de l\u2019analyse, une r\u00e9union de cl\u00f4ture est organis\u00e9e. Le v\u00e9rificateur y pr\u00e9sente ses <strong>constats et \u00e9ventuelles irr\u00e9gularit\u00e9s<\/strong>. Vous avez alors l\u2019opportunit\u00e9 de formuler vos r\u00e9ponses, observations ou objections. Il est parfois judicieux de ne pas r\u00e9agir \u00e0 chaud, mais de prendre le temps d\u2019un examen approfondi avant toute prise de position.<\/p>\n\n\n\n<h2 class=\"wp-block-heading\">Proposition de rectification : quelles suites apr\u00e8s le contr\u00f4le ?<\/h2>\n\n\n\n<p>Si aucun manquement n\u2019est constat\u00e9 \u00e0 l\u2019issue de la v\u00e9rification, le contr\u00f4le fiscal prend fin sans cons\u00e9quence. En revanche, si l\u2019administration identifie des irr\u00e9gularit\u00e9s, elle \u00e9met une <strong>proposition de rectification<\/strong>.<\/p>\n\n\n\n<h3 class=\"wp-block-heading\">D\u00e9lais de r\u00e9ponse et options<\/h3>\n\n\n\n<p>Ce document d\u00e9taille les redressements envisag\u00e9s et les montants suppl\u00e9mentaires r\u00e9clam\u00e9s. Vous disposez alors d\u2019un d\u00e9lai l\u00e9gal de <strong>30 jours<\/strong> pour formuler vos observations ou accepter les rectifications. Ce d\u00e9lai peut \u00eatre prolong\u00e9 de 30 jours sur simple demande.<\/p>\n\n\n\n<h3 class=\"wp-block-heading\">Deux cas de figure<\/h3>\n\n\n\n<ul class=\"wp-block-list\">\n<li><strong>Vous acceptez : <\/strong>l\u2019administration \u00e9met un avis de mise en recouvrement, pr\u00e9cisant les sommes \u00e0 r\u00e9gler (imp\u00f4ts, int\u00e9r\u00eats de retard, p\u00e9nalit\u00e9s \u00e9ventuelles).<\/li>\n\n\n\n<li><strong>Vous contestez : <\/strong>vos remarques sont \u00e9tudi\u00e9es par le service v\u00e9rificateur. En l\u2019absence d\u2019accord, une phase contradictoire s\u2019ouvre, qui peut d\u00e9boucher sur une saisine de la commission des imp\u00f4ts ou du juge administratif.<\/li>\n<\/ul>\n\n\n\n<p>Dans tous les cas, il est vivement recommand\u00e9 d\u2019\u00eatre accompagn\u00e9 par un <a href=\"\/fr\/\">avocat fiscaliste Marseille<\/a> pour d\u00e9fendre votre position et s\u00e9curiser vos \u00e9changes avec l\u2019administration.<\/p>\n\n\n\n<h2 class=\"wp-block-heading\">Pourquoi certaines entreprises sont-elles contr\u00f4l\u00e9es ?<\/h2>\n\n\n\n<p>Un <strong>contr\u00f4le fiscal en entreprise<\/strong> ne survient jamais au hasard total. M\u00eame si certains contr\u00f4les sont al\u00e9atoires, la plupart sont d\u00e9clench\u00e9s en r\u00e9ponse \u00e0 des signaux d\u2019alerte identifi\u00e9s par l\u2019administration fiscale. En moyenne, une entreprise peut \u00eatre contr\u00f4l\u00e9e tous les neuf ans, voire jusqu\u2019\u00e0 trois ans apr\u00e8s sa liquidation.<\/p>\n\n\n\n<p>Comprendre les crit\u00e8res de d\u00e9clenchement permet d\u2019anticiper les risques, d\u2019adapter sa gestion et d\u2019<strong>\u00e9viter un redressement fiscal<\/strong>. Les sections suivantes d\u00e9taillent les principales situations susceptibles d\u2019alerter la Direction G\u00e9n\u00e9rale des Finances Publiques (DGFIP).<\/p>\n\n\n\n<h3 class=\"wp-block-heading\">Les incoh\u00e9rences d\u00e9claratives d\u00e9tect\u00e9es en interne<\/h3>\n\n\n\n<p>Un contr\u00f4le fiscal interne est d\u00e9clench\u00e9 lorsque l\u2019administration fiscale rep\u00e8re des incoh\u00e9rences dans les d\u00e9clarations transmises par une entreprise. Il ne s\u2019agit pas d\u2019un contr\u00f4le de terrain, mais d\u2019une v\u00e9rification effectu\u00e9e \u00e0 distance, sur la base des donn\u00e9es d\u00e9j\u00e0 en possession de l\u2019administration.<\/p>\n\n\n\n<p>Cette analyse crois\u00e9e peut r\u00e9v\u00e9ler des anomalies entre plusieurs types de d\u00e9clarations (TVA, imp\u00f4t sur les soci\u00e9t\u00e9s, revenus, etc.), ou entre les donn\u00e9es fiscales et les donn\u00e9es sociales. Si les \u00e9carts sont jug\u00e9s significatifs, un contr\u00f4le externe plus approfondi peut \u00eatre engag\u00e9.<\/p>\n\n\n\n<p>Par exemple, dans une entreprise individuelle, un d\u00e9calage entre le b\u00e9n\u00e9fice d\u00e9clar\u00e9 et les revenus d\u00e9clar\u00e9s par le foyer fiscal du dirigeant peut alerter les services fiscaux. De m\u00eame, une diff\u00e9rence inexpliqu\u00e9e entre le chiffre d\u2019affaires et les d\u00e9clarations de TVA constitue un facteur de risque classique.<\/p>\n\n\n\n<h3 class=\"wp-block-heading\">Les facteurs d\u00e9clencheurs d\u2019un contr\u00f4le fiscal externe<\/h3>\n\n\n\n<p>Un contr\u00f4le fiscal externe intervient lorsque l\u2019administration d\u00e9cide de proc\u00e9der \u00e0 une v\u00e9rification approfondie, souvent \u00e0 la suite d\u2019un signalement ou d\u2019une alerte d\u00e9clench\u00e9e lors d\u2019analyses internes. Ce contr\u00f4le sur place permet d&rsquo;examiner en d\u00e9tail la comptabilit\u00e9 et les documents justificatifs de l\u2019entreprise.<\/p>\n\n\n\n<p>Voici les principales causes pouvant motiver ce type de contr\u00f4le\u202f:<\/p>\n\n\n\n<ul class=\"wp-block-list\">\n<li><strong>Campagnes cibl\u00e9es par secteur :<\/strong> Le fisc peut recevoir des directives nationales ou locales visant certains secteurs jug\u00e9s \u00e0 risque, comme la restauration, le b\u00e2timent ou les professions lib\u00e9rales.<\/li>\n\n\n\n<li><strong>Transactions internationales :<\/strong> Les op\u00e9rations avec des pays \u00e0 fiscalit\u00e9 avantageuse ou les flux transfrontaliers complexes sont susceptibles d\u2019attirer l\u2019attention.<\/li>\n\n\n\n<li><strong>Probl\u00e8mes de stocks :<\/strong> Une rotation de stock anormalement faible peut faire suspecter une sous-\u00e9valuation volontaire du stock pour diminuer artificiellement le r\u00e9sultat.<\/li>\n\n\n\n<li><strong>Effet de contamination :<\/strong> Si un partenaire commercial (client, fournisseur) fait l\u2019objet d\u2019un redressement, l\u2019entreprise peut \u00eatre v\u00e9rifi\u00e9e par ricochet.<\/li>\n\n\n\n<li><strong>D\u00e9nonciation :<\/strong> Une plainte formul\u00e9e par un salari\u00e9, un concurrent ou un tiers peut d\u00e9clencher un contr\u00f4le, notamment si elle est \u00e9tay\u00e9e.<\/li>\n\n\n\n<li><strong>Ant\u00e9c\u00e9dents de contr\u00f4le :<\/strong> Un pr\u00e9c\u00e9dent contr\u00f4le ayant r\u00e9v\u00e9l\u00e9 des irr\u00e9gularit\u00e9s peut conduire \u00e0 une nouvelle intervention pour v\u00e9rifier la mise en conformit\u00e9.<\/li>\n\n\n\n<li><strong>Divergences sectorielles :<\/strong> Des \u00e9carts significatifs entre les ratios de l\u2019entreprise et les moyennes de son secteur (CA, marges, taux de TVA\u2026) peuvent constituer un signal d\u2019alerte.<\/li>\n\n\n\n<li><strong>Incoh\u00e9rences d\u00e9claratives :<\/strong> Une diff\u00e9rence notable entre chiffre d\u2019affaires et d\u00e9clarations de TVA est une cause fr\u00e9quente de contr\u00f4le externe.<\/li>\n<\/ul>\n\n\n\n<h2 class=\"wp-block-heading\">Pourquoi anticiper un contr\u00f4le fiscal est essentiel<\/h2>\n\n\n\n<p>Le contr\u00f4le fiscal peut entra\u00eener d\u2019importantes cons\u00e9quences financi\u00e8res, notamment si des erreurs ou omissions sont relev\u00e9es. L\u2019administration \u00e9tablira alors une proposition de rectification listant les anomalies constat\u00e9es, pouvant d\u00e9boucher sur un redressement fiscal assorti d\u2019int\u00e9r\u00eats de retard, voire de p\u00e9nalit\u00e9s.<\/p>\n\n\n\n<p>Une bonne pr\u00e9paration permet de limiter ces risques. Elle vous donne le temps de corriger certaines erreurs en amont, de r\u00e9unir les justificatifs n\u00e9cessaires, et surtout de montrer \u00e0 l\u2019administration une posture coop\u00e9rative et structur\u00e9e. C\u2019est cette anticipation qui permet, bien souvent, de r\u00e9duire la port\u00e9e d\u2019un redressement ou d\u2019en \u00e9viter un.<\/p>\n\n\n\n<h3 class=\"wp-block-heading\">Une bonne pr\u00e9paration, gage de s\u00e9r\u00e9nit\u00e9 face au contr\u00f4le<\/h3>\n\n\n\n<p>Un contr\u00f4le fiscal peut naturellement g\u00e9n\u00e9rer du stress, surtout face \u00e0 des questions techniques ou impr\u00e9vues. Pourtant, votre attitude joue un r\u00f4le cl\u00e9 dans le d\u00e9roulement de la v\u00e9rification. Montrer que vous \u00eates pr\u00e9par\u00e9, calme et transparent renforce la qualit\u00e9 du dialogue avec l\u2019inspecteur et peut peser favorablement dans la balance.<\/p>\n\n\n\n<p>En anticipant les documents \u00e0 fournir et les \u00e9ventuelles interrogations, vous abordez le contr\u00f4le dans un climat plus serein, propice \u00e0 la confiance. Cela permet aussi de limiter les incompr\u00e9hensions ou malentendus qui pourraient conduire \u00e0 des rectifications \u00e9vitables.<\/p>\n\n\n\n<h3 class=\"wp-block-heading\">Anticiper les questions pour \u00e9viter les r\u00e9ponses improvis\u00e9es<\/h3>\n\n\n\n<p>La phase de pr\u00e9paration est le moment id\u00e9al pour analyser en d\u00e9tail les documents que vous devrez pr\u00e9senter. Mettez-vous dans la peau de l\u2019inspecteur\u202f: quelles anomalies pourraient l\u2019interpeller\u202f? Quelles questions pourrait-il poser\u202f? Cette posture permet de d\u00e9tecter les points sensibles \u00e0 documenter ou clarifier en amont.<\/p>\n\n\n\n<p>En collaboration avec le responsable comptable ou l\u2019expert-comptable, passez en revue les \u00e9critures cl\u00e9s, les op\u00e9rations inhabituelles ou les pi\u00e8ces manquantes. Si un justificatif fait d\u00e9faut, pr\u00e9parez une explication cr\u00e9dible et document\u00e9e. L\u2019anticipation vous \u00e9vite de r\u00e9pondre dans l\u2019urgence, avec le risque d\u2019erreurs ou d\u2019impr\u00e9cisions mal interpr\u00e9t\u00e9es.<\/p>\n\n\n\n<h3 class=\"wp-block-heading\">Revoir ses comptes\u202f: un levier essentiel pour limiter les risques<\/h3>\n\n\n\n<p>La pr\u00e9paration \u00e0 un contr\u00f4le fiscal ne se r\u00e9sume pas aux quelques semaines qui pr\u00e9c\u00e8dent la v\u00e9rification. C\u2019est un travail de fond, qui s\u2019appuie sur des processus internes solides et une rigueur comptable constante. Chaque cl\u00f4ture annuelle est l\u2019occasion de d\u00e9tecter les erreurs potentielles, de valider la coh\u00e9rence des chiffres, et de corriger les anomalies avant qu\u2019elles ne soient relev\u00e9es par l\u2019administration.<\/p>\n\n\n\n<p>Le recours au <strong>dossier de r\u00e9vision<\/strong>, aux audits des commissaires aux comptes ou aux v\u00e9rifications internes est pr\u00e9cieux dans cette d\u00e9marche. Et si une irr\u00e9gularit\u00e9 est identifi\u00e9e, le <a href=\"https:\/\/sion.beestk.com\/fr\/qu-est-ce-que-droit-erreur-matiere-fiscale\/\">droit \u00e0 l\u2019erreur<\/a> permet d\u00e9sormais d\u2019y rem\u00e9dier sans sanction, \u00e0 condition d\u2019agir volontairement et de bonne foi. En prenant les devants, vous d\u00e9montrez votre volont\u00e9 de conformit\u00e9 et r\u00e9duisez le risque de redressement.<\/p>\n\n\n\n<h2 class=\"wp-block-heading\">Pr\u00e9venir les risques majeurs li\u00e9s au contr\u00f4le fiscal<\/h2>\n\n\n\n<p>Une pr\u00e9paration s\u00e9rieuse au contr\u00f4le fiscal permet d\u2019\u00e9viter les cons\u00e9quences les plus lourdes\u202f: rejet de comptabilit\u00e9, p\u00e9nalit\u00e9s pour mauvaise foi, voire poursuites en cas de manquement grave. L\u2019objectif n\u2019est pas seulement de r\u00e9pondre aux demandes du v\u00e9rificateur, mais de d\u00e9montrer une gestion fiable et transparente, capable de r\u00e9sister \u00e0 l\u2019analyse.<\/p>\n\n\n\n<p>En identifiant les points sensibles de votre comptabilit\u00e9, en mettant \u00e0 jour vos proc\u00e9dures internes, et en documentant rigoureusement vos op\u00e9rations, vous r\u00e9duisez significativement le risque de redressement. Un accompagnement par un professionnel du droit fiscal peut \u00e9galement s\u00e9curiser cette d\u00e9marche et renforcer la l\u00e9gitimit\u00e9 de vos positions.<\/p>\n\n\n\n<h3 class=\"wp-block-heading\">Rejet de comptabilit\u00e9 : un risque \u00e0 \u00e9viter \u00e0 tout prix<\/h3>\n\n\n\n<p>Le rejet de comptabilit\u00e9 est l\u2019une des sanctions les plus s\u00e9rieuses en cas de contr\u00f4le fiscal. Il intervient lorsque l\u2019administration consid\u00e8re que les \u00e9critures ne sont pas fiables, du fait d\u2019irr\u00e9gularit\u00e9s graves, r\u00e9p\u00e9t\u00e9es, ou d\u2019une absence de coh\u00e9rence avec la r\u00e9alit\u00e9 \u00e9conomique de l\u2019entreprise. La comptabilit\u00e9 est alors jug\u00e9e non probante.<\/p>\n\n\n\n<p>Dans ce cas, le fisc est en droit de proc\u00e9der \u00e0 une reconstitution du chiffre d\u2019affaires et du b\u00e9n\u00e9fice imposable, sur la base d\u2019\u00e9l\u00e9ments indirects (flux bancaires, marges usuelles du secteur, stock, etc.). Les cons\u00e9quences peuvent \u00eatre lourdes\u202f: redressement fiscal major\u00e9, application de p\u00e9nalit\u00e9s pour mauvaise foi, et perte de cr\u00e9dibilit\u00e9 aupr\u00e8s des partenaires.<\/p>\n\n\n\n<p>Pour \u00e9viter ce sc\u00e9nario, il est essentiel d\u2019assurer la qualit\u00e9, l\u2019exhaustivit\u00e9 et la tra\u00e7abilit\u00e9 des \u00e9critures comptables. Un audit interne r\u00e9gulier ou une revue de conformit\u00e9 peut permettre d\u2019identifier et de corriger les points faibles en amont.<\/p>\n\n\n\n<h3 class=\"wp-block-heading\">Manquement d\u00e9lib\u00e9r\u00e9 et mauvaise foi : des sanctions aggrav\u00e9es<\/h3>\n\n\n\n<p>Lorsqu\u2019un redressement fiscal est notifi\u00e9, il s\u2019accompagne syst\u00e9matiquement de p\u00e9nalit\u00e9s de retard. Mais si l\u2019administration identifie un<strong> manquement d\u00e9lib\u00e9r\u00e9<\/strong> ou une <strong>mauvaise foi<\/strong>, des majorations plus lourdes peuvent s\u2019appliquer : 40\u202f% pour manquement d\u00e9lib\u00e9r\u00e9, 80\u202f% en cas de man\u0153uvres frauduleuses.<\/p>\n\n\n\n<p>Ces situations surviennent lorsque l\u2019entreprise a sciemment omis des \u00e9l\u00e9ments de sa d\u00e9claration, dissimul\u00e9 des recettes, ou appliqu\u00e9 une strat\u00e9gie fiscale sans base juridique solide. Dans certains cas, cela peut m\u00eame d\u00e9boucher sur une proc\u00e9dure p\u00e9nale pour fraude fiscale.<\/p>\n\n\n\n<p>Pour limiter les risques, il est indispensable de <strong>corriger rapidement toute anomalie<\/strong> signal\u00e9e lors d\u2019un pr\u00e9c\u00e9dent contr\u00f4le, de documenter rigoureusement les choix fiscaux effectu\u00e9s, et de faire valider les op\u00e9rations sensibles par un professionnel du droit fiscal.<\/p>\n\n\n\n<h2 class=\"wp-block-heading\">Comment bien pr\u00e9parer un contr\u00f4le fiscal ?<\/h2>\n\n\n\n<p>La r\u00e9ussite d\u2019un contr\u00f4le fiscal repose avant tout sur une pr\u00e9paration rigoureuse en amont. D\u00e8s la r\u00e9ception de l\u2019avis de v\u00e9rification, chaque \u00e9tape doit \u00eatre anticip\u00e9e avec m\u00e9thode. Voici les principaux r\u00e9flexes \u00e0 adopter pour aborder sereinement l\u2019intervention de l\u2019administration.<\/p>\n\n\n\n<h3 class=\"wp-block-heading\">Une comptabilit\u00e9 rigoureuse au quotidien<\/h3>\n\n\n\n<p>La r\u00e9ussite d\u2019un contr\u00f4le fiscal ne repose pas sur une pr\u00e9paration de derni\u00e8re minute, mais sur un travail comptable s\u00e9rieux tout au long de l\u2019ann\u00e9e. Tenir une comptabilit\u00e9 fiable, \u00e0 jour et conforme aux obligations fiscales est le premier rempart contre les redressements.<\/p>\n\n\n\n<p>Un contr\u00f4le interne bien structur\u00e9, des justificatifs bien class\u00e9s, un <strong>FEC conforme<\/strong> et v\u00e9rifi\u00e9, une gestion rigoureuse des factures et une veille documentaire constante sont essentiels. Le r\u00f4le du Directeur Administratif et Financier (DAF), ou du responsable comptable, est ici cl\u00e9 : organiser les flux, anticiper les risques, et s\u2019assurer que chaque pi\u00e8ce comptable puisse \u00eatre justifi\u00e9e le jour venu.<\/p>\n\n\n\n<h3 class=\"wp-block-heading\">Analyser l\u2019avis de v\u00e9rification d\u00e8s sa r\u00e9ception<\/h3>\n\n\n\n<p>D\u00e8s la r\u00e9ception de l\u2019avis de v\u00e9rification, il est essentiel de s\u2019assurer de sa r\u00e9gularit\u00e9 formelle. Conform\u00e9ment \u00e0 la r\u00e9glementation fiscale, cet avis doit comporter plusieurs mentions obligatoires (base l\u00e9gale, ann\u00e9es concern\u00e9es, type de contr\u00f4le\u2026). Leur absence peut entra\u00eener la nullit\u00e9 de la proc\u00e9dure.<\/p>\n\n\n\n<p>V\u00e9rifiez \u00e9galement la pr\u00e9sence de la <strong>Charte des droits et obligations du contribuable<\/strong>, dont la remise est imp\u00e9rative. En cas de doute ou d\u2019irr\u00e9gularit\u00e9, il est fortement recommand\u00e9 de solliciter un avocat fiscaliste pour s\u00e9curiser la suite de la proc\u00e9dure.<\/p>\n\n\n\n<h3 class=\"wp-block-heading\">Faut-il se faire accompagner par un expert fiscal ?<\/h3>\n\n\n\n<p>Se poser la question d\u2019un accompagnement externe est une d\u00e9marche strat\u00e9gique. En fonction de la complexit\u00e9 de votre structure, de vos vuln\u00e9rabilit\u00e9s identifi\u00e9es ou de la sensibilit\u00e9 de votre secteur, le recours \u00e0 un <a href=\"https:\/\/sion.beestk.com\/fr\/avocat-fiscaliste-ou-expert-comptable-que-choisir\/\">avocat fiscaliste ou \u00e0 un expert-comptable<\/a> peut faire toute la diff\u00e9rence.<\/p>\n\n\n\n<p>Ce professionnel peut intervenir d\u00e8s la premi\u00e8re visite et repr\u00e9senter l\u2019entreprise tout au long de la proc\u00e9dure, y compris lors de l\u2019entretien contradictoire de synth\u00e8se. Il saura r\u00e9pondre aux demandes de l\u2019administration, anticiper les points de vigilance, et vous aider \u00e0 adopter une posture claire et s\u00e9curisante.<\/p>\n\n\n\n<h3 class=\"wp-block-heading\">Choisir les bons interlocuteurs face \u00e0 l\u2019administration<\/h3>\n\n\n\n<p>Le dirigeant d\u2019entreprise reste libre de d\u00e9signer les personnes qui interagiront avec les inspecteurs fiscaux. Il peut choisir d\u2019assumer lui-m\u00eame ce r\u00f4le, mais cela implique de ma\u00eetriser l\u2019ensemble des enjeux techniques abord\u00e9s lors du contr\u00f4le.<\/p>\n\n\n\n<p>Dans une optique de ma\u00eetrise de la communication, il est souvent pr\u00e9f\u00e9rable de d\u00e9signer un nombre restreint d\u2019interlocuteurs. En compl\u00e9ment \u00e9ventuel du dirigeant, le Directeur Administratif et Financier (<strong>DAF<\/strong>) ou le responsable comptable sont des profils particuli\u00e8rement adapt\u00e9s.<\/p>\n\n\n\n<p>Le reste de l\u2019\u00e9quipe peut se consacrer \u00e0 la collecte et \u00e0 la pr\u00e9paration des documents, sans interagir directement avec les v\u00e9rificateurs. Cette organisation permet de limiter les \u00e9carts de discours et de centraliser la gestion de l\u2019information communiqu\u00e9e, tant \u00e0 l\u2019oral qu\u2019\u00e0 l\u2019\u00e9crit.<\/p>\n\n\n\n<h3 class=\"wp-block-heading\">Pr\u00e9parer et transmettre les documents avec rigueur<\/h3>\n\n\n\n<p>La remise des pi\u00e8ces demand\u00e9es par l\u2019administration fiscale doit \u00eatre organis\u00e9e avec m\u00e9thode. Fournissez uniquement des copies, jamais les originaux, et limitez-vous strictement aux documents requis. \u00c9vitez les informations superflues qui pourraient ouvrir la voie \u00e0 des investigations suppl\u00e9mentaires.<\/p>\n\n\n\n<p>Pour chaque exercice concern\u00e9, veillez \u00e0 conserver une copie exacte des documents transmis. Tenez \u00e9galement un journal des \u00e9changes, notamment les remarques formul\u00e9es par les inspecteurs, qui peuvent se r\u00e9v\u00e9ler pr\u00e9cieuses en cas de contestation ou de demande compl\u00e9mentaire.<\/p>\n\n\n\n<p>Si certains \u00e9l\u00e9ments manquent, n\u2019h\u00e9sitez pas \u00e0 demander un d\u00e9lai suppl\u00e9mentaire. En cas de perte av\u00e9r\u00e9e (incendie, d\u00e9g\u00e2t des eaux, d\u00e9m\u00e9nagement\u2026), adoptez une posture transparente. L\u2019administration appr\u00e9ciera la bonne foi et la capacit\u00e9 \u00e0 documenter l\u2019incident, m\u00eame partiellement.<\/p>\n\n\n\n<h3 class=\"wp-block-heading\">Organiser un espace d\u2019accueil adapt\u00e9 pour les inspecteurs<\/h3>\n\n\n\n<p>Le lieu o\u00f9 les agents de l\u2019administration fiscale seront re\u00e7us joue un r\u00f4le important dans le bon d\u00e9roulement du contr\u00f4le. \u00c9vitez les espaces trop exigus, inconfortables ou symboliquement \u00ab rel\u00e9gu\u00e9s \u00bb (type cave ou r\u00e9serve). \u00c0 l\u2019inverse, inutile de mobiliser la plus grande salle de r\u00e9union de l\u2019entreprise pendant toute la dur\u00e9e de leur pr\u00e9sence.<\/p>\n\n\n\n<p>Optez pour un bureau calme, lumineux, accessible, mais situ\u00e9 \u00e0 distance raisonnable du service comptable. Cela permet aux inspecteurs de travailler dans de bonnes conditions, tout en \u00e9vitant une proximit\u00e9 trop directe avec les collaborateurs concern\u00e9s par les documents examin\u00e9s.<\/p>\n\n\n\n<h3 class=\"wp-block-heading\">Adopter une attitude professionnelle et constructive<\/h3>\n\n\n\n<p>Le d\u00e9roulement du contr\u00f4le fiscal repose aussi sur la qualit\u00e9 des \u00e9changes avec les inspecteurs. Il est essentiel de rester courtois, disponible et coop\u00e9ratif tout au long de la proc\u00e9dure, y compris lors des \u00e9changes par e-mail ou via une plateforme en ligne.<\/p>\n\n\n\n<p>Gardez \u00e0 l\u2019esprit que les agents ne sont pas l\u00e0 pour sanctionner \u00e0 tout prix, mais pour v\u00e9rifier la conformit\u00e9. Un climat de confiance et de respect mutuel facilite les interactions et peut favoriser une appr\u00e9ciation plus souple des \u00e9ventuelles irr\u00e9gularit\u00e9s. M\u00eame en cas de d\u00e9saccord, privil\u00e9giez un ton calme et argument\u00e9.<\/p>\n\n\n\n<h2 class=\"wp-block-heading\">Conclusion : un contr\u00f4le fiscal, \u00e7a se pr\u00e9pare<\/h2>\n\n\n\n<p>Un contr\u00f4le fiscal en entreprise n\u2019est jamais anodin, mais il ne doit pas non plus \u00eatre source de panique. En anticipant les v\u00e9rifications, en structurant sa comptabilit\u00e9, et en adoptant une posture rigoureuse, il est tout \u00e0 fait possible de limiter les risques de redressement.<\/p>\n\n\n\n<p>Gardez \u00e0 l\u2019esprit que la transparence, la coh\u00e9rence et le dialogue sont vos meilleurs alli\u00e9s face \u00e0 l\u2019administration. Et en cas de doute ou de situation complexe, l\u2019accompagnement par un <a href=\"https:\/\/sion.beestk.com\/fr\/nos-expertises\/droit-fiscal-douanier\/controle-fiscal\/\">avocat contr\u00f4le fiscal<\/a> reste la meilleure garantie pour d\u00e9fendre vos int\u00e9r\u00eats avec s\u00e9r\u00e9nit\u00e9.<\/p>\n\n\n\n<p><strong>Le cabinet Sion Avocat<\/strong> vous accompagne \u00e0 chaque \u00e9tape du contr\u00f4le fiscal, de la pr\u00e9paration \u00e0 la r\u00e9ponse \u00e0 une proposition de rectification. <a href=\"https:\/\/sion.beestk.com\/fr\/contact\/\">Contactez-nous<\/a> pour un accompagnement personnalis\u00e9 et s\u00e9curis\u00e9.<\/p>\n\n\n\n<h2 class=\"wp-block-heading\">FAQ \u2013 Peut-on vraiment \u00e9viter un contr\u00f4le fiscal ?<\/h2>\n\n\n\n<h3 class=\"wp-block-heading\">Peut-on vraiment \u00e9viter tout contr\u00f4le fiscal ?<\/h3>\n\n\n\n<p>Non, aucun dispositif ne permet d\u2019exclure totalement le risque de contr\u00f4le fiscal. Certains sont al\u00e9atoires, d\u2019autres li\u00e9s \u00e0 des campagnes nationales cibl\u00e9es. En revanche, une gestion fiscale rigoureuse permet de limiter les probabilit\u00e9s d\u2019\u00eatre s\u00e9lectionn\u00e9.<\/p>\n\n\n\n<h3 class=\"wp-block-heading\">Comment r\u00e9duire le risque d\u2019un contr\u00f4le fiscal ?<\/h3>\n\n\n\n<p>Le meilleur moyen de limiter les risques consiste \u00e0 adopter de bonnes pratiques : comptabilit\u00e9 fiable, d\u00e9clarations sans retard, coh\u00e9rence entre vos chiffres, absence d\u2019irr\u00e9gularit\u00e9s r\u00e9p\u00e9t\u00e9es\u2026 et accompagnement par un professionnel du droit fiscal.<\/p>\n\n\n\n<h3 class=\"wp-block-heading\">Les tr\u00e8s petites entreprises sont-elles \u00e0 l\u2019abri ?<\/h3>\n\n\n\n<p>Non. La taille de l\u2019entreprise n\u2019est pas un crit\u00e8re d\u00e9terminant. Le fisc privil\u00e9gie les signaux de risque : anomalies, incoh\u00e9rences, secteurs sensibles\u2026 Une TPE ou un ind\u00e9pendant peut donc tout \u00e0 fait \u00eatre contr\u00f4l\u00e9.<\/p>\n\n\n\n<h3 class=\"wp-block-heading\">Quelles erreurs peuvent d\u00e9clencher un contr\u00f4le fiscal involontaire ?<\/h3>\n\n\n\n<p>M\u00eame sans fraude, certaines erreurs peuvent attirer l\u2019attention : d\u00e9claration incompl\u00e8te, incoh\u00e9rences entre TVA et chiffre d\u2019affaires, fichiers comptables mal structur\u00e9s (FEC), ou activit\u00e9 dans un secteur r\u00e9guli\u00e8rement audit\u00e9.<\/p>\n\n\n\n<h3 class=\"wp-block-heading\">Quel est le r\u00f4le d\u2019un avocat fiscaliste dans la pr\u00e9vention ?<\/h3>\n\n\n\n<p>Un avocat fiscaliste vous aide \u00e0 d\u00e9tecter les zones \u00e0 risque, \u00e0 s\u00e9curiser vos op\u00e9rations sensibles, et \u00e0 anticiper les contr\u00f4les. Il joue un r\u00f4le cl\u00e9 dans la pr\u00e9vention, en vous aidant \u00e0 adopter une strat\u00e9gie conforme et document\u00e9e.<\/p>\n\n\n\n<p><\/p>\n","protected":false},"excerpt":{"rendered":"<p>Recevoir un avis de v\u00e9rification fiscale peut susciter de nombreuses interrogations et une certaine inqui\u00e9tude. Pourtant, un contr\u00f4le fiscal en entreprise ne signifie pas syst\u00e9matiquement un redressement fiscal. Avec la bonne pr\u00e9paration et une compr\u00e9hension claire de la proc\u00e9dure, cette \u00e9tape peut \u00eatre g\u00e9r\u00e9e efficacement. Dans ce guide, le Cabinet Sion Avocat vous aide \u00e0 [&hellip;]<\/p>\n","protected":false},"author":3,"featured_media":109,"comment_status":"open","ping_status":"open","sticky":false,"template":"","format":"standard","meta":{"_acf_changed":false,"footnotes":""},"categories":[6],"tags":[],"class_list":["post-51","post","type-post","status-publish","format-standard","has-post-thumbnail","hentry","category-droit-fiscal-et-douanier"],"acf":[],"yoast_head":"<!-- This site is optimized with the Yoast SEO plugin v26.8 - https:\/\/yoast.com\/product\/yoast-seo-wordpress\/ -->\n<title>Contr\u00f4le fiscal en entreprise : d\u00e9roulement, pr\u00e9paration et risques<\/title>\n<meta name=\"description\" content=\"D\u00e9couvrez comment fonctionne un contr\u00f4le fiscal en entreprise, les d\u00e9lais de prescription et les conseils du Cabinet Sion Avocat pour bien s\u2019y pr\u00e9parer.\" \/>\n<meta name=\"robots\" content=\"noindex, follow, max-snippet:-1, max-image-preview:large, max-video-preview:-1\" \/>\n<meta property=\"og:locale\" content=\"fr_FR\" \/>\n<meta property=\"og:type\" content=\"article\" \/>\n<meta property=\"og:title\" content=\"Contr\u00f4le fiscal en entreprise : d\u00e9roulement, pr\u00e9paration et risques\" \/>\n<meta property=\"og:description\" content=\"D\u00e9couvrez comment fonctionne un contr\u00f4le fiscal en entreprise, les d\u00e9lais de prescription et les conseils du Cabinet Sion Avocat pour bien s\u2019y pr\u00e9parer.\" \/>\n<meta property=\"og:url\" content=\"https:\/\/sion.beestk.com\/fr\/tout-savoir-controle-fiscal-entreprise\/\" \/>\n<meta property=\"og:site_name\" content=\"Sion Avocat\" \/>\n<meta property=\"article:publisher\" content=\"https:\/\/maps.app.goo.gl\/wgFyjZZdY3JC98nZA\" \/>\n<meta property=\"article:published_time\" content=\"2023-10-19T16:45:00+00:00\" \/>\n<meta property=\"article:modified_time\" content=\"2026-02-05T11:48:58+00:00\" \/>\n<meta property=\"og:image\" content=\"https:\/\/sion.beestk.com\/wp-content\/uploads\/2022\/04\/cover_tout-savoir-controle-fiscal-entreprise.jpg\" \/>\n\t<meta property=\"og:image:width\" content=\"1200\" \/>\n\t<meta property=\"og:image:height\" content=\"800\" \/>\n\t<meta property=\"og:image:type\" content=\"image\/jpeg\" \/>\n<meta name=\"author\" content=\"Ya\u00ebl Sion\" \/>\n<meta name=\"twitter:card\" content=\"summary_large_image\" \/>\n<meta name=\"twitter:label1\" content=\"\u00c9crit par\" \/>\n\t<meta name=\"twitter:data1\" content=\"Ya\u00ebl Sion\" \/>\n\t<meta name=\"twitter:label2\" content=\"Dur\u00e9e de lecture estim\u00e9e\" \/>\n\t<meta name=\"twitter:data2\" content=\"18 minutes\" \/>\n<script type=\"application\/ld+json\" class=\"yoast-schema-graph\">{\n\t    \"@context\": \"https:\/\/schema.org\",\n\t    \"@graph\": [\n\t        {\n\t            \"@type\": \"Article\",\n\t            \"@id\": \"https:\/\/sion.beestk.com\/fr\/tout-savoir-controle-fiscal-entreprise\/#article\",\n\t            \"isPartOf\": {\n\t                \"@id\": \"https:\/\/sion.beestk.com\/fr\/tout-savoir-controle-fiscal-entreprise\/\"\n\t            },\n\t            \"author\": {\n\t                \"name\": \"Ya\u00ebl Sion\",\n\t                \"@id\": \"https:\/\/sion.beestk.com\/fr\/#\/schema\/person\/af6781cee515c982ec0cc7165afd0ec1\"\n\t            },\n\t            \"headline\": \"Contr\u00f4le fiscal en entreprise : ce qu\u2019il faut savoir pour s\u2019y pr\u00e9parer sereinement\",\n\t            \"datePublished\": \"2023-10-19T16:45:00+00:00\",\n\t            \"dateModified\": \"2026-02-05T11:48:58+00:00\",\n\t            \"mainEntityOfPage\": {\n\t                \"@id\": \"https:\/\/sion.beestk.com\/fr\/tout-savoir-controle-fiscal-entreprise\/\"\n\t            },\n\t            \"wordCount\": 4138,\n\t            \"commentCount\": 0,\n\t            \"publisher\": {\n\t                \"@id\": \"https:\/\/sion.beestk.com\/fr\/#organization\"\n\t            },\n\t            \"image\": {\n\t                \"@id\": \"https:\/\/sion.beestk.com\/fr\/tout-savoir-controle-fiscal-entreprise\/#primaryimage\"\n\t            },\n\t            \"thumbnailUrl\": \"https:\/\/sion.beestk.com\/wp-content\/uploads\/2022\/04\/cover_tout-savoir-controle-fiscal-entreprise.jpg\",\n\t            \"articleSection\": [\n\t                \"Droit fiscal et douanier\"\n\t            ],\n\t            \"inLanguage\": \"fr-FR\",\n\t            \"potentialAction\": [\n\t                {\n\t                    \"@type\": \"CommentAction\",\n\t                    \"name\": \"Comment\",\n\t                    \"target\": [\n\t                        \"https:\/\/sion.beestk.com\/fr\/tout-savoir-controle-fiscal-entreprise\/#respond\"\n\t                    ]\n\t                }\n\t            ]\n\t        },\n\t        {\n\t            \"@type\": \"WebPage\",\n\t            \"@id\": \"https:\/\/sion.beestk.com\/fr\/tout-savoir-controle-fiscal-entreprise\/\",\n\t            \"url\": \"https:\/\/sion.beestk.com\/fr\/tout-savoir-controle-fiscal-entreprise\/\",\n\t            \"name\": \"Contr\u00f4le fiscal en entreprise : d\u00e9roulement, pr\u00e9paration et risques\",\n\t            \"isPartOf\": {\n\t                \"@id\": \"https:\/\/sion.beestk.com\/fr\/#website\"\n\t            },\n\t            \"primaryImageOfPage\": {\n\t                \"@id\": \"https:\/\/sion.beestk.com\/fr\/tout-savoir-controle-fiscal-entreprise\/#primaryimage\"\n\t            },\n\t            \"image\": {\n\t                \"@id\": \"https:\/\/sion.beestk.com\/fr\/tout-savoir-controle-fiscal-entreprise\/#primaryimage\"\n\t            },\n\t            \"thumbnailUrl\": \"https:\/\/sion.beestk.com\/wp-content\/uploads\/2022\/04\/cover_tout-savoir-controle-fiscal-entreprise.jpg\",\n\t            \"datePublished\": \"2023-10-19T16:45:00+00:00\",\n\t            \"dateModified\": \"2026-02-05T11:48:58+00:00\",\n\t            \"description\": \"D\u00e9couvrez comment fonctionne un contr\u00f4le fiscal en entreprise, les d\u00e9lais de prescription et les conseils du Cabinet Sion Avocat pour bien s\u2019y pr\u00e9parer.\",\n\t            \"breadcrumb\": {\n\t                \"@id\": \"https:\/\/sion.beestk.com\/fr\/tout-savoir-controle-fiscal-entreprise\/#breadcrumb\"\n\t            },\n\t            \"inLanguage\": \"fr-FR\",\n\t            \"potentialAction\": [\n\t                {\n\t                    \"@type\": \"ReadAction\",\n\t                    \"target\": [\n\t                        \"https:\/\/sion.beestk.com\/fr\/tout-savoir-controle-fiscal-entreprise\/\"\n\t                    ]\n\t                }\n\t            ]\n\t        },\n\t        {\n\t            \"@type\": \"ImageObject\",\n\t            \"inLanguage\": \"fr-FR\",\n\t            \"@id\": \"https:\/\/sion.beestk.com\/fr\/tout-savoir-controle-fiscal-entreprise\/#primaryimage\",\n\t            \"url\": \"https:\/\/sion.beestk.com\/wp-content\/uploads\/2022\/04\/cover_tout-savoir-controle-fiscal-entreprise.jpg\",\n\t            \"contentUrl\": \"https:\/\/sion.beestk.com\/wp-content\/uploads\/2022\/04\/cover_tout-savoir-controle-fiscal-entreprise.jpg\",\n\t            \"width\": 1200,\n\t            \"height\": 800\n\t        },\n\t        {\n\t            \"@type\": \"BreadcrumbList\",\n\t            \"@id\": \"https:\/\/sion.beestk.com\/fr\/tout-savoir-controle-fiscal-entreprise\/#breadcrumb\",\n\t            \"itemListElement\": [\n\t                {\n\t                    \"@type\": \"ListItem\",\n\t                    \"position\": 1,\n\t                    \"name\": \"Accueil\",\n\t                    \"item\": \"https:\/\/sion.beestk.com\/fr\/\"\n\t                },\n\t                {\n\t                    \"@type\": \"ListItem\",\n\t                    \"position\": 2,\n\t                    \"name\": \"Ressources\",\n\t                    \"item\": \"https:\/\/sion.beestk.com\/fr\/ressources\/\"\n\t                },\n\t                {\n\t                    \"@type\": \"ListItem\",\n\t                    \"position\": 3,\n\t                    \"name\": \"Actualit\u00e9s juridiques\",\n\t                    \"item\": \"https:\/\/sion.beestk.com\/fr\/ressources\/actualites-juridiques\/\"\n\t                },\n\t                {\n\t                    \"@type\": \"ListItem\",\n\t                    \"position\": 4,\n\t                    \"name\": \"Droit fiscal et douanier\",\n\t                    \"item\": \"https:\/\/sion.beestk.com\/fr\/ressources\/actualites-juridiques\/droit-fiscal-et-douanier\/\"\n\t                },\n\t                {\n\t                    \"@type\": \"ListItem\",\n\t                    \"position\": 5,\n\t                    \"name\": \"Contr\u00f4le fiscal en entreprise : ce qu\u2019il faut savoir pour s\u2019y pr\u00e9parer sereinement\"\n\t                }\n\t            ]\n\t        },\n\t        {\n\t            \"@type\": \"WebSite\",\n\t            \"@id\": \"https:\/\/sion.beestk.com\/fr\/#website\",\n\t            \"url\": \"https:\/\/sion.beestk.com\/fr\/\",\n\t            \"name\": \"Cabinet Ya\u00ebl Sion & ASSOCI\u00c9S\",\n\t            \"description\": \"\",\n\t            \"publisher\": {\n\t                \"@id\": \"https:\/\/sion.beestk.com\/fr\/#organization\"\n\t            },\n\t            \"potentialAction\": [\n\t                {\n\t                    \"@type\": \"SearchAction\",\n\t                    \"target\": {\n\t                        \"@type\": \"EntryPoint\",\n\t                        \"urlTemplate\": \"https:\/\/sion.beestk.com\/fr\/?s={search_term_string}\"\n\t                    },\n\t                    \"query-input\": {\n\t                        \"@type\": \"PropertyValueSpecification\",\n\t                        \"valueRequired\": true,\n\t                        \"valueName\": \"search_term_string\"\n\t                    }\n\t                }\n\t            ],\n\t            \"inLanguage\": \"fr-FR\"\n\t        },\n\t        {\n\t            \"@type\": [\n\t                \"Organization\",\n\t                \"LocalBusiness\",\n\t                \"LegalService\"\n\t            ],\n\t            \"@id\": \"https:\/\/sion.beestk.com\/fr\/#organization\",\n\t            \"name\": \"Cabinet Ya\u00ebl Sion & ASSOCI\u00c9S\",\n\t            \"url\": \"https:\/\/sion.beestk.com\/fr\/\",\n\t            \"logo\": {\n\t                \"@type\": \"ImageObject\",\n\t                \"inLanguage\": \"fr-FR\",\n\t                \"@id\": \"https:\/\/sion.beestk.com\/fr\/#\/schema\/logo\/image\/\",\n\t                \"url\": \"https:\/\/sion.beestk.com\/wp-content\/uploads\/2025\/12\/logo.png\",\n\t                \"contentUrl\": \"https:\/\/sion.beestk.com\/wp-content\/uploads\/2025\/12\/logo.png\",\n\t                \"width\": 150,\n\t                \"height\": 72,\n\t                \"caption\": \"Cabinet Ya\u00ebl Sion & ASSOCI\u00c9S\"\n\t            },\n\t            \"image\": {\n\t                \"@id\": \"https:\/\/sion.beestk.com\/fr\/#\/schema\/logo\/image\/\"\n\t            },\n\t            \"sameAs\": [\n\t                \"https:\/\/maps.app.goo.gl\/wgFyjZZdY3JC98nZA\",\n\t                \"https:\/\/www.linkedin.com\/in\/ya%C3%ABl-sion-0a18091b3\/\"\n\t            ],\n\t            \"telephone\": \"+33465848884\",\n\t            \"address\": {\n\t                \"@type\": \"PostalAddress\",\n\t                \"addressCountry\": \"FR\",\n\t                \"addressLocality\": \"Marseille\",\n\t                \"postalCode\": \"13008\",\n\t                \"streetAddress\": \"565 avenue du Prado\"\n\t            },\n\t            \"openingHours\": [\n\t                \"Mo-Th 09:00-19:00\",\n\t                \"Fr 09:00-16:00\"\n\t            ],\n\t            \"hasMap\": \"https:\/\/maps.app.goo.gl\/wgFyjZZdY3JC98nZA\",\n\t            \"founder\": [\n\t                {\n\t                    \"@type\": \"Person\",\n\t                    \"name\": \"Ya\u00ebl Sion\",\n\t                    \"jobTitle\": \"Avocat\",\n\t                    \"worksFor\": {\n\t                        \"@id\": \"https:\/\/sion.beestk.com\/fr\/#organization\"\n\t                    },\n\t                    \"sameAs\": [\n\t                        \"https:\/\/www.linkedin.com\/in\/ya%C3%ABl-sion-0a18091b3\/\"\n\t                    ]\n\t                }\n\t            ],\n\t            \"foundingDate\": \"2015\"\n\t        },\n\t        {\n\t            \"@type\": \"Person\",\n\t            \"@id\": \"https:\/\/sion.beestk.com\/fr\/#\/schema\/person\/af6781cee515c982ec0cc7165afd0ec1\",\n\t            \"name\": \"Ya\u00ebl Sion\",\n\t            \"image\": {\n\t                \"@type\": \"ImageObject\",\n\t                \"inLanguage\": \"fr-FR\",\n\t                \"@id\": \"https:\/\/sion.beestk.com\/fr\/#\/schema\/person\/image\/\",\n\t                \"url\": \"https:\/\/secure.gravatar.com\/avatar\/a802dd23cdae5671bd494df17fbc5c2a8d88ff0d303671cee42d52f554533583?s=96&d=mm&r=g\",\n\t                \"contentUrl\": \"https:\/\/secure.gravatar.com\/avatar\/a802dd23cdae5671bd494df17fbc5c2a8d88ff0d303671cee42d52f554533583?s=96&d=mm&r=g\",\n\t                \"caption\": \"Ya\u00ebl Sion\"\n\t            }\n\t        }\n\t    ]\n\t}<\/script>\n<!-- \/ Yoast SEO plugin. -->","yoast_head_json":{"title":"Contr\u00f4le fiscal en entreprise : d\u00e9roulement, pr\u00e9paration et risques","description":"D\u00e9couvrez comment fonctionne un contr\u00f4le fiscal en entreprise, les d\u00e9lais de prescription et les conseils du Cabinet Sion Avocat pour bien s\u2019y pr\u00e9parer.","robots":{"index":"noindex","follow":"follow","max-snippet":"max-snippet:-1","max-image-preview":"max-image-preview:large","max-video-preview":"max-video-preview:-1"},"og_locale":"fr_FR","og_type":"article","og_title":"Contr\u00f4le fiscal en entreprise : d\u00e9roulement, pr\u00e9paration et risques","og_description":"D\u00e9couvrez comment fonctionne un contr\u00f4le fiscal en entreprise, les d\u00e9lais de prescription et les conseils du Cabinet Sion Avocat pour bien s\u2019y pr\u00e9parer.","og_url":"https:\/\/sion.beestk.com\/fr\/tout-savoir-controle-fiscal-entreprise\/","og_site_name":"Sion Avocat","article_publisher":"https:\/\/maps.app.goo.gl\/wgFyjZZdY3JC98nZA","article_published_time":"2023-10-19T16:45:00+00:00","article_modified_time":"2026-02-05T11:48:58+00:00","og_image":[{"width":1200,"height":800,"url":"https:\/\/sion.beestk.com\/wp-content\/uploads\/2022\/04\/cover_tout-savoir-controle-fiscal-entreprise.jpg","type":"image\/jpeg"}],"author":"Ya\u00ebl Sion","twitter_card":"summary_large_image","twitter_misc":{"\u00c9crit par":"Ya\u00ebl Sion","Dur\u00e9e de lecture estim\u00e9e":"18 minutes"},"schema":{"@context":"https:\/\/schema.org","@graph":[{"@type":"Article","@id":"https:\/\/sion.beestk.com\/fr\/tout-savoir-controle-fiscal-entreprise\/#article","isPartOf":{"@id":"https:\/\/sion.beestk.com\/fr\/tout-savoir-controle-fiscal-entreprise\/"},"author":{"name":"Ya\u00ebl Sion","@id":"https:\/\/sion.beestk.com\/fr\/#\/schema\/person\/af6781cee515c982ec0cc7165afd0ec1"},"headline":"Contr\u00f4le fiscal en entreprise : ce qu\u2019il faut savoir pour s\u2019y pr\u00e9parer sereinement","datePublished":"2023-10-19T16:45:00+00:00","dateModified":"2026-02-05T11:48:58+00:00","mainEntityOfPage":{"@id":"https:\/\/sion.beestk.com\/fr\/tout-savoir-controle-fiscal-entreprise\/"},"wordCount":4138,"commentCount":0,"publisher":{"@id":"https:\/\/sion.beestk.com\/fr\/#organization"},"image":{"@id":"https:\/\/sion.beestk.com\/fr\/tout-savoir-controle-fiscal-entreprise\/#primaryimage"},"thumbnailUrl":"https:\/\/sion.beestk.com\/wp-content\/uploads\/2022\/04\/cover_tout-savoir-controle-fiscal-entreprise.jpg","articleSection":["Droit fiscal et douanier"],"inLanguage":"fr-FR","potentialAction":[{"@type":"CommentAction","name":"Comment","target":["https:\/\/sion.beestk.com\/fr\/tout-savoir-controle-fiscal-entreprise\/#respond"]}]},{"@type":"WebPage","@id":"https:\/\/sion.beestk.com\/fr\/tout-savoir-controle-fiscal-entreprise\/","url":"https:\/\/sion.beestk.com\/fr\/tout-savoir-controle-fiscal-entreprise\/","name":"Contr\u00f4le fiscal en entreprise : d\u00e9roulement, pr\u00e9paration et risques","isPartOf":{"@id":"https:\/\/sion.beestk.com\/fr\/#website"},"primaryImageOfPage":{"@id":"https:\/\/sion.beestk.com\/fr\/tout-savoir-controle-fiscal-entreprise\/#primaryimage"},"image":{"@id":"https:\/\/sion.beestk.com\/fr\/tout-savoir-controle-fiscal-entreprise\/#primaryimage"},"thumbnailUrl":"https:\/\/sion.beestk.com\/wp-content\/uploads\/2022\/04\/cover_tout-savoir-controle-fiscal-entreprise.jpg","datePublished":"2023-10-19T16:45:00+00:00","dateModified":"2026-02-05T11:48:58+00:00","description":"D\u00e9couvrez comment fonctionne un contr\u00f4le fiscal en entreprise, les d\u00e9lais de prescription et les conseils du Cabinet Sion Avocat pour bien s\u2019y pr\u00e9parer.","breadcrumb":{"@id":"https:\/\/sion.beestk.com\/fr\/tout-savoir-controle-fiscal-entreprise\/#breadcrumb"},"inLanguage":"fr-FR","potentialAction":[{"@type":"ReadAction","target":["https:\/\/sion.beestk.com\/fr\/tout-savoir-controle-fiscal-entreprise\/"]}]},{"@type":"ImageObject","inLanguage":"fr-FR","@id":"https:\/\/sion.beestk.com\/fr\/tout-savoir-controle-fiscal-entreprise\/#primaryimage","url":"https:\/\/sion.beestk.com\/wp-content\/uploads\/2022\/04\/cover_tout-savoir-controle-fiscal-entreprise.jpg","contentUrl":"https:\/\/sion.beestk.com\/wp-content\/uploads\/2022\/04\/cover_tout-savoir-controle-fiscal-entreprise.jpg","width":1200,"height":800},{"@type":"BreadcrumbList","@id":"https:\/\/sion.beestk.com\/fr\/tout-savoir-controle-fiscal-entreprise\/#breadcrumb","itemListElement":[{"@type":"ListItem","position":1,"name":"Accueil","item":"https:\/\/sion.beestk.com\/fr\/"},{"@type":"ListItem","position":2,"name":"Ressources","item":"https:\/\/sion.beestk.com\/fr\/ressources\/"},{"@type":"ListItem","position":3,"name":"Actualit\u00e9s juridiques","item":"https:\/\/sion.beestk.com\/fr\/ressources\/actualites-juridiques\/"},{"@type":"ListItem","position":4,"name":"Droit fiscal et douanier","item":"https:\/\/sion.beestk.com\/fr\/ressources\/actualites-juridiques\/droit-fiscal-et-douanier\/"},{"@type":"ListItem","position":5,"name":"Contr\u00f4le fiscal en entreprise : ce qu\u2019il faut savoir pour s\u2019y pr\u00e9parer sereinement"}]},{"@type":"WebSite","@id":"https:\/\/sion.beestk.com\/fr\/#website","url":"https:\/\/sion.beestk.com\/fr\/","name":"Cabinet Ya\u00ebl Sion & ASSOCI\u00c9S","description":"","publisher":{"@id":"https:\/\/sion.beestk.com\/fr\/#organization"},"potentialAction":[{"@type":"SearchAction","target":{"@type":"EntryPoint","urlTemplate":"https:\/\/sion.beestk.com\/fr\/?s={search_term_string}"},"query-input":{"@type":"PropertyValueSpecification","valueRequired":true,"valueName":"search_term_string"}}],"inLanguage":"fr-FR"},{"@type":["Organization","LocalBusiness","LegalService"],"@id":"https:\/\/sion.beestk.com\/fr\/#organization","name":"Cabinet Ya\u00ebl Sion & ASSOCI\u00c9S","url":"https:\/\/sion.beestk.com\/fr\/","logo":{"@type":"ImageObject","inLanguage":"fr-FR","@id":"https:\/\/sion.beestk.com\/fr\/#\/schema\/logo\/image\/","url":"https:\/\/sion.beestk.com\/wp-content\/uploads\/2025\/12\/logo.png","contentUrl":"https:\/\/sion.beestk.com\/wp-content\/uploads\/2025\/12\/logo.png","width":150,"height":72,"caption":"Cabinet Ya\u00ebl Sion & ASSOCI\u00c9S"},"image":{"@id":"https:\/\/sion.beestk.com\/fr\/#\/schema\/logo\/image\/"},"sameAs":["https:\/\/maps.app.goo.gl\/wgFyjZZdY3JC98nZA","https:\/\/www.linkedin.com\/in\/ya%C3%ABl-sion-0a18091b3\/"],"telephone":"+33465848884","address":{"@type":"PostalAddress","addressCountry":"FR","addressLocality":"Marseille","postalCode":"13008","streetAddress":"565 avenue du Prado"},"openingHours":["Mo-Th 09:00-19:00","Fr 09:00-16:00"],"hasMap":"https:\/\/maps.app.goo.gl\/wgFyjZZdY3JC98nZA","founder":[{"@type":"Person","name":"Ya\u00ebl Sion","jobTitle":"Avocat","worksFor":{"@id":"https:\/\/sion.beestk.com\/fr\/#organization"},"sameAs":["https:\/\/www.linkedin.com\/in\/ya%C3%ABl-sion-0a18091b3\/"]}],"foundingDate":"2015"},{"@type":"Person","@id":"https:\/\/sion.beestk.com\/fr\/#\/schema\/person\/af6781cee515c982ec0cc7165afd0ec1","name":"Ya\u00ebl Sion","image":{"@type":"ImageObject","inLanguage":"fr-FR","@id":"https:\/\/sion.beestk.com\/fr\/#\/schema\/person\/image\/","url":"https:\/\/secure.gravatar.com\/avatar\/a802dd23cdae5671bd494df17fbc5c2a8d88ff0d303671cee42d52f554533583?s=96&d=mm&r=g","contentUrl":"https:\/\/secure.gravatar.com\/avatar\/a802dd23cdae5671bd494df17fbc5c2a8d88ff0d303671cee42d52f554533583?s=96&d=mm&r=g","caption":"Ya\u00ebl Sion"}}]}},"_links":{"self":[{"href":"https:\/\/sion.beestk.com\/fr\/wp-json\/wp\/v2\/posts\/51","targetHints":{"allow":["GET"]}}],"collection":[{"href":"https:\/\/sion.beestk.com\/fr\/wp-json\/wp\/v2\/posts"}],"about":[{"href":"https:\/\/sion.beestk.com\/fr\/wp-json\/wp\/v2\/types\/post"}],"author":[{"embeddable":true,"href":"https:\/\/sion.beestk.com\/fr\/wp-json\/wp\/v2\/users\/3"}],"replies":[{"embeddable":true,"href":"https:\/\/sion.beestk.com\/fr\/wp-json\/wp\/v2\/comments?post=51"}],"version-history":[{"count":1,"href":"https:\/\/sion.beestk.com\/fr\/wp-json\/wp\/v2\/posts\/51\/revisions"}],"predecessor-version":[{"id":3173,"href":"https:\/\/sion.beestk.com\/fr\/wp-json\/wp\/v2\/posts\/51\/revisions\/3173"}],"wp:featuredmedia":[{"embeddable":true,"href":"https:\/\/sion.beestk.com\/fr\/wp-json\/wp\/v2\/media\/109"}],"wp:attachment":[{"href":"https:\/\/sion.beestk.com\/fr\/wp-json\/wp\/v2\/media?parent=51"}],"wp:term":[{"taxonomy":"category","embeddable":true,"href":"https:\/\/sion.beestk.com\/fr\/wp-json\/wp\/v2\/categories?post=51"},{"taxonomy":"post_tag","embeddable":true,"href":"https:\/\/sion.beestk.com\/fr\/wp-json\/wp\/v2\/tags?post=51"}],"curies":[{"name":"wp","href":"https:\/\/api.w.org\/{rel}","templated":true}]}}