{"id":37,"date":"2023-01-03T18:39:00","date_gmt":"2023-01-03T17:39:00","guid":{"rendered":"https:\/\/sion.beestk.com\/?p=37"},"modified":"2026-02-05T12:48:58","modified_gmt":"2026-02-05T11:48:58","slug":"qu-est-ce-que-fiscalite-energetique-entreprise","status":"publish","type":"post","link":"https:\/\/sion.beestk.com\/fr\/qu-est-ce-que-fiscalite-energetique-entreprise\/","title":{"rendered":"Qu&rsquo;est-ce que la fiscalit\u00e9 \u00e9nerg\u00e9tique en entreprise ?"},"content":{"rendered":"\n<p><em>La fiscalit\u00e9 \u00e9nerg\u00e9tique, aussi nomm\u00e9e \u00e9cofiscalit\u00e9, est la taxation des produits et activit\u00e9s polluant(e)s, dans le but d\u2019encourager les pratiques plus respectueuses de l\u2019environnement. Cette fiscalit\u00e9 \u00e9cologique s\u2019applique aux particuliers mais aussi aux entreprises, et n\u00e9cessite une gestion optimale et s\u00e9curis\u00e9e, pour bien appr\u00e9hender la complexit\u00e9 de cette r\u00e9glementation, qui se cache dans le <a href=\"https:\/\/sion.beestk.com\/fr\/nos-expertises\/droit-fiscal-douanier\/\">droit douanier<\/a>, dans le code de l\u2019environnement, dans le code g\u00e9n\u00e9rale des collectivit\u00e9s territoriales mais aussi dans le code de l\u2019\u00e9nergie\u2026 Le Cabinet Sion Avocat vous aide ainsi \u00e0 y voir plus clair, notamment pour comprendre tous les acronymes comme TICGN, TICPE, CSPE ou encore TICFE.<\/em><\/p>\n\n\n\n<figure class=\"wp-block-image size-large\"><img fetchpriority=\"high\" decoding=\"async\" width=\"1024\" height=\"664\" src=\"https:\/\/sion.beestk.com\/wp-content\/uploads\/2025\/12\/fiscalite-energetique-1024x664.jpg\" alt=\"\" class=\"wp-image-38\" srcset=\"https:\/\/sion.beestk.com\/wp-content\/uploads\/2025\/12\/fiscalite-energetique-1024x664.jpg 1024w, https:\/\/sion.beestk.com\/wp-content\/uploads\/2025\/12\/fiscalite-energetique-300x194.jpg 300w, https:\/\/sion.beestk.com\/wp-content\/uploads\/2025\/12\/fiscalite-energetique-768x498.jpg 768w, https:\/\/sion.beestk.com\/wp-content\/uploads\/2025\/12\/fiscalite-energetique-1536x995.jpg 1536w, https:\/\/sion.beestk.com\/wp-content\/uploads\/2025\/12\/fiscalite-energetique-2048x1327.jpg 2048w\" sizes=\"(max-width: 1024px) 100vw, 1024px\" \/><\/figure>\n\n\n\n<h2 class=\"wp-block-heading\">A quoi sert la fiscalit\u00e9 \u00e9nerg\u00e9tique ?<\/h2>\n\n\n\n<p>La fiscalit\u00e9 \u00e9nerg\u00e9tique est donc une fiscalit\u00e9 environnementale qui a vu le jour dans un contexte de crise \u00e9cologique. En effet, l\u2019empreinte environnementale des activit\u00e9s humaines ne cesse d\u2019augmenter et les ressources sont surexploit\u00e9es, notamment \u00e0 cause de la production d\u2019\u00e9nergie. Cette fiscalit\u00e9 a pour but de favoriser la transition \u00e9nerg\u00e9tique, aussi bien des particuliers que des entreprises, en modifiant les comportements et habitudes de consommation.<\/p>\n\n\n\n<p>Concr\u00e8tement, il s\u2019agit de taxes, de redevances ou d\u2019imp\u00f4ts vers\u00e9s \u00e0 l&rsquo;administration fiscale, qui augmentent le prix des biens ou services polluants afin de contrebalancer les \u201cexternalit\u00e9s n\u00e9gatives\u201d, c&rsquo;est-\u00e0-dire les dommages caus\u00e9s \u00e0 l\u2019environnement. Le co\u00fbt des produits ou services concern\u00e9s augmente donc en cons\u00e9quence, et la fiscalit\u00e9 \u00e9nerg\u00e9tique am\u00e9liore la comp\u00e9titivit\u00e9 des produits et services plus respectueux de la plan\u00e8te. Cela permet d\u2019engager la responsabilit\u00e9 sociale et environnementale (RSE) des soci\u00e9t\u00e9s, encourageant les entreprises \u00e0 adopter des pratiques durables et \u00e0 investir dans des technologies propres. Par exemple, les entreprises peuvent \u00eatre incit\u00e9es \u00e0 r\u00e9duire leur consommation d&rsquo;\u00e9nergie fossile en faveur des \u00e9nergies renouvelables, ce qui a un impact positif sur la r\u00e9duction des \u00e9missions de gaz \u00e0 effet de serre. En outre, cette fiscalit\u00e9 contribue \u00e9galement \u00e0 financer des initiatives environnementales et des projets d&rsquo;infrastructure verte, renfor\u00e7ant ainsi les efforts globaux pour lutter contre le changement climatique et prot\u00e9ger les ressources naturelles pour les g\u00e9n\u00e9rations futures.<\/p>\n\n\n\n<h2 class=\"wp-block-heading\">Les diff\u00e9rentes taxes \u00e9nerg\u00e9tiques en France<\/h2>\n\n\n\n<p>De nombreuses taxes \u00e9cologiques, aussi appel\u00e9es taxes vertes, portent sur les \u00e9nergies polluantes. Le Cabinet Sion Avocat vous les d\u00e9crypte ci-apr\u00e8s.<\/p>\n\n\n\n<h3 class=\"wp-block-heading\">Les taxes \u00e9lectricit\u00e9<\/h3>\n\n\n\n<p>Voici les diff\u00e9rentes taxes et la fiscalit\u00e9 portant sur l\u2019\u00e9lectricit\u00e9 :<\/p>\n\n\n\n<ul class=\"wp-block-list\">\n<li>La TICFE, taxe int\u00e9rieure sur la consommation finale d\u2019\u00e9lectricit\u00e9. On la retrouve \u00e9galement sous le terme de contribution au service public de l\u2019\u00e9lectricit\u00e9 (CSPE) et elle concerne \u00e0 la fois les fournisseurs d\u2019\u00e9lectricit\u00e9s, mais aussi les personnes (morales et physiques) qui produisent de l\u2019\u00e9lectricit\u00e9 pour leur propre consommation<\/li>\n\n\n\n<li>La taxe d\u00e9partementale sur la consommation finale d\u2019\u00e9lectricit\u00e9 : m\u00eame principe mais le tarif est \u00e9tabli par chaque d\u00e9partement, ind\u00e9pendamment de la TICFE<\/li>\n\n\n\n<li>La taxe communale sur la consommation finale d\u2019\u00e9lectricit\u00e9 : idem mais pour alimenter le budget de nos communes<\/li>\n\n\n\n<li>La CTA, ou contribution tarifaire d\u2019acheminement<\/li>\n\n\n\n<li>Et bien s\u00fbr la bien connue TVA, taxe sur la valeur ajout\u00e9e<\/li>\n<\/ul>\n\n\n\n<h3 class=\"wp-block-heading\">Les taxes sur la consommation \u00e9nerg\u00e9tique<\/h3>\n\n\n\n<p>Ces taxes portent sur les \u201cproduits polluants\u201d et en voici la liste :<\/p>\n\n\n\n<ul class=\"wp-block-list\">\n<li>La TICPE, ou taxe int\u00e9rieure de consommation sur les produits \u00e9nerg\u00e9tiques. Elle remplace la TIPP, ou taxe int\u00e9rieure de consommation sur les produits p\u00e9troliers, et elle concerne les entreprises s\u2019occupant de la production, l\u2019importation et\/ou du stockage d\u2019\u00e9nergies fossiles utilis\u00e9es comme carburant ou comme combustible (charbon, gaz naturel, fioul, gazole, essence). Le tarif d\u00e9pend de l\u2019usage, du type de consommateur (particulier ou entreprise) ou encore du lieu de consommation<\/li>\n\n\n\n<li>La TICC, taxe int\u00e9rieure de consommation sur le charbon, qui s\u2019applique aux entreprises livrant du charbon, lignite, houilles\u2026 ainsi qu\u2019aux personnes individuelles qui produisent elles-m\u00eames (ou importent) leur charbon.<\/li>\n\n\n\n<li>La TICGN, taxe int\u00e9rieure de consommation sur le gaz naturel, qui est collect\u00e9e par les fournisseurs aupr\u00e8s des particuliers et entreprises qui utilisent le gaz naturel comme combustible<\/li>\n<\/ul>\n\n\n\n<p>Toutes ces taxes int\u00e9rieures de consommation (ou TIC en abr\u00e9g\u00e9) incluent aussi une CCE, c\u2019est \u00e0 dire une contribution climat \u00e9nergie, un peu l\u2019\u00e9quivalent d\u2019une taxe carbone pour rendre les \u00e9nergies carbon\u00e9es plus on\u00e9reuses, et pour limiter les \u00e9missions de GES (gaz \u00e0 effet de serre)<\/p>\n\n\n\n<h2 class=\"wp-block-heading\">L\u2019optimisation fiscale des taxes \u00e9nerg\u00e9tiques<\/h2>\n\n\n\n<p>Comme dans tous les secteurs, l\u2019accompagnement par un cabinet d&rsquo;<a href=\"https:\/\/sion.beestk.com\/fr\/qu-est-ce-qu-un-avocat-fiscaliste\/\" type=\"link\" id=\"https:\/\/sion.beestk.com\/fr\/qu-est-ce-qu-un-avocat-fiscaliste\/\">avocat fiscaliste<\/a> expert, tel que Ma\u00eetre Sion, est essentiel pour r\u00e9aliser une optimisation fiscale sur l\u2019\u00e9nergie de mani\u00e8re efficace et l\u00e9gale. En effet, il est possible de se faire rembourser, totalement ou en partie, ces diff\u00e9rentes taxes environnementales en b\u00e9n\u00e9ficiant d\u2019exon\u00e9rations ou de taux r\u00e9duits, ce qui peut consid\u00e9rablement all\u00e9ger les charges financi\u00e8res des entreprises.<\/p>\n\n\n\n<p>Par exemple, les entreprises du secteur routier peuvent obtenir un remboursement de la TICPE, une taxe significative pour ce secteur. Pour les entreprises qui consomment de grandes quantit\u00e9s d\u2019\u00e9nergie, un remboursement de la TICGN peut \u00eatre envisag\u00e9, offrant un all\u00e9gement financier substantiel. De m\u00eame, les entreprises industrielles peuvent obtenir des remboursements sur les taxes d\u2019\u00e9lectricit\u00e9, ce qui peut repr\u00e9senter des \u00e9conomies importantes sur leurs d\u00e9penses \u00e9nerg\u00e9tiques.<\/p>\n\n\n\n<p>Il est crucial de noter que ces remboursements et exon\u00e9rations ne sont pas automatiques. Il y a des formalit\u00e9s de d\u00e9claration \u00e0 remplir aupr\u00e8s de l\u2019administration des douanes et \u00e9galement aupr\u00e8s de votre fournisseur d\u2019\u00e9nergie. Ces d\u00e9marches peuvent sembler complexes et fastidieuses, mais avec l\u2019aide d\u2019un cabinet d&rsquo;avocat fiscaliste exp\u00e9riment\u00e9, elles peuvent \u00eatre men\u00e9es \u00e0 bien de mani\u00e8re efficiente. L\u2019assistance juridique permet de naviguer \u00e0 travers les subtilit\u00e9s administratives et r\u00e9glementaires, assurant que toutes les possibilit\u00e9s d\u2019optimisation fiscale soient exploit\u00e9es au maximum, dans le respect de la l\u00e9galit\u00e9.<\/p>\n\n\n\n<p>Ainsi, pour toute entreprise cherchant \u00e0 optimiser ses charges fiscales li\u00e9es \u00e0 la consommation \u00e9nerg\u00e9tique, faire appel \u00e0 un cabinet d&rsquo;avocat sp\u00e9cialis\u00e9 est non seulement recommand\u00e9, mais souvent indispensable pour maximiser les avantages fiscaux et minimiser les co\u00fbts.<\/p>\n\n\n\n<p><\/p>\n\n\n\n<p>Alors, si vous recherchez un <a href=\"\/fr\/\">avocat fiscaliste \u00e0 Marseille<\/a>, expert en \u00e9cofiscalit\u00e9 en entreprise, n\u2019h\u00e9sitez pas \u00e0 <a href=\"https:\/\/sion.beestk.com\/fr\/contact\/\">contacter le Cabinet Sion Avocat<\/a>, qui pourra vous aider dans toutes ces d\u00e9marches administratives pour faire de l\u2019optimisation fiscale \u00e9nerg\u00e9tique, dans le respect de la l\u00e9galit\u00e9 !<\/p>\n","protected":false},"excerpt":{"rendered":"<p>La fiscalit\u00e9 \u00e9nerg\u00e9tique, aussi nomm\u00e9e \u00e9cofiscalit\u00e9, est la taxation des produits et activit\u00e9s polluant(e)s, dans le but d\u2019encourager les pratiques plus respectueuses de l\u2019environnement. Cette fiscalit\u00e9 \u00e9cologique s\u2019applique aux particuliers mais aussi aux entreprises, et n\u00e9cessite une gestion optimale et s\u00e9curis\u00e9e, pour bien appr\u00e9hender la complexit\u00e9 de cette r\u00e9glementation, qui se cache dans le droit [&hellip;]<\/p>\n","protected":false},"author":3,"featured_media":113,"comment_status":"open","ping_status":"open","sticky":false,"template":"","format":"standard","meta":{"_acf_changed":false,"footnotes":""},"categories":[6],"tags":[],"class_list":["post-37","post","type-post","status-publish","format-standard","has-post-thumbnail","hentry","category-droit-fiscal-et-douanier"],"acf":[],"yoast_head":"<!-- This site is optimized with the Yoast SEO plugin v26.8 - https:\/\/yoast.com\/product\/yoast-seo-wordpress\/ -->\n<title>Qu&#039;est-ce que la fiscalit\u00e9 \u00e9nerg\u00e9tique en entreprise ?<\/title>\n<meta name=\"description\" content=\"Vous vous demandez en quoi consiste la fiscalit\u00e9 \u00e9nerg\u00e9tique en entreprise ? Le Cabinet Sion Avocat vous l\u2019explique en clarifiant notamment les diff\u00e9rentes taxes\u2026\" \/>\n<meta name=\"robots\" content=\"noindex, follow, max-snippet:-1, max-image-preview:large, max-video-preview:-1\" \/>\n<meta property=\"og:locale\" content=\"fr_FR\" \/>\n<meta property=\"og:type\" content=\"article\" \/>\n<meta property=\"og:title\" content=\"Qu&#039;est-ce que la fiscalit\u00e9 \u00e9nerg\u00e9tique en entreprise ?\" \/>\n<meta property=\"og:description\" content=\"Vous vous demandez en quoi consiste la fiscalit\u00e9 \u00e9nerg\u00e9tique en entreprise ? Le Cabinet Sion Avocat vous l\u2019explique en clarifiant notamment les diff\u00e9rentes taxes\u2026\" \/>\n<meta property=\"og:url\" content=\"https:\/\/sion.beestk.com\/fr\/qu-est-ce-que-fiscalite-energetique-entreprise\/\" \/>\n<meta property=\"og:site_name\" content=\"Sion Avocat\" \/>\n<meta property=\"article:publisher\" content=\"https:\/\/maps.app.goo.gl\/wgFyjZZdY3JC98nZA\" \/>\n<meta property=\"article:published_time\" content=\"2023-01-03T17:39:00+00:00\" \/>\n<meta property=\"article:modified_time\" content=\"2026-02-05T11:48:58+00:00\" \/>\n<meta property=\"og:image\" content=\"https:\/\/sion.beestk.com\/wp-content\/uploads\/2022\/04\/cover_fiscalite-energetique.jpg\" \/>\n\t<meta property=\"og:image:width\" content=\"1200\" \/>\n\t<meta property=\"og:image:height\" content=\"800\" \/>\n\t<meta property=\"og:image:type\" content=\"image\/jpeg\" \/>\n<meta name=\"author\" content=\"Ya\u00ebl Sion\" \/>\n<meta name=\"twitter:card\" content=\"summary_large_image\" \/>\n<meta name=\"twitter:label1\" content=\"\u00c9crit par\" \/>\n\t<meta name=\"twitter:data1\" content=\"Ya\u00ebl Sion\" \/>\n\t<meta name=\"twitter:label2\" content=\"Dur\u00e9e de lecture estim\u00e9e\" \/>\n\t<meta name=\"twitter:data2\" content=\"6 minutes\" \/>\n<script type=\"application\/ld+json\" class=\"yoast-schema-graph\">{\n\t    \"@context\": \"https:\/\/schema.org\",\n\t    \"@graph\": [\n\t        {\n\t            \"@type\": \"Article\",\n\t            \"@id\": \"https:\/\/sion.beestk.com\/fr\/qu-est-ce-que-fiscalite-energetique-entreprise\/#article\",\n\t            \"isPartOf\": {\n\t                \"@id\": \"https:\/\/sion.beestk.com\/fr\/qu-est-ce-que-fiscalite-energetique-entreprise\/\"\n\t            },\n\t            \"author\": {\n\t                \"name\": \"Ya\u00ebl Sion\",\n\t                \"@id\": \"https:\/\/sion.beestk.com\/fr\/#\/schema\/person\/af6781cee515c982ec0cc7165afd0ec1\"\n\t            },\n\t            \"headline\": \"Qu&rsquo;est-ce que la fiscalit\u00e9 \u00e9nerg\u00e9tique en entreprise ?\",\n\t            \"datePublished\": \"2023-01-03T17:39:00+00:00\",\n\t            \"dateModified\": \"2026-02-05T11:48:58+00:00\",\n\t            \"mainEntityOfPage\": {\n\t                \"@id\": \"https:\/\/sion.beestk.com\/fr\/qu-est-ce-que-fiscalite-energetique-entreprise\/\"\n\t            },\n\t            \"wordCount\": 1121,\n\t            \"commentCount\": 0,\n\t            \"publisher\": {\n\t                \"@id\": \"https:\/\/sion.beestk.com\/fr\/#organization\"\n\t            },\n\t            \"image\": {\n\t                \"@id\": \"https:\/\/sion.beestk.com\/fr\/qu-est-ce-que-fiscalite-energetique-entreprise\/#primaryimage\"\n\t            },\n\t            \"thumbnailUrl\": \"https:\/\/sion.beestk.com\/wp-content\/uploads\/2022\/04\/cover_fiscalite-energetique.jpg\",\n\t            \"articleSection\": [\n\t                \"Droit fiscal et douanier\"\n\t            ],\n\t            \"inLanguage\": \"fr-FR\",\n\t            \"potentialAction\": [\n\t                {\n\t                    \"@type\": \"CommentAction\",\n\t                    \"name\": \"Comment\",\n\t                    \"target\": [\n\t                        \"https:\/\/sion.beestk.com\/fr\/qu-est-ce-que-fiscalite-energetique-entreprise\/#respond\"\n\t                    ]\n\t                }\n\t            ]\n\t        },\n\t        {\n\t            \"@type\": \"WebPage\",\n\t            \"@id\": \"https:\/\/sion.beestk.com\/fr\/qu-est-ce-que-fiscalite-energetique-entreprise\/\",\n\t            \"url\": \"https:\/\/sion.beestk.com\/fr\/qu-est-ce-que-fiscalite-energetique-entreprise\/\",\n\t            \"name\": \"Qu'est-ce que la fiscalit\u00e9 \u00e9nerg\u00e9tique en entreprise ?\",\n\t            \"isPartOf\": {\n\t                \"@id\": \"https:\/\/sion.beestk.com\/fr\/#website\"\n\t            },\n\t            \"primaryImageOfPage\": {\n\t                \"@id\": \"https:\/\/sion.beestk.com\/fr\/qu-est-ce-que-fiscalite-energetique-entreprise\/#primaryimage\"\n\t            },\n\t            \"image\": {\n\t                \"@id\": \"https:\/\/sion.beestk.com\/fr\/qu-est-ce-que-fiscalite-energetique-entreprise\/#primaryimage\"\n\t            },\n\t            \"thumbnailUrl\": \"https:\/\/sion.beestk.com\/wp-content\/uploads\/2022\/04\/cover_fiscalite-energetique.jpg\",\n\t            \"datePublished\": \"2023-01-03T17:39:00+00:00\",\n\t            \"dateModified\": \"2026-02-05T11:48:58+00:00\",\n\t            \"description\": \"Vous vous demandez en quoi consiste la fiscalit\u00e9 \u00e9nerg\u00e9tique en entreprise ? Le Cabinet Sion Avocat vous l\u2019explique en clarifiant notamment les diff\u00e9rentes taxes\u2026\",\n\t            \"breadcrumb\": {\n\t                \"@id\": \"https:\/\/sion.beestk.com\/fr\/qu-est-ce-que-fiscalite-energetique-entreprise\/#breadcrumb\"\n\t            },\n\t            \"inLanguage\": \"fr-FR\",\n\t            \"potentialAction\": [\n\t                {\n\t                    \"@type\": \"ReadAction\",\n\t                    \"target\": [\n\t                        \"https:\/\/sion.beestk.com\/fr\/qu-est-ce-que-fiscalite-energetique-entreprise\/\"\n\t                    ]\n\t                }\n\t            ]\n\t        },\n\t        {\n\t            \"@type\": \"ImageObject\",\n\t            \"inLanguage\": \"fr-FR\",\n\t            \"@id\": \"https:\/\/sion.beestk.com\/fr\/qu-est-ce-que-fiscalite-energetique-entreprise\/#primaryimage\",\n\t            \"url\": \"https:\/\/sion.beestk.com\/wp-content\/uploads\/2022\/04\/cover_fiscalite-energetique.jpg\",\n\t            \"contentUrl\": \"https:\/\/sion.beestk.com\/wp-content\/uploads\/2022\/04\/cover_fiscalite-energetique.jpg\",\n\t            \"width\": 1200,\n\t            \"height\": 800\n\t        },\n\t        {\n\t            \"@type\": \"BreadcrumbList\",\n\t            \"@id\": \"https:\/\/sion.beestk.com\/fr\/qu-est-ce-que-fiscalite-energetique-entreprise\/#breadcrumb\",\n\t            \"itemListElement\": [\n\t                {\n\t                    \"@type\": \"ListItem\",\n\t                    \"position\": 1,\n\t                    \"name\": \"Accueil\",\n\t                    \"item\": \"https:\/\/sion.beestk.com\/fr\/\"\n\t                },\n\t                {\n\t                    \"@type\": \"ListItem\",\n\t                    \"position\": 2,\n\t                    \"name\": \"Ressources\",\n\t                    \"item\": \"https:\/\/sion.beestk.com\/fr\/ressources\/\"\n\t                },\n\t                {\n\t                    \"@type\": \"ListItem\",\n\t                    \"position\": 3,\n\t                    \"name\": \"Actualit\u00e9s juridiques\",\n\t                    \"item\": \"https:\/\/sion.beestk.com\/fr\/ressources\/actualites-juridiques\/\"\n\t                },\n\t                {\n\t                    \"@type\": \"ListItem\",\n\t                    \"position\": 4,\n\t                    \"name\": \"Droit fiscal et douanier\",\n\t                    \"item\": \"https:\/\/sion.beestk.com\/fr\/ressources\/actualites-juridiques\/droit-fiscal-et-douanier\/\"\n\t                },\n\t                {\n\t                    \"@type\": \"ListItem\",\n\t                    \"position\": 5,\n\t                    \"name\": \"Qu&rsquo;est-ce que la fiscalit\u00e9 \u00e9nerg\u00e9tique en entreprise ?\"\n\t                }\n\t            ]\n\t        },\n\t        {\n\t            \"@type\": \"WebSite\",\n\t            \"@id\": \"https:\/\/sion.beestk.com\/fr\/#website\",\n\t            \"url\": \"https:\/\/sion.beestk.com\/fr\/\",\n\t            \"name\": \"Cabinet Ya\u00ebl Sion & ASSOCI\u00c9S\",\n\t            \"description\": \"\",\n\t            \"publisher\": {\n\t                \"@id\": \"https:\/\/sion.beestk.com\/fr\/#organization\"\n\t            },\n\t            \"potentialAction\": [\n\t                {\n\t                    \"@type\": \"SearchAction\",\n\t                    \"target\": {\n\t                        \"@type\": \"EntryPoint\",\n\t                        \"urlTemplate\": \"https:\/\/sion.beestk.com\/fr\/?s={search_term_string}\"\n\t                    },\n\t                    \"query-input\": {\n\t                        \"@type\": \"PropertyValueSpecification\",\n\t                        \"valueRequired\": true,\n\t                        \"valueName\": \"search_term_string\"\n\t                    }\n\t                }\n\t            ],\n\t            \"inLanguage\": \"fr-FR\"\n\t        },\n\t        {\n\t            \"@type\": [\n\t                \"Organization\",\n\t                \"LocalBusiness\",\n\t                \"LegalService\"\n\t            ],\n\t            \"@id\": \"https:\/\/sion.beestk.com\/fr\/#organization\",\n\t            \"name\": \"Cabinet Ya\u00ebl Sion & ASSOCI\u00c9S\",\n\t            \"url\": \"https:\/\/sion.beestk.com\/fr\/\",\n\t            \"logo\": {\n\t                \"@type\": \"ImageObject\",\n\t                \"inLanguage\": \"fr-FR\",\n\t                \"@id\": \"https:\/\/sion.beestk.com\/fr\/#\/schema\/logo\/image\/\",\n\t                \"url\": \"https:\/\/sion.beestk.com\/wp-content\/uploads\/2025\/12\/logo.png\",\n\t                \"contentUrl\": \"https:\/\/sion.beestk.com\/wp-content\/uploads\/2025\/12\/logo.png\",\n\t                \"width\": 150,\n\t                \"height\": 72,\n\t                \"caption\": \"Cabinet Ya\u00ebl Sion & ASSOCI\u00c9S\"\n\t            },\n\t            \"image\": {\n\t                \"@id\": \"https:\/\/sion.beestk.com\/fr\/#\/schema\/logo\/image\/\"\n\t            },\n\t            \"sameAs\": [\n\t                \"https:\/\/maps.app.goo.gl\/wgFyjZZdY3JC98nZA\",\n\t                \"https:\/\/www.linkedin.com\/in\/ya%C3%ABl-sion-0a18091b3\/\"\n\t            ],\n\t            \"telephone\": \"+33465848884\",\n\t            \"address\": {\n\t                \"@type\": \"PostalAddress\",\n\t                \"addressCountry\": \"FR\",\n\t                \"addressLocality\": \"Marseille\",\n\t                \"postalCode\": \"13008\",\n\t                \"streetAddress\": \"565 avenue du Prado\"\n\t            },\n\t            \"openingHours\": [\n\t                \"Mo-Th 09:00-19:00\",\n\t                \"Fr 09:00-16:00\"\n\t            ],\n\t            \"hasMap\": \"https:\/\/maps.app.goo.gl\/wgFyjZZdY3JC98nZA\",\n\t            \"founder\": [\n\t                {\n\t                    \"@type\": \"Person\",\n\t                    \"name\": \"Ya\u00ebl Sion\",\n\t                    \"jobTitle\": \"Avocat\",\n\t                    \"worksFor\": {\n\t                        \"@id\": \"https:\/\/sion.beestk.com\/fr\/#organization\"\n\t                    },\n\t                    \"sameAs\": [\n\t                        \"https:\/\/www.linkedin.com\/in\/ya%C3%ABl-sion-0a18091b3\/\"\n\t                    ]\n\t                }\n\t            ],\n\t            \"foundingDate\": \"2015\"\n\t        },\n\t        {\n\t            \"@type\": \"Person\",\n\t            \"@id\": \"https:\/\/sion.beestk.com\/fr\/#\/schema\/person\/af6781cee515c982ec0cc7165afd0ec1\",\n\t            \"name\": \"Ya\u00ebl Sion\",\n\t            \"image\": {\n\t                \"@type\": \"ImageObject\",\n\t                \"inLanguage\": \"fr-FR\",\n\t                \"@id\": \"https:\/\/sion.beestk.com\/fr\/#\/schema\/person\/image\/\",\n\t                \"url\": \"https:\/\/secure.gravatar.com\/avatar\/a802dd23cdae5671bd494df17fbc5c2a8d88ff0d303671cee42d52f554533583?s=96&d=mm&r=g\",\n\t                \"contentUrl\": \"https:\/\/secure.gravatar.com\/avatar\/a802dd23cdae5671bd494df17fbc5c2a8d88ff0d303671cee42d52f554533583?s=96&d=mm&r=g\",\n\t                \"caption\": \"Ya\u00ebl Sion\"\n\t            }\n\t        }\n\t    ]\n\t}<\/script>\n<!-- \/ Yoast SEO plugin. -->","yoast_head_json":{"title":"Qu'est-ce que la fiscalit\u00e9 \u00e9nerg\u00e9tique en entreprise ?","description":"Vous vous demandez en quoi consiste la fiscalit\u00e9 \u00e9nerg\u00e9tique en entreprise ? Le Cabinet Sion Avocat vous l\u2019explique en clarifiant notamment les diff\u00e9rentes taxes\u2026","robots":{"index":"noindex","follow":"follow","max-snippet":"max-snippet:-1","max-image-preview":"max-image-preview:large","max-video-preview":"max-video-preview:-1"},"og_locale":"fr_FR","og_type":"article","og_title":"Qu'est-ce que la fiscalit\u00e9 \u00e9nerg\u00e9tique en entreprise ?","og_description":"Vous vous demandez en quoi consiste la fiscalit\u00e9 \u00e9nerg\u00e9tique en entreprise ? Le Cabinet Sion Avocat vous l\u2019explique en clarifiant notamment les diff\u00e9rentes taxes\u2026","og_url":"https:\/\/sion.beestk.com\/fr\/qu-est-ce-que-fiscalite-energetique-entreprise\/","og_site_name":"Sion Avocat","article_publisher":"https:\/\/maps.app.goo.gl\/wgFyjZZdY3JC98nZA","article_published_time":"2023-01-03T17:39:00+00:00","article_modified_time":"2026-02-05T11:48:58+00:00","og_image":[{"width":1200,"height":800,"url":"https:\/\/sion.beestk.com\/wp-content\/uploads\/2022\/04\/cover_fiscalite-energetique.jpg","type":"image\/jpeg"}],"author":"Ya\u00ebl Sion","twitter_card":"summary_large_image","twitter_misc":{"\u00c9crit par":"Ya\u00ebl Sion","Dur\u00e9e de lecture estim\u00e9e":"6 minutes"},"schema":{"@context":"https:\/\/schema.org","@graph":[{"@type":"Article","@id":"https:\/\/sion.beestk.com\/fr\/qu-est-ce-que-fiscalite-energetique-entreprise\/#article","isPartOf":{"@id":"https:\/\/sion.beestk.com\/fr\/qu-est-ce-que-fiscalite-energetique-entreprise\/"},"author":{"name":"Ya\u00ebl Sion","@id":"https:\/\/sion.beestk.com\/fr\/#\/schema\/person\/af6781cee515c982ec0cc7165afd0ec1"},"headline":"Qu&rsquo;est-ce que la fiscalit\u00e9 \u00e9nerg\u00e9tique en entreprise ?","datePublished":"2023-01-03T17:39:00+00:00","dateModified":"2026-02-05T11:48:58+00:00","mainEntityOfPage":{"@id":"https:\/\/sion.beestk.com\/fr\/qu-est-ce-que-fiscalite-energetique-entreprise\/"},"wordCount":1121,"commentCount":0,"publisher":{"@id":"https:\/\/sion.beestk.com\/fr\/#organization"},"image":{"@id":"https:\/\/sion.beestk.com\/fr\/qu-est-ce-que-fiscalite-energetique-entreprise\/#primaryimage"},"thumbnailUrl":"https:\/\/sion.beestk.com\/wp-content\/uploads\/2022\/04\/cover_fiscalite-energetique.jpg","articleSection":["Droit fiscal et douanier"],"inLanguage":"fr-FR","potentialAction":[{"@type":"CommentAction","name":"Comment","target":["https:\/\/sion.beestk.com\/fr\/qu-est-ce-que-fiscalite-energetique-entreprise\/#respond"]}]},{"@type":"WebPage","@id":"https:\/\/sion.beestk.com\/fr\/qu-est-ce-que-fiscalite-energetique-entreprise\/","url":"https:\/\/sion.beestk.com\/fr\/qu-est-ce-que-fiscalite-energetique-entreprise\/","name":"Qu'est-ce que la fiscalit\u00e9 \u00e9nerg\u00e9tique en entreprise ?","isPartOf":{"@id":"https:\/\/sion.beestk.com\/fr\/#website"},"primaryImageOfPage":{"@id":"https:\/\/sion.beestk.com\/fr\/qu-est-ce-que-fiscalite-energetique-entreprise\/#primaryimage"},"image":{"@id":"https:\/\/sion.beestk.com\/fr\/qu-est-ce-que-fiscalite-energetique-entreprise\/#primaryimage"},"thumbnailUrl":"https:\/\/sion.beestk.com\/wp-content\/uploads\/2022\/04\/cover_fiscalite-energetique.jpg","datePublished":"2023-01-03T17:39:00+00:00","dateModified":"2026-02-05T11:48:58+00:00","description":"Vous vous demandez en quoi consiste la fiscalit\u00e9 \u00e9nerg\u00e9tique en entreprise ? Le Cabinet Sion Avocat vous l\u2019explique en clarifiant notamment les diff\u00e9rentes taxes\u2026","breadcrumb":{"@id":"https:\/\/sion.beestk.com\/fr\/qu-est-ce-que-fiscalite-energetique-entreprise\/#breadcrumb"},"inLanguage":"fr-FR","potentialAction":[{"@type":"ReadAction","target":["https:\/\/sion.beestk.com\/fr\/qu-est-ce-que-fiscalite-energetique-entreprise\/"]}]},{"@type":"ImageObject","inLanguage":"fr-FR","@id":"https:\/\/sion.beestk.com\/fr\/qu-est-ce-que-fiscalite-energetique-entreprise\/#primaryimage","url":"https:\/\/sion.beestk.com\/wp-content\/uploads\/2022\/04\/cover_fiscalite-energetique.jpg","contentUrl":"https:\/\/sion.beestk.com\/wp-content\/uploads\/2022\/04\/cover_fiscalite-energetique.jpg","width":1200,"height":800},{"@type":"BreadcrumbList","@id":"https:\/\/sion.beestk.com\/fr\/qu-est-ce-que-fiscalite-energetique-entreprise\/#breadcrumb","itemListElement":[{"@type":"ListItem","position":1,"name":"Accueil","item":"https:\/\/sion.beestk.com\/fr\/"},{"@type":"ListItem","position":2,"name":"Ressources","item":"https:\/\/sion.beestk.com\/fr\/ressources\/"},{"@type":"ListItem","position":3,"name":"Actualit\u00e9s juridiques","item":"https:\/\/sion.beestk.com\/fr\/ressources\/actualites-juridiques\/"},{"@type":"ListItem","position":4,"name":"Droit fiscal et douanier","item":"https:\/\/sion.beestk.com\/fr\/ressources\/actualites-juridiques\/droit-fiscal-et-douanier\/"},{"@type":"ListItem","position":5,"name":"Qu&rsquo;est-ce que la fiscalit\u00e9 \u00e9nerg\u00e9tique en entreprise ?"}]},{"@type":"WebSite","@id":"https:\/\/sion.beestk.com\/fr\/#website","url":"https:\/\/sion.beestk.com\/fr\/","name":"Cabinet Ya\u00ebl Sion & ASSOCI\u00c9S","description":"","publisher":{"@id":"https:\/\/sion.beestk.com\/fr\/#organization"},"potentialAction":[{"@type":"SearchAction","target":{"@type":"EntryPoint","urlTemplate":"https:\/\/sion.beestk.com\/fr\/?s={search_term_string}"},"query-input":{"@type":"PropertyValueSpecification","valueRequired":true,"valueName":"search_term_string"}}],"inLanguage":"fr-FR"},{"@type":["Organization","LocalBusiness","LegalService"],"@id":"https:\/\/sion.beestk.com\/fr\/#organization","name":"Cabinet Ya\u00ebl Sion & ASSOCI\u00c9S","url":"https:\/\/sion.beestk.com\/fr\/","logo":{"@type":"ImageObject","inLanguage":"fr-FR","@id":"https:\/\/sion.beestk.com\/fr\/#\/schema\/logo\/image\/","url":"https:\/\/sion.beestk.com\/wp-content\/uploads\/2025\/12\/logo.png","contentUrl":"https:\/\/sion.beestk.com\/wp-content\/uploads\/2025\/12\/logo.png","width":150,"height":72,"caption":"Cabinet Ya\u00ebl Sion & ASSOCI\u00c9S"},"image":{"@id":"https:\/\/sion.beestk.com\/fr\/#\/schema\/logo\/image\/"},"sameAs":["https:\/\/maps.app.goo.gl\/wgFyjZZdY3JC98nZA","https:\/\/www.linkedin.com\/in\/ya%C3%ABl-sion-0a18091b3\/"],"telephone":"+33465848884","address":{"@type":"PostalAddress","addressCountry":"FR","addressLocality":"Marseille","postalCode":"13008","streetAddress":"565 avenue du Prado"},"openingHours":["Mo-Th 09:00-19:00","Fr 09:00-16:00"],"hasMap":"https:\/\/maps.app.goo.gl\/wgFyjZZdY3JC98nZA","founder":[{"@type":"Person","name":"Ya\u00ebl Sion","jobTitle":"Avocat","worksFor":{"@id":"https:\/\/sion.beestk.com\/fr\/#organization"},"sameAs":["https:\/\/www.linkedin.com\/in\/ya%C3%ABl-sion-0a18091b3\/"]}],"foundingDate":"2015"},{"@type":"Person","@id":"https:\/\/sion.beestk.com\/fr\/#\/schema\/person\/af6781cee515c982ec0cc7165afd0ec1","name":"Ya\u00ebl Sion","image":{"@type":"ImageObject","inLanguage":"fr-FR","@id":"https:\/\/sion.beestk.com\/fr\/#\/schema\/person\/image\/","url":"https:\/\/secure.gravatar.com\/avatar\/a802dd23cdae5671bd494df17fbc5c2a8d88ff0d303671cee42d52f554533583?s=96&d=mm&r=g","contentUrl":"https:\/\/secure.gravatar.com\/avatar\/a802dd23cdae5671bd494df17fbc5c2a8d88ff0d303671cee42d52f554533583?s=96&d=mm&r=g","caption":"Ya\u00ebl Sion"}}]}},"_links":{"self":[{"href":"https:\/\/sion.beestk.com\/fr\/wp-json\/wp\/v2\/posts\/37","targetHints":{"allow":["GET"]}}],"collection":[{"href":"https:\/\/sion.beestk.com\/fr\/wp-json\/wp\/v2\/posts"}],"about":[{"href":"https:\/\/sion.beestk.com\/fr\/wp-json\/wp\/v2\/types\/post"}],"author":[{"embeddable":true,"href":"https:\/\/sion.beestk.com\/fr\/wp-json\/wp\/v2\/users\/3"}],"replies":[{"embeddable":true,"href":"https:\/\/sion.beestk.com\/fr\/wp-json\/wp\/v2\/comments?post=37"}],"version-history":[{"count":1,"href":"https:\/\/sion.beestk.com\/fr\/wp-json\/wp\/v2\/posts\/37\/revisions"}],"predecessor-version":[{"id":3166,"href":"https:\/\/sion.beestk.com\/fr\/wp-json\/wp\/v2\/posts\/37\/revisions\/3166"}],"wp:featuredmedia":[{"embeddable":true,"href":"https:\/\/sion.beestk.com\/fr\/wp-json\/wp\/v2\/media\/113"}],"wp:attachment":[{"href":"https:\/\/sion.beestk.com\/fr\/wp-json\/wp\/v2\/media?parent=37"}],"wp:term":[{"taxonomy":"category","embeddable":true,"href":"https:\/\/sion.beestk.com\/fr\/wp-json\/wp\/v2\/categories?post=37"},{"taxonomy":"post_tag","embeddable":true,"href":"https:\/\/sion.beestk.com\/fr\/wp-json\/wp\/v2\/tags?post=37"}],"curies":[{"name":"wp","href":"https:\/\/api.w.org\/{rel}","templated":true}]}}