{"id":22,"date":"2022-05-10T18:11:00","date_gmt":"2022-05-10T16:11:00","guid":{"rendered":"https:\/\/sion.beestk.com\/?p=22"},"modified":"2026-02-05T12:48:58","modified_gmt":"2026-02-05T11:48:58","slug":"comment-gerer-une-entreprise-quand-elle-est-en-difficulte","status":"publish","type":"post","link":"https:\/\/sion.beestk.com\/fr\/comment-gerer-une-entreprise-quand-elle-est-en-difficulte\/","title":{"rendered":"Comment g\u00e9rer une entreprise en difficult\u00e9 ?"},"content":{"rendered":"\n<p><em>Votre soci\u00e9t\u00e9 est en difficult\u00e9s ? N\u2019attendez pas que la situation s\u2019aggrave et r\u00e9agissez, avec l\u2019aide du Cabinet Sion Avocat, pour \u00e9viter une faillite. Nous vous expliquons, dans l\u2019article ci-dessous, en quoi consistent les mesures pr\u00e9ventives \u00e0 prendre lorsque votre entreprise est en difficult\u00e9 et les \u00e9ventuelles proc\u00e9dures collectives pour prot\u00e9ger votre entreprise de vos cr\u00e9anciers (fournisseurs, pr\u00eats bancaires\u2026) qui peuvent \u00eatre mises en place.<\/em><\/p>\n\n\n\n<h2 class=\"wp-block-heading\">Qu\u2019est-ce qu\u2019une entreprise en difficult\u00e9 ?<\/h2>\n\n\n\n<p>Une entreprise en difficult\u00e9 est caract\u00e9ris\u00e9e par son \u00e9tat financier et comptable, proche de la cessation de paiements. \u00c0 ce stade, l\u2019actif disponible dans votre entreprise n\u2019est pas encore inf\u00e9rieur au passif exigible. Concr\u00e8tement, cela signifie que votre entreprise peut payer ses charges courantes (salaires, urssaf, imp\u00f4ts) mais a d\u00fb mal \u00e0 payer ses dettes ant\u00e9rieures, qu\u2019il s\u2019agisse d\u2019arri\u00e9r\u00e9s de loyers, de dettes fournisseurs etc.<\/p>\n\n\n\n<p>De nombreuses raisons expliquent cette situation. Une entreprise pourra \u00eatre reconnue comme en difficult\u00e9s suite \u00e0 des raisons externes comme une crise sanitaire, par exemple celle li\u00e9e au covid-19, ou m\u00eame suite \u00e0 une crise sociale, comme des gr\u00e8ves.<\/p>\n\n\n\n<p>Mais, le plus souvent, les difficult\u00e9s d\u2019une entreprise sont li\u00e9es \u00e0 de l\u2019interne et cela peut \u00eatre d\u00fb \u00e0 de mauvais choix strat\u00e9giques, \u00e0 une croissance mal ma\u00eetris\u00e9e, \u00e0 des co\u00fbts de d\u00e9veloppement trop importants ou encore \u00e0 une mauvaise gestion malgr\u00e9 tous vos efforts.<\/p>\n\n\n\n<p>Quel que soit votre cas, rassurez-vous, il existe de nombreuses solutions pour vous prot\u00e9ger et prot\u00e9ger votre soci\u00e9t\u00e9 et vos salari\u00e9s en faisant appel \u00e0 un <a href=\"https:\/\/sion.beestk.com\/fr\/nos-expertises\/droit-des-entreprises-en-difficulte\/\">avocat droit des entreprises en difficult\u00e9<\/a>.<\/p>\n\n\n\n<figure class=\"wp-block-image size-large\"><img fetchpriority=\"high\" decoding=\"async\" width=\"819\" height=\"1024\" src=\"https:\/\/sion.beestk.com\/wp-content\/uploads\/2025\/12\/comment-gerer-entreprise-en-difficulte-819x1024.jpg\" alt=\"\" class=\"wp-image-23\" srcset=\"https:\/\/sion.beestk.com\/wp-content\/uploads\/2025\/12\/comment-gerer-entreprise-en-difficulte-819x1024.jpg 819w, https:\/\/sion.beestk.com\/wp-content\/uploads\/2025\/12\/comment-gerer-entreprise-en-difficulte-240x300.jpg 240w, https:\/\/sion.beestk.com\/wp-content\/uploads\/2025\/12\/comment-gerer-entreprise-en-difficulte-768x960.jpg 768w, https:\/\/sion.beestk.com\/wp-content\/uploads\/2025\/12\/comment-gerer-entreprise-en-difficulte-1229x1536.jpg 1229w, https:\/\/sion.beestk.com\/wp-content\/uploads\/2025\/12\/comment-gerer-entreprise-en-difficulte-1638x2048.jpg 1638w, https:\/\/sion.beestk.com\/wp-content\/uploads\/2025\/12\/comment-gerer-entreprise-en-difficulte-scaled.jpg 2048w\" sizes=\"(max-width: 819px) 100vw, 819px\" \/><\/figure>\n\n\n\n<h2 class=\"wp-block-heading\">Les mesures pr\u00e9ventives totalement confidentielles<\/h2>\n\n\n\n<p>Lorsque les difficult\u00e9s de votre soci\u00e9t\u00e9 sont av\u00e9r\u00e9es, il ne faudra pas attendre pour r\u00e9agir en r\u00e9injectant des fonds propres, par exemple, et en tentant de laisser passer la temp\u00eate. Vous pouvez demander \u00e0 votre avocat de prendre, avec vous, des mesures pr\u00e9ventives afin d\u2019\u00e9viter que la situation ne s\u2019aggrave. On parle alors de <a href=\"https:\/\/sion.beestk.com\/fr\/nos-expertises\/droit-des-entreprises-en-difficulte\/mandat-ad-hoc-conciliation\/\">mandat ad hoc ou de conciliation<\/a>.<\/p>\n\n\n\n<p>Pour \u00eatre \u00e9ligible \u00e0 ces proc\u00e9dures, nous allons vous placer de mani\u00e8re totalement confidentielle sous la protection du tribunal de commerce ou des tribunaux judiciaires comp\u00e9tents, selon le type de soci\u00e9t\u00e9 que vous avez cr\u00e9\u00e9.<\/p>\n\n\n\n<p>Un mandateur, ou un conciliateur, selon le cas, sera alors d\u00e9sign\u00e9 et choisi au pr\u00e9alable ensemble puis valid\u00e9 le cas \u00e9ch\u00e9ant par le Pr\u00e9sident du tribunal comp\u00e9tent pour nous aider dans ces moments de votre soci\u00e9t\u00e9, qui est une v\u00e9ritable bulle d\u2019oxyg\u00e8ne permettant \u00e0 votre entreprise de reprendre son souffle mais aussi pour vous, en tant que chef d\u2019entreprise, et vos salari\u00e9s. Le mandataire ou le conciliateur sera d\u00e9sign\u00e9 pour une p\u00e9riode de 4 mois et sa mission peut \u00eatre renouvel\u00e9e, si nous le souhaitons, et si nous avons encore des n\u00e9gociations \u00e0 poursuivre notamment quant \u00e0 l\u2019\u00e9chelonnement de vos dettes, comme par exemple celles concernant les PGE (pr\u00eat garanti par l&rsquo;\u00e9tat) qui peuvent \u00eatre \u00e9tal\u00e9s sur 10 ans gr\u00e2ce \u00e0 votre avocat et au mandataire.<\/p>\n\n\n\n<p>Le conciliateur, dans la proc\u00e9dure de conciliation est, quant \u00e0 lui, d\u00e9sign\u00e9 pour une mission de 5 mois maximum, qui peut parfaitement faire suite \u00e0 une proc\u00e9dure de mandat ad hoc, les deux proc\u00e9dures pouvant s\u2019encha\u00eener l\u2019une apr\u00e8s l\u2019autre pour poursuivre notre mission de sauvegarde de votre entreprise en difficult\u00e9.<\/p>\n\n\n\n<p>Dans ces deux proc\u00e9dures que sont le mandat ad hoc ou la conciliation, il est tr\u00e8s important que vous sachiez, que, en tant que dirigeant, vous conservez totalement et de mani\u00e8re enti\u00e8rement confidentielle, le contr\u00f4le de votre soci\u00e9t\u00e9 puisque ce sont des proc\u00e9dures pr\u00e9ventives pour \u00e9viter que votre situation financi\u00e8re ne se complique et ne devienne plus grave. Lors de ces deux proc\u00e9dures amiables, si un accord sur l\u2019\u00e9talement de toutes vos dettes ant\u00e9rieures au d\u00e9but de la proc\u00e9dure est homologu\u00e9, nous mettrons fin avec la mandataire et le conciliateur \u00e0 la proc\u00e9dure. Vous pouvez donc encore, \u00e0 ce moment-l\u00e0, redresser votre entreprise en difficult\u00e9 financi\u00e8re.<\/p>\n\n\n\n<h2 class=\"wp-block-heading\">Les proc\u00e9dures collectives : le redressement et la liquidation\/ ou le rachat de votre soci\u00e9t\u00e9<\/h2>\n\n\n\n<p>Lorsque votre entreprise est d\u00e9j\u00e0 au stade de la cessation de paiements, c\u2019est-\u00e0-dire que votre tr\u00e9sorerie ne vous permet pas de faire face \u00e0 vos charges quotidiennes (dettes sociales, salariales et fiscales notamment ainsi que vos \u00e9ch\u00e9ances de pr\u00eat) il vous est recommand\u00e9 par le Cabinet Sion Avocat, cabinet d&rsquo;<a href=\"https:\/\/sion.beestk.com\/fr\/qu-est-ce-qu-un-avocat-fiscaliste\/\">avocat fiscaliste<\/a>, sp\u00e9cialis\u00e9 en droit des entreprises en difficult\u00e9, d\u2019ouvrir une proc\u00e9dure collective, ensemble, apr\u00e8s vous avoir expliqu\u00e9 toutes les \u00e9tapes et les avantages de ces proc\u00e9dures. Le principal avantage \u00e9tant ici, gr\u00e2ce \u00e0 la protection du tribunal comp\u00e9tent, de suspendre le r\u00e8glement des toutes les cr\u00e9ances ant\u00e9rieures au jour du jugement d\u2019ouverture de la proc\u00e9dure et de trouver des solutions pour redresser efficacement votre entreprise, et vous permettre de retrouver une tr\u00e9sorerie p\u00e9renne afin de faire face \u00e0 vos dettes quotidiennes. Une fois la soci\u00e9t\u00e9 redress\u00e9e, nous pourrons alos n\u00e9gocier les dettes ant\u00e9rieures que vous serez en mesure de r\u00e9gler gr\u00e2ce \u00e0 la mise en place du redressement.<\/p>\n\n\n\n<p>Plusieurs proc\u00e9dures collectives diff\u00e9rentes existent selon les situations :<\/p>\n\n\n\n<h3 class=\"wp-block-heading\">La proc\u00e9dure de sauvegarde<\/h3>\n\n\n\n<p>Cette proc\u00e9dure s\u2019envisage lorsque l\u2019\u00e9tat de cessation des paiements n\u2019est pas encore av\u00e9r\u00e9 et que la soci\u00e9t\u00e9 en difficult\u00e9 peut \u00eatre redress\u00e9e.<\/p>\n\n\n\n<p>L\u2019objectif est de pr\u00e9server et de r\u00e9organiser l&rsquo;entreprise en maintenant votre activit\u00e9, les emplois et, en parall\u00e8le, en remboursant les cr\u00e9ances ant\u00e9rieures selon un plan d\u2019\u00e9chelonnement issue de n\u00e9gociations dirig\u00e9es par le mandataire judiciaire ainsi que par nos soins.<\/p>\n\n\n\n<p>Le tribunal examinera le dossier et une p\u00e9riode d\u2019observation durera entre 6 et 18 mois et, pendant ce temps, les paiements des dettes sont gel\u00e9s. Suite \u00e0 la p\u00e9riode de sauvegarde, le juge va d\u00e9cider si votre entreprise peut \u00eatre sauvegard\u00e9e et si oui, un plan de sauvegarde sera \u00e9tabli et homologu\u00e9 en cons\u00e9quence.<\/p>\n\n\n\n<h3 class=\"wp-block-heading\">Le redressement judiciaire<\/h3>\n\n\n\n<p>La proc\u00e9dure de <a href=\"https:\/\/sion.beestk.com\/fr\/nos-expertises\/droit-des-entreprises-en-difficulte\/redressement-judiciaire\/\">redressement judiciaire<\/a> ne peut \u00eatre ouverte que si l\u2019entreprise est en \u00e9tat de cessation des paiements depuis moins de 45 jours. Une p\u00e9riode d\u2019observation d\u00e9bute la proc\u00e9dure et dure 6 mois, renouvelable 3 fois. Cela permettra de faire un audit de la soci\u00e9t\u00e9 gr\u00e2ce \u00e0 un administrateur judiciaire. Le but \u00e9tant, bien s\u00fbr, de pr\u00e9server l\u2019activit\u00e9 de la soci\u00e9t\u00e9 et de maintenir les emplois et de redresser votre entreprise et votre sant\u00e9 financi\u00e8re.<\/p>\n\n\n\n<p>Suite \u00e0 la p\u00e9riode d\u2019observation, plusieurs solutions peuvent \u00eatre envisag\u00e9es :<\/p>\n\n\n\n<ul class=\"wp-block-list\">\n<li>Un plan de redressement sera mis en \u0153uvre si le juge consid\u00e8re que l\u2019entreprise peut se sortir de la situation actuelle, et le Cabinet Sion Avocat vous accompagnera pour faire en sorte que cette solution aboutisse<\/li>\n\n\n\n<li>L\u2019activit\u00e9 de l\u2019entreprise pourra \u00eatre c\u00e9d\u00e9e en totalit\u00e9 ou en partie<\/li>\n\n\n\n<li>Le juge prononcera la liquidation judiciaire de l\u2019entreprise<\/li>\n<\/ul>\n\n\n\n<h3 class=\"wp-block-heading\">La liquidation judiciaire<\/h3>\n\n\n\n<p>Si le juge n\u2019a pas estim\u00e9 que l\u2019entreprise pouvait se redresser, la <a href=\"https:\/\/sion.beestk.com\/fr\/nos-expertises\/droit-des-entreprises-en-difficulte\/liquidation-judiciaire\/\">liquidation judiciaire<\/a> sera prononc\u00e9e.<\/p>\n\n\n\n<p>Cela a pour but de rembourser les cr\u00e9anciers et de mettre fin \u00e0 l\u2019activit\u00e9, avec l\u2019aide d\u2019un liquidateur judiciaire qui va prendre toutes les meilleures d\u00e9cisions relatives \u00e0 la soci\u00e9t\u00e9 et \u00e0 ses biens, vous en tant que chef d\u2019entreprise et vos salari\u00e9s.<\/p>\n\n\n\n<p>Mais qu\u2019en est-il des entrepreneurs individuels ?<\/p>\n\n\n\n<h3 class=\"wp-block-heading\">Le r\u00e9tablissement professionnel<\/h3>\n\n\n\n<p>Pour les entrepreneurs individuels, exer\u00e7ant donc leur activit\u00e9 en nom propre, poss\u00e9dant un actif de moins de 5.000 euros, et n\u2019ayant pas employ\u00e9 de salari\u00e9s depuis au moins 6 mois, une proc\u00e9dure existe en cas de cessation de paiements : le r\u00e9tablissement professionnel.<\/p>\n\n\n\n<p>Cela permettra \u00e0 l\u2019entrepreneur en difficult\u00e9 d\u2019\u00e9chapper \u00e0 la liquidation judiciaire en remboursant toutes ses cr\u00e9ances, qu\u2019elles soient personnelles et\/ou professionnelles.<\/p>\n\n\n\n<p>Certaines dettes ne pourront toutefois pas \u00eatre effac\u00e9es par cette proc\u00e9dure, comme les pensions alimentaires, dettes salariales, cautions\u2026<\/p>\n\n\n\n<p>L\u2019entrepreneur conserve la gestion de sa soci\u00e9t\u00e9 en difficult\u00e9 pendant toute la proc\u00e9dure mais, attention, s\u2019il est de mauvaise foi, la proc\u00e9dure de r\u00e9tablissement professionnel pourra se transformer en liquidation judiciaire.<\/p>\n\n\n\n<p><\/p>\n\n\n\n<p>Ainsi, vous l\u2019aurez compris, les proc\u00e9dures collectives peuvent s\u2019av\u00e9rer une v\u00e9ritable bouff\u00e9e d\u2019oxyg\u00e8ne pour votre entreprise et la sortir des difficult\u00e9s financi\u00e8res plus ou moins graves qu\u2019elle rencontre, et il existe de tr\u00e8s nombreuses solutions pour pr\u00e9server votre activit\u00e9 malgr\u00e9 les difficult\u00e9s financi\u00e8res rencontr\u00e9es. N&rsquo;h\u00e9sitez pas \u00e0 <a href=\"https:\/\/sion.beestk.com\/fr\/contact\/\">contacter le Cabinet Sion Avocat<\/a>, avocat fiscaliste \u00e0 Marseille sp\u00e9cialis\u00e9 dans les entreprises en difficult\u00e9s, pour tout renseignement compl\u00e9mentaire et pour vous accompagner, \u00e0 chaque \u00e9tape, en \u00e9tant \u00e0 votre \u00e9coute et en prot\u00e9geant vos int\u00e9r\u00eats !<\/p>\n\n\n\n<p><\/p>\n","protected":false},"excerpt":{"rendered":"<p>Votre soci\u00e9t\u00e9 est en difficult\u00e9s ? N\u2019attendez pas que la situation s\u2019aggrave et r\u00e9agissez, avec l\u2019aide du Cabinet Sion Avocat, pour \u00e9viter une faillite. Nous vous expliquons, dans l\u2019article ci-dessous, en quoi consistent les mesures pr\u00e9ventives \u00e0 prendre lorsque votre entreprise est en difficult\u00e9 et les \u00e9ventuelles proc\u00e9dures collectives pour prot\u00e9ger votre entreprise de vos [&hellip;]<\/p>\n","protected":false},"author":3,"featured_media":94,"comment_status":"open","ping_status":"open","sticky":false,"template":"","format":"standard","meta":{"_acf_changed":false,"footnotes":""},"categories":[7],"tags":[],"class_list":["post-22","post","type-post","status-publish","format-standard","has-post-thumbnail","hentry","category-droit-des-entreprises-en-difficulte"],"acf":[],"yoast_head":"<!-- This site is optimized with the Yoast SEO plugin v26.8 - https:\/\/yoast.com\/product\/yoast-seo-wordpress\/ -->\n<title>Comment g\u00e9rer une entreprise en difficult\u00e9 ? - Cabinet Sion Avocat<\/title>\n<meta name=\"description\" content=\"Le Cabinet Sion Avocat vous explique que faire quand une entreprise est en difficult\u00e9, avec des mesures pr\u00e9ventives et des proc\u00e9dures collectives....\" \/>\n<meta name=\"robots\" content=\"noindex, follow, max-snippet:-1, max-image-preview:large, max-video-preview:-1\" \/>\n<meta property=\"og:locale\" content=\"fr_FR\" \/>\n<meta property=\"og:type\" content=\"article\" \/>\n<meta property=\"og:title\" content=\"Comment g\u00e9rer une entreprise en difficult\u00e9 ? - Cabinet Sion Avocat\" \/>\n<meta property=\"og:description\" content=\"Le Cabinet Sion Avocat vous explique que faire quand une entreprise est en difficult\u00e9, avec des mesures pr\u00e9ventives et des proc\u00e9dures collectives....\" \/>\n<meta property=\"og:url\" content=\"https:\/\/sion.beestk.com\/fr\/comment-gerer-une-entreprise-quand-elle-est-en-difficulte\/\" \/>\n<meta property=\"og:site_name\" content=\"Sion Avocat\" \/>\n<meta property=\"article:publisher\" content=\"https:\/\/maps.app.goo.gl\/wgFyjZZdY3JC98nZA\" \/>\n<meta property=\"article:published_time\" content=\"2022-05-10T16:11:00+00:00\" \/>\n<meta property=\"article:modified_time\" content=\"2026-02-05T11:48:58+00:00\" \/>\n<meta property=\"og:image\" content=\"https:\/\/sion.beestk.com\/wp-content\/uploads\/2022\/04\/cover_comment-gerer-entreprise-en-difficulte.jpg\" \/>\n\t<meta property=\"og:image:width\" content=\"1200\" \/>\n\t<meta property=\"og:image:height\" content=\"800\" \/>\n\t<meta property=\"og:image:type\" content=\"image\/jpeg\" \/>\n<meta name=\"author\" content=\"Ya\u00ebl Sion\" \/>\n<meta name=\"twitter:card\" content=\"summary_large_image\" \/>\n<meta name=\"twitter:label1\" content=\"\u00c9crit par\" \/>\n\t<meta name=\"twitter:data1\" content=\"Ya\u00ebl Sion\" \/>\n\t<meta name=\"twitter:label2\" content=\"Dur\u00e9e de lecture estim\u00e9e\" \/>\n\t<meta name=\"twitter:data2\" content=\"8 minutes\" \/>\n<script type=\"application\/ld+json\" class=\"yoast-schema-graph\">{\n\t    \"@context\": \"https:\/\/schema.org\",\n\t    \"@graph\": [\n\t        {\n\t            \"@type\": \"Article\",\n\t            \"@id\": \"https:\/\/sion.beestk.com\/fr\/comment-gerer-une-entreprise-quand-elle-est-en-difficulte\/#article\",\n\t            \"isPartOf\": {\n\t                \"@id\": \"https:\/\/sion.beestk.com\/fr\/comment-gerer-une-entreprise-quand-elle-est-en-difficulte\/\"\n\t            },\n\t            \"author\": {\n\t                \"name\": \"Ya\u00ebl Sion\",\n\t                \"@id\": \"https:\/\/sion.beestk.com\/fr\/#\/schema\/person\/af6781cee515c982ec0cc7165afd0ec1\"\n\t            },\n\t            \"headline\": \"Comment g\u00e9rer une entreprise en difficult\u00e9 ?\",\n\t            \"datePublished\": \"2022-05-10T16:11:00+00:00\",\n\t            \"dateModified\": \"2026-02-05T11:48:58+00:00\",\n\t            \"mainEntityOfPage\": {\n\t                \"@id\": \"https:\/\/sion.beestk.com\/fr\/comment-gerer-une-entreprise-quand-elle-est-en-difficulte\/\"\n\t            },\n\t            \"wordCount\": 1540,\n\t            \"commentCount\": 0,\n\t            \"publisher\": {\n\t                \"@id\": \"https:\/\/sion.beestk.com\/fr\/#organization\"\n\t            },\n\t            \"image\": {\n\t                \"@id\": \"https:\/\/sion.beestk.com\/fr\/comment-gerer-une-entreprise-quand-elle-est-en-difficulte\/#primaryimage\"\n\t            },\n\t            \"thumbnailUrl\": \"https:\/\/sion.beestk.com\/wp-content\/uploads\/2022\/04\/cover_comment-gerer-entreprise-en-difficulte.jpg\",\n\t            \"articleSection\": [\n\t                \"Droit des entreprises en difficult\u00e9\"\n\t            ],\n\t            \"inLanguage\": \"fr-FR\",\n\t            \"potentialAction\": [\n\t                {\n\t                    \"@type\": \"CommentAction\",\n\t                    \"name\": \"Comment\",\n\t                    \"target\": [\n\t                        \"https:\/\/sion.beestk.com\/fr\/comment-gerer-une-entreprise-quand-elle-est-en-difficulte\/#respond\"\n\t                    ]\n\t                }\n\t            ]\n\t        },\n\t        {\n\t            \"@type\": \"WebPage\",\n\t            \"@id\": \"https:\/\/sion.beestk.com\/fr\/comment-gerer-une-entreprise-quand-elle-est-en-difficulte\/\",\n\t            \"url\": \"https:\/\/sion.beestk.com\/fr\/comment-gerer-une-entreprise-quand-elle-est-en-difficulte\/\",\n\t            \"name\": \"Comment g\u00e9rer une entreprise en difficult\u00e9 ? - Cabinet Sion Avocat\",\n\t            \"isPartOf\": {\n\t                \"@id\": \"https:\/\/sion.beestk.com\/fr\/#website\"\n\t            },\n\t            \"primaryImageOfPage\": {\n\t                \"@id\": \"https:\/\/sion.beestk.com\/fr\/comment-gerer-une-entreprise-quand-elle-est-en-difficulte\/#primaryimage\"\n\t            },\n\t            \"image\": {\n\t                \"@id\": \"https:\/\/sion.beestk.com\/fr\/comment-gerer-une-entreprise-quand-elle-est-en-difficulte\/#primaryimage\"\n\t            },\n\t            \"thumbnailUrl\": \"https:\/\/sion.beestk.com\/wp-content\/uploads\/2022\/04\/cover_comment-gerer-entreprise-en-difficulte.jpg\",\n\t            \"datePublished\": \"2022-05-10T16:11:00+00:00\",\n\t            \"dateModified\": \"2026-02-05T11:48:58+00:00\",\n\t            \"description\": \"Le Cabinet Sion Avocat vous explique que faire quand une entreprise est en difficult\u00e9, avec des mesures pr\u00e9ventives et des proc\u00e9dures collectives....\",\n\t            \"breadcrumb\": {\n\t                \"@id\": \"https:\/\/sion.beestk.com\/fr\/comment-gerer-une-entreprise-quand-elle-est-en-difficulte\/#breadcrumb\"\n\t            },\n\t            \"inLanguage\": \"fr-FR\",\n\t            \"potentialAction\": [\n\t                {\n\t                    \"@type\": \"ReadAction\",\n\t                    \"target\": [\n\t                        \"https:\/\/sion.beestk.com\/fr\/comment-gerer-une-entreprise-quand-elle-est-en-difficulte\/\"\n\t                    ]\n\t                }\n\t            ]\n\t        },\n\t        {\n\t            \"@type\": \"ImageObject\",\n\t            \"inLanguage\": \"fr-FR\",\n\t            \"@id\": \"https:\/\/sion.beestk.com\/fr\/comment-gerer-une-entreprise-quand-elle-est-en-difficulte\/#primaryimage\",\n\t            \"url\": \"https:\/\/sion.beestk.com\/wp-content\/uploads\/2022\/04\/cover_comment-gerer-entreprise-en-difficulte.jpg\",\n\t            \"contentUrl\": \"https:\/\/sion.beestk.com\/wp-content\/uploads\/2022\/04\/cover_comment-gerer-entreprise-en-difficulte.jpg\",\n\t            \"width\": 1200,\n\t            \"height\": 800\n\t        },\n\t        {\n\t            \"@type\": \"BreadcrumbList\",\n\t            \"@id\": \"https:\/\/sion.beestk.com\/fr\/comment-gerer-une-entreprise-quand-elle-est-en-difficulte\/#breadcrumb\",\n\t            \"itemListElement\": [\n\t                {\n\t                    \"@type\": \"ListItem\",\n\t                    \"position\": 1,\n\t                    \"name\": \"Accueil\",\n\t                    \"item\": \"https:\/\/sion.beestk.com\/fr\/\"\n\t                },\n\t                {\n\t                    \"@type\": \"ListItem\",\n\t                    \"position\": 2,\n\t                    \"name\": \"Ressources\",\n\t                    \"item\": \"https:\/\/sion.beestk.com\/fr\/ressources\/\"\n\t                },\n\t                {\n\t                    \"@type\": \"ListItem\",\n\t                    \"position\": 3,\n\t                    \"name\": \"Actualit\u00e9s juridiques\",\n\t                    \"item\": \"https:\/\/sion.beestk.com\/fr\/ressources\/actualites-juridiques\/\"\n\t                },\n\t                {\n\t                    \"@type\": \"ListItem\",\n\t                    \"position\": 4,\n\t                    \"name\": \"Droit des entreprises en difficult\u00e9\",\n\t                    \"item\": \"https:\/\/sion.beestk.com\/fr\/ressources\/actualites-juridiques\/droit-des-entreprises-en-difficulte\/\"\n\t                },\n\t                {\n\t                    \"@type\": \"ListItem\",\n\t                    \"position\": 5,\n\t                    \"name\": \"Comment g\u00e9rer une entreprise en difficult\u00e9 ?\"\n\t                }\n\t            ]\n\t        },\n\t        {\n\t            \"@type\": \"WebSite\",\n\t            \"@id\": \"https:\/\/sion.beestk.com\/fr\/#website\",\n\t            \"url\": \"https:\/\/sion.beestk.com\/fr\/\",\n\t            \"name\": \"Cabinet Ya\u00ebl Sion & ASSOCI\u00c9S\",\n\t            \"description\": \"\",\n\t            \"publisher\": {\n\t                \"@id\": \"https:\/\/sion.beestk.com\/fr\/#organization\"\n\t            },\n\t            \"potentialAction\": [\n\t                {\n\t                    \"@type\": \"SearchAction\",\n\t                    \"target\": {\n\t                        \"@type\": \"EntryPoint\",\n\t                        \"urlTemplate\": \"https:\/\/sion.beestk.com\/fr\/?s={search_term_string}\"\n\t                    },\n\t                    \"query-input\": {\n\t                        \"@type\": \"PropertyValueSpecification\",\n\t                        \"valueRequired\": true,\n\t                        \"valueName\": \"search_term_string\"\n\t                    }\n\t                }\n\t            ],\n\t            \"inLanguage\": \"fr-FR\"\n\t        },\n\t        {\n\t            \"@type\": [\n\t                \"Organization\",\n\t                \"LocalBusiness\",\n\t                \"LegalService\"\n\t            ],\n\t            \"@id\": \"https:\/\/sion.beestk.com\/fr\/#organization\",\n\t            \"name\": \"Cabinet Ya\u00ebl Sion & ASSOCI\u00c9S\",\n\t            \"url\": \"https:\/\/sion.beestk.com\/fr\/\",\n\t            \"logo\": {\n\t                \"@type\": \"ImageObject\",\n\t                \"inLanguage\": \"fr-FR\",\n\t                \"@id\": \"https:\/\/sion.beestk.com\/fr\/#\/schema\/logo\/image\/\",\n\t                \"url\": \"https:\/\/sion.beestk.com\/wp-content\/uploads\/2025\/12\/logo.png\",\n\t                \"contentUrl\": \"https:\/\/sion.beestk.com\/wp-content\/uploads\/2025\/12\/logo.png\",\n\t                \"width\": 150,\n\t                \"height\": 72,\n\t                \"caption\": \"Cabinet Ya\u00ebl Sion & ASSOCI\u00c9S\"\n\t            },\n\t            \"image\": {\n\t                \"@id\": \"https:\/\/sion.beestk.com\/fr\/#\/schema\/logo\/image\/\"\n\t            },\n\t            \"sameAs\": [\n\t                \"https:\/\/maps.app.goo.gl\/wgFyjZZdY3JC98nZA\",\n\t                \"https:\/\/www.linkedin.com\/in\/ya%C3%ABl-sion-0a18091b3\/\"\n\t            ],\n\t            \"telephone\": \"+33465848884\",\n\t            \"address\": {\n\t                \"@type\": \"PostalAddress\",\n\t                \"addressCountry\": \"FR\",\n\t                \"addressLocality\": \"Marseille\",\n\t                \"postalCode\": \"13008\",\n\t                \"streetAddress\": \"565 avenue du Prado\"\n\t            },\n\t            \"openingHours\": [\n\t                \"Mo-Th 09:00-19:00\",\n\t                \"Fr 09:00-16:00\"\n\t            ],\n\t            \"hasMap\": \"https:\/\/maps.app.goo.gl\/wgFyjZZdY3JC98nZA\",\n\t            \"founder\": [\n\t                {\n\t                    \"@type\": \"Person\",\n\t                    \"name\": \"Ya\u00ebl Sion\",\n\t                    \"jobTitle\": \"Avocat\",\n\t                    \"worksFor\": {\n\t                        \"@id\": \"https:\/\/sion.beestk.com\/fr\/#organization\"\n\t                    },\n\t                    \"sameAs\": [\n\t                        \"https:\/\/www.linkedin.com\/in\/ya%C3%ABl-sion-0a18091b3\/\"\n\t                    ]\n\t                }\n\t            ],\n\t            \"foundingDate\": \"2015\"\n\t        },\n\t        {\n\t            \"@type\": \"Person\",\n\t            \"@id\": \"https:\/\/sion.beestk.com\/fr\/#\/schema\/person\/af6781cee515c982ec0cc7165afd0ec1\",\n\t            \"name\": \"Ya\u00ebl Sion\",\n\t            \"image\": {\n\t                \"@type\": \"ImageObject\",\n\t                \"inLanguage\": \"fr-FR\",\n\t                \"@id\": \"https:\/\/sion.beestk.com\/fr\/#\/schema\/person\/image\/\",\n\t                \"url\": \"https:\/\/secure.gravatar.com\/avatar\/a802dd23cdae5671bd494df17fbc5c2a8d88ff0d303671cee42d52f554533583?s=96&d=mm&r=g\",\n\t                \"contentUrl\": \"https:\/\/secure.gravatar.com\/avatar\/a802dd23cdae5671bd494df17fbc5c2a8d88ff0d303671cee42d52f554533583?s=96&d=mm&r=g\",\n\t                \"caption\": \"Ya\u00ebl Sion\"\n\t            }\n\t        }\n\t    ]\n\t}<\/script>\n<!-- \/ Yoast SEO plugin. -->","yoast_head_json":{"title":"Comment g\u00e9rer une entreprise en difficult\u00e9 ? - Cabinet Sion Avocat","description":"Le Cabinet Sion Avocat vous explique que faire quand une entreprise est en difficult\u00e9, avec des mesures pr\u00e9ventives et des proc\u00e9dures collectives....","robots":{"index":"noindex","follow":"follow","max-snippet":"max-snippet:-1","max-image-preview":"max-image-preview:large","max-video-preview":"max-video-preview:-1"},"og_locale":"fr_FR","og_type":"article","og_title":"Comment g\u00e9rer une entreprise en difficult\u00e9 ? - Cabinet Sion Avocat","og_description":"Le Cabinet Sion Avocat vous explique que faire quand une entreprise est en difficult\u00e9, avec des mesures pr\u00e9ventives et des proc\u00e9dures collectives....","og_url":"https:\/\/sion.beestk.com\/fr\/comment-gerer-une-entreprise-quand-elle-est-en-difficulte\/","og_site_name":"Sion Avocat","article_publisher":"https:\/\/maps.app.goo.gl\/wgFyjZZdY3JC98nZA","article_published_time":"2022-05-10T16:11:00+00:00","article_modified_time":"2026-02-05T11:48:58+00:00","og_image":[{"width":1200,"height":800,"url":"https:\/\/sion.beestk.com\/wp-content\/uploads\/2022\/04\/cover_comment-gerer-entreprise-en-difficulte.jpg","type":"image\/jpeg"}],"author":"Ya\u00ebl Sion","twitter_card":"summary_large_image","twitter_misc":{"\u00c9crit par":"Ya\u00ebl Sion","Dur\u00e9e de lecture estim\u00e9e":"8 minutes"},"schema":{"@context":"https:\/\/schema.org","@graph":[{"@type":"Article","@id":"https:\/\/sion.beestk.com\/fr\/comment-gerer-une-entreprise-quand-elle-est-en-difficulte\/#article","isPartOf":{"@id":"https:\/\/sion.beestk.com\/fr\/comment-gerer-une-entreprise-quand-elle-est-en-difficulte\/"},"author":{"name":"Ya\u00ebl Sion","@id":"https:\/\/sion.beestk.com\/fr\/#\/schema\/person\/af6781cee515c982ec0cc7165afd0ec1"},"headline":"Comment g\u00e9rer une entreprise en difficult\u00e9 ?","datePublished":"2022-05-10T16:11:00+00:00","dateModified":"2026-02-05T11:48:58+00:00","mainEntityOfPage":{"@id":"https:\/\/sion.beestk.com\/fr\/comment-gerer-une-entreprise-quand-elle-est-en-difficulte\/"},"wordCount":1540,"commentCount":0,"publisher":{"@id":"https:\/\/sion.beestk.com\/fr\/#organization"},"image":{"@id":"https:\/\/sion.beestk.com\/fr\/comment-gerer-une-entreprise-quand-elle-est-en-difficulte\/#primaryimage"},"thumbnailUrl":"https:\/\/sion.beestk.com\/wp-content\/uploads\/2022\/04\/cover_comment-gerer-entreprise-en-difficulte.jpg","articleSection":["Droit des entreprises en difficult\u00e9"],"inLanguage":"fr-FR","potentialAction":[{"@type":"CommentAction","name":"Comment","target":["https:\/\/sion.beestk.com\/fr\/comment-gerer-une-entreprise-quand-elle-est-en-difficulte\/#respond"]}]},{"@type":"WebPage","@id":"https:\/\/sion.beestk.com\/fr\/comment-gerer-une-entreprise-quand-elle-est-en-difficulte\/","url":"https:\/\/sion.beestk.com\/fr\/comment-gerer-une-entreprise-quand-elle-est-en-difficulte\/","name":"Comment g\u00e9rer une entreprise en difficult\u00e9 ? - Cabinet Sion Avocat","isPartOf":{"@id":"https:\/\/sion.beestk.com\/fr\/#website"},"primaryImageOfPage":{"@id":"https:\/\/sion.beestk.com\/fr\/comment-gerer-une-entreprise-quand-elle-est-en-difficulte\/#primaryimage"},"image":{"@id":"https:\/\/sion.beestk.com\/fr\/comment-gerer-une-entreprise-quand-elle-est-en-difficulte\/#primaryimage"},"thumbnailUrl":"https:\/\/sion.beestk.com\/wp-content\/uploads\/2022\/04\/cover_comment-gerer-entreprise-en-difficulte.jpg","datePublished":"2022-05-10T16:11:00+00:00","dateModified":"2026-02-05T11:48:58+00:00","description":"Le Cabinet Sion Avocat vous explique que faire quand une entreprise est en difficult\u00e9, avec des mesures pr\u00e9ventives et des proc\u00e9dures collectives....","breadcrumb":{"@id":"https:\/\/sion.beestk.com\/fr\/comment-gerer-une-entreprise-quand-elle-est-en-difficulte\/#breadcrumb"},"inLanguage":"fr-FR","potentialAction":[{"@type":"ReadAction","target":["https:\/\/sion.beestk.com\/fr\/comment-gerer-une-entreprise-quand-elle-est-en-difficulte\/"]}]},{"@type":"ImageObject","inLanguage":"fr-FR","@id":"https:\/\/sion.beestk.com\/fr\/comment-gerer-une-entreprise-quand-elle-est-en-difficulte\/#primaryimage","url":"https:\/\/sion.beestk.com\/wp-content\/uploads\/2022\/04\/cover_comment-gerer-entreprise-en-difficulte.jpg","contentUrl":"https:\/\/sion.beestk.com\/wp-content\/uploads\/2022\/04\/cover_comment-gerer-entreprise-en-difficulte.jpg","width":1200,"height":800},{"@type":"BreadcrumbList","@id":"https:\/\/sion.beestk.com\/fr\/comment-gerer-une-entreprise-quand-elle-est-en-difficulte\/#breadcrumb","itemListElement":[{"@type":"ListItem","position":1,"name":"Accueil","item":"https:\/\/sion.beestk.com\/fr\/"},{"@type":"ListItem","position":2,"name":"Ressources","item":"https:\/\/sion.beestk.com\/fr\/ressources\/"},{"@type":"ListItem","position":3,"name":"Actualit\u00e9s juridiques","item":"https:\/\/sion.beestk.com\/fr\/ressources\/actualites-juridiques\/"},{"@type":"ListItem","position":4,"name":"Droit des entreprises en difficult\u00e9","item":"https:\/\/sion.beestk.com\/fr\/ressources\/actualites-juridiques\/droit-des-entreprises-en-difficulte\/"},{"@type":"ListItem","position":5,"name":"Comment g\u00e9rer une entreprise en difficult\u00e9 ?"}]},{"@type":"WebSite","@id":"https:\/\/sion.beestk.com\/fr\/#website","url":"https:\/\/sion.beestk.com\/fr\/","name":"Cabinet Ya\u00ebl Sion & ASSOCI\u00c9S","description":"","publisher":{"@id":"https:\/\/sion.beestk.com\/fr\/#organization"},"potentialAction":[{"@type":"SearchAction","target":{"@type":"EntryPoint","urlTemplate":"https:\/\/sion.beestk.com\/fr\/?s={search_term_string}"},"query-input":{"@type":"PropertyValueSpecification","valueRequired":true,"valueName":"search_term_string"}}],"inLanguage":"fr-FR"},{"@type":["Organization","LocalBusiness","LegalService"],"@id":"https:\/\/sion.beestk.com\/fr\/#organization","name":"Cabinet Ya\u00ebl Sion & ASSOCI\u00c9S","url":"https:\/\/sion.beestk.com\/fr\/","logo":{"@type":"ImageObject","inLanguage":"fr-FR","@id":"https:\/\/sion.beestk.com\/fr\/#\/schema\/logo\/image\/","url":"https:\/\/sion.beestk.com\/wp-content\/uploads\/2025\/12\/logo.png","contentUrl":"https:\/\/sion.beestk.com\/wp-content\/uploads\/2025\/12\/logo.png","width":150,"height":72,"caption":"Cabinet Ya\u00ebl Sion & ASSOCI\u00c9S"},"image":{"@id":"https:\/\/sion.beestk.com\/fr\/#\/schema\/logo\/image\/"},"sameAs":["https:\/\/maps.app.goo.gl\/wgFyjZZdY3JC98nZA","https:\/\/www.linkedin.com\/in\/ya%C3%ABl-sion-0a18091b3\/"],"telephone":"+33465848884","address":{"@type":"PostalAddress","addressCountry":"FR","addressLocality":"Marseille","postalCode":"13008","streetAddress":"565 avenue du Prado"},"openingHours":["Mo-Th 09:00-19:00","Fr 09:00-16:00"],"hasMap":"https:\/\/maps.app.goo.gl\/wgFyjZZdY3JC98nZA","founder":[{"@type":"Person","name":"Ya\u00ebl Sion","jobTitle":"Avocat","worksFor":{"@id":"https:\/\/sion.beestk.com\/fr\/#organization"},"sameAs":["https:\/\/www.linkedin.com\/in\/ya%C3%ABl-sion-0a18091b3\/"]}],"foundingDate":"2015"},{"@type":"Person","@id":"https:\/\/sion.beestk.com\/fr\/#\/schema\/person\/af6781cee515c982ec0cc7165afd0ec1","name":"Ya\u00ebl Sion","image":{"@type":"ImageObject","inLanguage":"fr-FR","@id":"https:\/\/sion.beestk.com\/fr\/#\/schema\/person\/image\/","url":"https:\/\/secure.gravatar.com\/avatar\/a802dd23cdae5671bd494df17fbc5c2a8d88ff0d303671cee42d52f554533583?s=96&d=mm&r=g","contentUrl":"https:\/\/secure.gravatar.com\/avatar\/a802dd23cdae5671bd494df17fbc5c2a8d88ff0d303671cee42d52f554533583?s=96&d=mm&r=g","caption":"Ya\u00ebl Sion"}}]}},"_links":{"self":[{"href":"https:\/\/sion.beestk.com\/fr\/wp-json\/wp\/v2\/posts\/22","targetHints":{"allow":["GET"]}}],"collection":[{"href":"https:\/\/sion.beestk.com\/fr\/wp-json\/wp\/v2\/posts"}],"about":[{"href":"https:\/\/sion.beestk.com\/fr\/wp-json\/wp\/v2\/types\/post"}],"author":[{"embeddable":true,"href":"https:\/\/sion.beestk.com\/fr\/wp-json\/wp\/v2\/users\/3"}],"replies":[{"embeddable":true,"href":"https:\/\/sion.beestk.com\/fr\/wp-json\/wp\/v2\/comments?post=22"}],"version-history":[{"count":1,"href":"https:\/\/sion.beestk.com\/fr\/wp-json\/wp\/v2\/posts\/22\/revisions"}],"predecessor-version":[{"id":3149,"href":"https:\/\/sion.beestk.com\/fr\/wp-json\/wp\/v2\/posts\/22\/revisions\/3149"}],"wp:featuredmedia":[{"embeddable":true,"href":"https:\/\/sion.beestk.com\/fr\/wp-json\/wp\/v2\/media\/94"}],"wp:attachment":[{"href":"https:\/\/sion.beestk.com\/fr\/wp-json\/wp\/v2\/media?parent=22"}],"wp:term":[{"taxonomy":"category","embeddable":true,"href":"https:\/\/sion.beestk.com\/fr\/wp-json\/wp\/v2\/categories?post=22"},{"taxonomy":"post_tag","embeddable":true,"href":"https:\/\/sion.beestk.com\/fr\/wp-json\/wp\/v2\/tags?post=22"}],"curies":[{"name":"wp","href":"https:\/\/api.w.org\/{rel}","templated":true}]}}