{"id":11,"date":"2022-12-27T17:51:40","date_gmt":"2022-12-27T16:51:40","guid":{"rendered":"https:\/\/sion.beestk.com\/?p=11"},"modified":"2026-02-05T12:48:58","modified_gmt":"2026-02-05T11:48:58","slug":"conciliation-dans-les-interets-d-un-etablissement-de-restauration","status":"publish","type":"post","link":"https:\/\/sion.beestk.com\/fr\/conciliation-dans-les-interets-d-un-etablissement-de-restauration\/","title":{"rendered":"Business Case &#8211; Conciliation dans les int\u00e9r\u00eats d\u2019un \u00e9tablissement de restauration"},"content":{"rendered":"\n<p>Depuis pr\u00e8s d\u2019un an, notre cliente, une soci\u00e9t\u00e9 de restauration renomm\u00e9e \u00e0 Marseille, a subi des pertes de chiffre d\u2019affaires tr\u00e8s cons\u00e9quentes li\u00e9es au COVID-19 puis aux diff\u00e9rentes restrictions mises en place par le gouvernement (notamment le pass sanitaire).<\/p>\n\n\n\n<p>Pendant pr\u00e8s d\u2019un an, le restaurant a tent\u00e9 de n\u00e9gocier \u00e0 l\u2019amiable un arri\u00e9r\u00e9 de loyers de 60.000 euros avec son bailleur, qui demandait 25.000 euros en un paiement et le reste en \u00e9ch\u00e9ancier sur un an.<\/p>\n\n\n\n<p>Voyant que la situation ne pouvait se concr\u00e9tiser \u00e0 l\u2019amiable avec son bailleur, et l\u2019impact que cela pourrait avoir sur sa soci\u00e9t\u00e9 (<a href=\"https:\/\/sion.beestk.com\/fr\/nos-expertises\/droit-des-entreprises-en-difficulte\/redressement-judiciaire\/\">redressement judiciaire<\/a> voire liquidation), la direction a d\u00e9cid\u00e9 de mandater le Cabinet Sion Avocat. Apr\u00e8s entretien avec l\u2019expert-comptable de l\u2019entreprise, nous avons d\u00e9cid\u00e9 d\u2019opter pour la strat\u00e9gie de la conciliation.<\/p>\n\n\n\n<p>Vous vous demanderez s\u00fbrement pourquoi Ma\u00eetre Sion n\u2019a pas choisi la strat\u00e9gie de <a href=\"https:\/\/sion.beestk.com\/fr\/nos-expertises\/droit-des-entreprises-en-difficulte\/mandat-ad-hoc-conciliation\/\">mandat ad hoc<\/a>, plus \u00ab l\u00e9g\u00e8re \u00bb juridiquement ? Car notre volont\u00e9 \u00e9tait d\u2019assainir au mieux la situation financi\u00e8re de la soci\u00e9t\u00e9, ce qui passait par une ren\u00e9gociation du Pr\u00eat Garanti par l\u2019Etat (le PGE) en demandant \u00e0 la banque une suspension pendant deux ans suivi d\u2019un r\u00e9\u00e9chelonnement sur six ans. Le business plan fourni par le cabinet d\u2019expertise comptable a renforc\u00e9 cette vision d\u2019avenir pour la soci\u00e9t\u00e9.<\/p>\n\n\n\n<p>Au terme de cette conciliation, le Cabinet Sion Avocat a obtenu :<\/p>\n\n\n\n<ul class=\"wp-block-list\">\n<li>un \u00e9chelonnement de la dette au bailleur sur deux ans de 2.750 euros par mois, et non pas un remboursement de 25.000 euros en une traite, comme demand\u00e9 initialement par le bailleur. Ce qui permet au restaurant de pouvoir tenir dans la dur\u00e9e et de ne pas avoir \u00e0 licencier de personnel. Ainsi qu\u2019un abandon total de cr\u00e9ance de 11 000 euros sur les 60.000 \u20ac dus initialement !<\/li>\n\n\n\n<li>une suspension de deux ans du PGE, en plus de la premi\u00e8re ann\u00e9e de report du pr\u00eat d\u00e9j\u00e0 obtenue par le restaurant, ce qui permettra de ne commencer \u00e0 le rembourser qu\u2019une fois la dette due au bailleur d\u00e9j\u00e0 apur\u00e9e. Puis un remboursement du Pr\u00eat Garanti par l\u2019Etat sur 6 ans.<\/li>\n<\/ul>\n\n\n\n<p>C\u2019est ainsi que notre cabinet d\u2019<a href=\"https:\/\/sion.beestk.com\/fr\/comment-choisir-avocat-fiscaliste\/\">avocats fiscalistes<\/a> a permis de sauver une entreprise en difficult\u00e9, tout en pr\u00e9servant sa solidit\u00e9 financi\u00e8re. Et cela en parfaite confidentialit\u00e9 par rapport aux fournisseurs, \u00e0 la client\u00e8le et \u00e0 toute autre personne autres que celles impliqu\u00e9es dans la conciliation.<\/p>\n\n\n\n<p>Alors, si vous souhaitez plus de renseignements sur le cabinet Sion Avocat, ou sur notre savoir-faire en mati\u00e8re d\u2019entreprises en difficult\u00e9s, n\u2019h\u00e9sitez pas \u00e0 <a href=\"https:\/\/sion.beestk.com\/fr\/contact\/\">nous contacter<\/a> pour vous sortir d\u2019une situation compliqu\u00e9e.<\/p>\n","protected":false},"excerpt":{"rendered":"<p>Depuis pr\u00e8s d\u2019un an, notre cliente, une soci\u00e9t\u00e9 de restauration renomm\u00e9e \u00e0 Marseille, a subi des pertes de chiffre d\u2019affaires tr\u00e8s cons\u00e9quentes li\u00e9es au COVID-19 puis aux diff\u00e9rentes restrictions mises en place par le gouvernement (notamment le pass sanitaire). Pendant pr\u00e8s d\u2019un an, le restaurant a tent\u00e9 de n\u00e9gocier \u00e0 l\u2019amiable un arri\u00e9r\u00e9 de loyers [&hellip;]<\/p>\n","protected":false},"author":3,"featured_media":0,"comment_status":"open","ping_status":"open","sticky":false,"template":"","format":"standard","meta":{"_acf_changed":false,"footnotes":""},"categories":[3],"tags":[],"class_list":["post-11","post","type-post","status-publish","format-standard","hentry","category-business-cases"],"acf":[],"yoast_head":"<!-- This site is optimized with the Yoast SEO plugin v26.8 - https:\/\/yoast.com\/product\/yoast-seo-wordpress\/ -->\n<title>Conciliation dans les int\u00e9r\u00eats d\u2019un \u00e9tablissement de restauration<\/title>\n<meta name=\"description\" content=\"D\u00e9couvrez le business case du Cabinet Sion Avocat sur la pr\u00e9servation d&#039;un \u00e9tablissement de restauration, avec conciliation et ren\u00e9gociation de la dette.\" \/>\n<meta name=\"robots\" content=\"noindex, follow, max-snippet:-1, max-image-preview:large, max-video-preview:-1\" \/>\n<meta property=\"og:locale\" content=\"fr_FR\" \/>\n<meta property=\"og:type\" content=\"article\" \/>\n<meta property=\"og:title\" content=\"Conciliation dans les int\u00e9r\u00eats d\u2019un \u00e9tablissement de restauration\" \/>\n<meta property=\"og:description\" content=\"D\u00e9couvrez le business case du Cabinet Sion Avocat sur la pr\u00e9servation d&#039;un \u00e9tablissement de restauration, avec conciliation et ren\u00e9gociation de la dette.\" \/>\n<meta property=\"og:url\" content=\"https:\/\/sion.beestk.com\/fr\/conciliation-dans-les-interets-d-un-etablissement-de-restauration\/\" \/>\n<meta property=\"og:site_name\" content=\"Sion Avocat\" \/>\n<meta property=\"article:publisher\" content=\"https:\/\/maps.app.goo.gl\/wgFyjZZdY3JC98nZA\" \/>\n<meta property=\"article:published_time\" content=\"2022-12-27T16:51:40+00:00\" \/>\n<meta property=\"article:modified_time\" content=\"2026-02-05T11:48:58+00:00\" \/>\n<meta name=\"author\" content=\"Ya\u00ebl Sion\" \/>\n<meta name=\"twitter:card\" content=\"summary_large_image\" \/>\n<meta name=\"twitter:label1\" content=\"\u00c9crit par\" \/>\n\t<meta name=\"twitter:data1\" content=\"Ya\u00ebl Sion\" \/>\n\t<meta name=\"twitter:label2\" content=\"Dur\u00e9e de lecture estim\u00e9e\" \/>\n\t<meta name=\"twitter:data2\" content=\"3 minutes\" \/>\n<script type=\"application\/ld+json\" class=\"yoast-schema-graph\">{\n\t    \"@context\": \"https:\/\/schema.org\",\n\t    \"@graph\": [\n\t        {\n\t            \"@type\": \"Article\",\n\t            \"@id\": \"https:\/\/sion.beestk.com\/fr\/conciliation-dans-les-interets-d-un-etablissement-de-restauration\/#article\",\n\t            \"isPartOf\": {\n\t                \"@id\": \"https:\/\/sion.beestk.com\/fr\/conciliation-dans-les-interets-d-un-etablissement-de-restauration\/\"\n\t            },\n\t            \"author\": {\n\t                \"name\": \"Ya\u00ebl Sion\",\n\t                \"@id\": \"https:\/\/sion.beestk.com\/fr\/#\/schema\/person\/af6781cee515c982ec0cc7165afd0ec1\"\n\t            },\n\t            \"headline\": \"Business Case &#8211; Conciliation dans les int\u00e9r\u00eats d\u2019un \u00e9tablissement de restauration\",\n\t            \"datePublished\": \"2022-12-27T16:51:40+00:00\",\n\t            \"dateModified\": \"2026-02-05T11:48:58+00:00\",\n\t            \"mainEntityOfPage\": {\n\t                \"@id\": \"https:\/\/sion.beestk.com\/fr\/conciliation-dans-les-interets-d-un-etablissement-de-restauration\/\"\n\t            },\n\t            \"wordCount\": 477,\n\t            \"commentCount\": 0,\n\t            \"publisher\": {\n\t                \"@id\": \"https:\/\/sion.beestk.com\/fr\/#organization\"\n\t            },\n\t            \"articleSection\": [\n\t                \"Business Cases\"\n\t            ],\n\t            \"inLanguage\": \"fr-FR\",\n\t            \"potentialAction\": [\n\t                {\n\t                    \"@type\": \"CommentAction\",\n\t                    \"name\": \"Comment\",\n\t                    \"target\": [\n\t                        \"https:\/\/sion.beestk.com\/fr\/conciliation-dans-les-interets-d-un-etablissement-de-restauration\/#respond\"\n\t                    ]\n\t                }\n\t            ]\n\t        },\n\t        {\n\t            \"@type\": \"WebPage\",\n\t            \"@id\": \"https:\/\/sion.beestk.com\/fr\/conciliation-dans-les-interets-d-un-etablissement-de-restauration\/\",\n\t            \"url\": \"https:\/\/sion.beestk.com\/fr\/conciliation-dans-les-interets-d-un-etablissement-de-restauration\/\",\n\t            \"name\": \"Conciliation dans les int\u00e9r\u00eats d\u2019un \u00e9tablissement de restauration\",\n\t            \"isPartOf\": {\n\t                \"@id\": \"https:\/\/sion.beestk.com\/fr\/#website\"\n\t            },\n\t            \"datePublished\": \"2022-12-27T16:51:40+00:00\",\n\t            \"dateModified\": \"2026-02-05T11:48:58+00:00\",\n\t            \"description\": \"D\u00e9couvrez le business case du Cabinet Sion Avocat sur la pr\u00e9servation d'un \u00e9tablissement de restauration, avec conciliation et ren\u00e9gociation de la dette.\",\n\t            \"breadcrumb\": {\n\t                \"@id\": \"https:\/\/sion.beestk.com\/fr\/conciliation-dans-les-interets-d-un-etablissement-de-restauration\/#breadcrumb\"\n\t            },\n\t            \"inLanguage\": \"fr-FR\",\n\t            \"potentialAction\": [\n\t                {\n\t                    \"@type\": \"ReadAction\",\n\t                    \"target\": [\n\t                        \"https:\/\/sion.beestk.com\/fr\/conciliation-dans-les-interets-d-un-etablissement-de-restauration\/\"\n\t                    ]\n\t                }\n\t            ]\n\t        },\n\t        {\n\t            \"@type\": \"BreadcrumbList\",\n\t            \"@id\": \"https:\/\/sion.beestk.com\/fr\/conciliation-dans-les-interets-d-un-etablissement-de-restauration\/#breadcrumb\",\n\t            \"itemListElement\": [\n\t                {\n\t                    \"@type\": \"ListItem\",\n\t                    \"position\": 1,\n\t                    \"name\": \"Accueil\",\n\t                    \"item\": \"https:\/\/sion.beestk.com\/fr\/\"\n\t                },\n\t                {\n\t                    \"@type\": \"ListItem\",\n\t                    \"position\": 2,\n\t                    \"name\": \"Ressources\",\n\t                    \"item\": \"https:\/\/sion.beestk.com\/fr\/ressources\/\"\n\t                },\n\t                {\n\t                    \"@type\": \"ListItem\",\n\t                    \"position\": 3,\n\t                    \"name\": \"Business Cases\",\n\t                    \"item\": \"https:\/\/sion.beestk.com\/fr\/ressources\/business-cases\/\"\n\t                },\n\t                {\n\t                    \"@type\": \"ListItem\",\n\t                    \"position\": 4,\n\t                    \"name\": \"Business Case &#8211; Conciliation dans les int\u00e9r\u00eats d\u2019un \u00e9tablissement de restauration\"\n\t                }\n\t            ]\n\t        },\n\t        {\n\t            \"@type\": \"WebSite\",\n\t            \"@id\": \"https:\/\/sion.beestk.com\/fr\/#website\",\n\t            \"url\": \"https:\/\/sion.beestk.com\/fr\/\",\n\t            \"name\": \"Cabinet Ya\u00ebl Sion & ASSOCI\u00c9S\",\n\t            \"description\": \"\",\n\t            \"publisher\": {\n\t                \"@id\": \"https:\/\/sion.beestk.com\/fr\/#organization\"\n\t            },\n\t            \"potentialAction\": [\n\t                {\n\t                    \"@type\": \"SearchAction\",\n\t                    \"target\": {\n\t                        \"@type\": \"EntryPoint\",\n\t                        \"urlTemplate\": \"https:\/\/sion.beestk.com\/fr\/?s={search_term_string}\"\n\t                    },\n\t                    \"query-input\": {\n\t                        \"@type\": \"PropertyValueSpecification\",\n\t                        \"valueRequired\": true,\n\t                        \"valueName\": \"search_term_string\"\n\t                    }\n\t                }\n\t            ],\n\t            \"inLanguage\": \"fr-FR\"\n\t        },\n\t        {\n\t            \"@type\": [\n\t                \"Organization\",\n\t                \"LocalBusiness\",\n\t                \"LegalService\"\n\t            ],\n\t            \"@id\": \"https:\/\/sion.beestk.com\/fr\/#organization\",\n\t            \"name\": \"Cabinet Ya\u00ebl Sion & ASSOCI\u00c9S\",\n\t            \"url\": \"https:\/\/sion.beestk.com\/fr\/\",\n\t            \"logo\": {\n\t                \"@type\": \"ImageObject\",\n\t                \"inLanguage\": \"fr-FR\",\n\t                \"@id\": \"https:\/\/sion.beestk.com\/fr\/#\/schema\/logo\/image\/\",\n\t                \"url\": \"https:\/\/sion.beestk.com\/wp-content\/uploads\/2025\/12\/logo.png\",\n\t                \"contentUrl\": \"https:\/\/sion.beestk.com\/wp-content\/uploads\/2025\/12\/logo.png\",\n\t                \"width\": 150,\n\t                \"height\": 72,\n\t                \"caption\": \"Cabinet Ya\u00ebl Sion & ASSOCI\u00c9S\"\n\t            },\n\t            \"image\": {\n\t                \"@id\": \"https:\/\/sion.beestk.com\/fr\/#\/schema\/logo\/image\/\"\n\t            },\n\t            \"sameAs\": [\n\t                \"https:\/\/maps.app.goo.gl\/wgFyjZZdY3JC98nZA\",\n\t                \"https:\/\/www.linkedin.com\/in\/ya%C3%ABl-sion-0a18091b3\/\"\n\t            ],\n\t            \"telephone\": \"+33465848884\",\n\t            \"address\": {\n\t                \"@type\": \"PostalAddress\",\n\t                \"addressCountry\": \"FR\",\n\t                \"addressLocality\": \"Marseille\",\n\t                \"postalCode\": \"13008\",\n\t                \"streetAddress\": \"565 avenue du Prado\"\n\t            },\n\t            \"openingHours\": [\n\t                \"Mo-Th 09:00-19:00\",\n\t                \"Fr 09:00-16:00\"\n\t            ],\n\t            \"hasMap\": \"https:\/\/maps.app.goo.gl\/wgFyjZZdY3JC98nZA\",\n\t            \"founder\": [\n\t                {\n\t                    \"@type\": \"Person\",\n\t                    \"name\": \"Ya\u00ebl Sion\",\n\t                    \"jobTitle\": \"Avocat\",\n\t                    \"worksFor\": {\n\t                        \"@id\": \"https:\/\/sion.beestk.com\/fr\/#organization\"\n\t                    },\n\t                    \"sameAs\": [\n\t                        \"https:\/\/www.linkedin.com\/in\/ya%C3%ABl-sion-0a18091b3\/\"\n\t                    ]\n\t                }\n\t            ],\n\t            \"foundingDate\": \"2015\"\n\t        },\n\t        {\n\t            \"@type\": \"Person\",\n\t            \"@id\": \"https:\/\/sion.beestk.com\/fr\/#\/schema\/person\/af6781cee515c982ec0cc7165afd0ec1\",\n\t            \"name\": \"Ya\u00ebl Sion\",\n\t            \"image\": {\n\t                \"@type\": \"ImageObject\",\n\t                \"inLanguage\": \"fr-FR\",\n\t                \"@id\": \"https:\/\/sion.beestk.com\/fr\/#\/schema\/person\/image\/\",\n\t                \"url\": \"https:\/\/secure.gravatar.com\/avatar\/a802dd23cdae5671bd494df17fbc5c2a8d88ff0d303671cee42d52f554533583?s=96&d=mm&r=g\",\n\t                \"contentUrl\": \"https:\/\/secure.gravatar.com\/avatar\/a802dd23cdae5671bd494df17fbc5c2a8d88ff0d303671cee42d52f554533583?s=96&d=mm&r=g\",\n\t                \"caption\": \"Ya\u00ebl Sion\"\n\t            }\n\t        }\n\t    ]\n\t}<\/script>\n<!-- \/ Yoast SEO plugin. -->","yoast_head_json":{"title":"Conciliation dans les int\u00e9r\u00eats d\u2019un \u00e9tablissement de restauration","description":"D\u00e9couvrez le business case du Cabinet Sion Avocat sur la pr\u00e9servation d'un \u00e9tablissement de restauration, avec conciliation et ren\u00e9gociation de la dette.","robots":{"index":"noindex","follow":"follow","max-snippet":"max-snippet:-1","max-image-preview":"max-image-preview:large","max-video-preview":"max-video-preview:-1"},"og_locale":"fr_FR","og_type":"article","og_title":"Conciliation dans les int\u00e9r\u00eats d\u2019un \u00e9tablissement de restauration","og_description":"D\u00e9couvrez le business case du Cabinet Sion Avocat sur la pr\u00e9servation d'un \u00e9tablissement de restauration, avec conciliation et ren\u00e9gociation de la dette.","og_url":"https:\/\/sion.beestk.com\/fr\/conciliation-dans-les-interets-d-un-etablissement-de-restauration\/","og_site_name":"Sion Avocat","article_publisher":"https:\/\/maps.app.goo.gl\/wgFyjZZdY3JC98nZA","article_published_time":"2022-12-27T16:51:40+00:00","article_modified_time":"2026-02-05T11:48:58+00:00","author":"Ya\u00ebl Sion","twitter_card":"summary_large_image","twitter_misc":{"\u00c9crit par":"Ya\u00ebl Sion","Dur\u00e9e de lecture estim\u00e9e":"3 minutes"},"schema":{"@context":"https:\/\/schema.org","@graph":[{"@type":"Article","@id":"https:\/\/sion.beestk.com\/fr\/conciliation-dans-les-interets-d-un-etablissement-de-restauration\/#article","isPartOf":{"@id":"https:\/\/sion.beestk.com\/fr\/conciliation-dans-les-interets-d-un-etablissement-de-restauration\/"},"author":{"name":"Ya\u00ebl Sion","@id":"https:\/\/sion.beestk.com\/fr\/#\/schema\/person\/af6781cee515c982ec0cc7165afd0ec1"},"headline":"Business Case &#8211; Conciliation dans les int\u00e9r\u00eats d\u2019un \u00e9tablissement de restauration","datePublished":"2022-12-27T16:51:40+00:00","dateModified":"2026-02-05T11:48:58+00:00","mainEntityOfPage":{"@id":"https:\/\/sion.beestk.com\/fr\/conciliation-dans-les-interets-d-un-etablissement-de-restauration\/"},"wordCount":477,"commentCount":0,"publisher":{"@id":"https:\/\/sion.beestk.com\/fr\/#organization"},"articleSection":["Business Cases"],"inLanguage":"fr-FR","potentialAction":[{"@type":"CommentAction","name":"Comment","target":["https:\/\/sion.beestk.com\/fr\/conciliation-dans-les-interets-d-un-etablissement-de-restauration\/#respond"]}]},{"@type":"WebPage","@id":"https:\/\/sion.beestk.com\/fr\/conciliation-dans-les-interets-d-un-etablissement-de-restauration\/","url":"https:\/\/sion.beestk.com\/fr\/conciliation-dans-les-interets-d-un-etablissement-de-restauration\/","name":"Conciliation dans les int\u00e9r\u00eats d\u2019un \u00e9tablissement de restauration","isPartOf":{"@id":"https:\/\/sion.beestk.com\/fr\/#website"},"datePublished":"2022-12-27T16:51:40+00:00","dateModified":"2026-02-05T11:48:58+00:00","description":"D\u00e9couvrez le business case du Cabinet Sion Avocat sur la pr\u00e9servation d'un \u00e9tablissement de restauration, avec conciliation et ren\u00e9gociation de la dette.","breadcrumb":{"@id":"https:\/\/sion.beestk.com\/fr\/conciliation-dans-les-interets-d-un-etablissement-de-restauration\/#breadcrumb"},"inLanguage":"fr-FR","potentialAction":[{"@type":"ReadAction","target":["https:\/\/sion.beestk.com\/fr\/conciliation-dans-les-interets-d-un-etablissement-de-restauration\/"]}]},{"@type":"BreadcrumbList","@id":"https:\/\/sion.beestk.com\/fr\/conciliation-dans-les-interets-d-un-etablissement-de-restauration\/#breadcrumb","itemListElement":[{"@type":"ListItem","position":1,"name":"Accueil","item":"https:\/\/sion.beestk.com\/fr\/"},{"@type":"ListItem","position":2,"name":"Ressources","item":"https:\/\/sion.beestk.com\/fr\/ressources\/"},{"@type":"ListItem","position":3,"name":"Business Cases","item":"https:\/\/sion.beestk.com\/fr\/ressources\/business-cases\/"},{"@type":"ListItem","position":4,"name":"Business Case &#8211; Conciliation dans les int\u00e9r\u00eats d\u2019un \u00e9tablissement de restauration"}]},{"@type":"WebSite","@id":"https:\/\/sion.beestk.com\/fr\/#website","url":"https:\/\/sion.beestk.com\/fr\/","name":"Cabinet Ya\u00ebl Sion & ASSOCI\u00c9S","description":"","publisher":{"@id":"https:\/\/sion.beestk.com\/fr\/#organization"},"potentialAction":[{"@type":"SearchAction","target":{"@type":"EntryPoint","urlTemplate":"https:\/\/sion.beestk.com\/fr\/?s={search_term_string}"},"query-input":{"@type":"PropertyValueSpecification","valueRequired":true,"valueName":"search_term_string"}}],"inLanguage":"fr-FR"},{"@type":["Organization","LocalBusiness","LegalService"],"@id":"https:\/\/sion.beestk.com\/fr\/#organization","name":"Cabinet Ya\u00ebl Sion & ASSOCI\u00c9S","url":"https:\/\/sion.beestk.com\/fr\/","logo":{"@type":"ImageObject","inLanguage":"fr-FR","@id":"https:\/\/sion.beestk.com\/fr\/#\/schema\/logo\/image\/","url":"https:\/\/sion.beestk.com\/wp-content\/uploads\/2025\/12\/logo.png","contentUrl":"https:\/\/sion.beestk.com\/wp-content\/uploads\/2025\/12\/logo.png","width":150,"height":72,"caption":"Cabinet Ya\u00ebl Sion & ASSOCI\u00c9S"},"image":{"@id":"https:\/\/sion.beestk.com\/fr\/#\/schema\/logo\/image\/"},"sameAs":["https:\/\/maps.app.goo.gl\/wgFyjZZdY3JC98nZA","https:\/\/www.linkedin.com\/in\/ya%C3%ABl-sion-0a18091b3\/"],"telephone":"+33465848884","address":{"@type":"PostalAddress","addressCountry":"FR","addressLocality":"Marseille","postalCode":"13008","streetAddress":"565 avenue du Prado"},"openingHours":["Mo-Th 09:00-19:00","Fr 09:00-16:00"],"hasMap":"https:\/\/maps.app.goo.gl\/wgFyjZZdY3JC98nZA","founder":[{"@type":"Person","name":"Ya\u00ebl Sion","jobTitle":"Avocat","worksFor":{"@id":"https:\/\/sion.beestk.com\/fr\/#organization"},"sameAs":["https:\/\/www.linkedin.com\/in\/ya%C3%ABl-sion-0a18091b3\/"]}],"foundingDate":"2015"},{"@type":"Person","@id":"https:\/\/sion.beestk.com\/fr\/#\/schema\/person\/af6781cee515c982ec0cc7165afd0ec1","name":"Ya\u00ebl Sion","image":{"@type":"ImageObject","inLanguage":"fr-FR","@id":"https:\/\/sion.beestk.com\/fr\/#\/schema\/person\/image\/","url":"https:\/\/secure.gravatar.com\/avatar\/a802dd23cdae5671bd494df17fbc5c2a8d88ff0d303671cee42d52f554533583?s=96&d=mm&r=g","contentUrl":"https:\/\/secure.gravatar.com\/avatar\/a802dd23cdae5671bd494df17fbc5c2a8d88ff0d303671cee42d52f554533583?s=96&d=mm&r=g","caption":"Ya\u00ebl Sion"}}]}},"_links":{"self":[{"href":"https:\/\/sion.beestk.com\/fr\/wp-json\/wp\/v2\/posts\/11","targetHints":{"allow":["GET"]}}],"collection":[{"href":"https:\/\/sion.beestk.com\/fr\/wp-json\/wp\/v2\/posts"}],"about":[{"href":"https:\/\/sion.beestk.com\/fr\/wp-json\/wp\/v2\/types\/post"}],"author":[{"embeddable":true,"href":"https:\/\/sion.beestk.com\/fr\/wp-json\/wp\/v2\/users\/3"}],"replies":[{"embeddable":true,"href":"https:\/\/sion.beestk.com\/fr\/wp-json\/wp\/v2\/comments?post=11"}],"version-history":[{"count":1,"href":"https:\/\/sion.beestk.com\/fr\/wp-json\/wp\/v2\/posts\/11\/revisions"}],"predecessor-version":[{"id":3150,"href":"https:\/\/sion.beestk.com\/fr\/wp-json\/wp\/v2\/posts\/11\/revisions\/3150"}],"wp:attachment":[{"href":"https:\/\/sion.beestk.com\/fr\/wp-json\/wp\/v2\/media?parent=11"}],"wp:term":[{"taxonomy":"category","embeddable":true,"href":"https:\/\/sion.beestk.com\/fr\/wp-json\/wp\/v2\/categories?post=11"},{"taxonomy":"post_tag","embeddable":true,"href":"https:\/\/sion.beestk.com\/fr\/wp-json\/wp\/v2\/tags?post=11"}],"curies":[{"name":"wp","href":"https:\/\/api.w.org\/{rel}","templated":true}]}}