{"id":7,"count":3,"description":"Cette cat\u00e9gorie rassemble les contenus consacr\u00e9s au droit des entreprises en difficult\u00e9. Elle aborde l\u2019actualit\u00e9 des proc\u00e9dures de pr\u00e9vention et de traitement des difficult\u00e9s, ainsi que les \u00e9volutions juridiques et \u00e9conomiques impactant les entreprises concern\u00e9es.","link":"https:\/\/sion.beestk.com\/fr\/ressources\/actualites-juridiques\/droit-des-entreprises-en-difficulte\/","name":"Droit des entreprises en difficult\u00e9","slug":"droit-des-entreprises-en-difficulte","taxonomy":"category","parent":2,"meta":[],"acf":[],"yoast_head":"<!-- This site is optimized with the Yoast SEO plugin v26.8 - https:\/\/yoast.com\/product\/yoast-seo-wordpress\/ -->\n<title>Actualit\u00e9s entreprises en difficult\u00e9 | Analyses juridiques<\/title>\n<meta name=\"description\" content=\"Actualit\u00e9s et analyses sur les entreprises en difficult\u00e9 : proc\u00e9dures, restructuration, pr\u00e9vention et \u00e9volutions juridiques.\" \/>\n<meta name=\"robots\" content=\"noindex, follow, max-snippet:-1, max-image-preview:large, max-video-preview:-1\" \/>\n<meta property=\"og:locale\" content=\"fr_FR\" \/>\n<meta property=\"og:type\" content=\"article\" \/>\n<meta property=\"og:title\" content=\"Actualit\u00e9s entreprises en difficult\u00e9 | Analyses juridiques\" \/>\n<meta property=\"og:description\" content=\"Actualit\u00e9s et analyses sur les entreprises en difficult\u00e9 : proc\u00e9dures, restructuration, pr\u00e9vention et \u00e9volutions juridiques.\" \/>\n<meta property=\"og:url\" content=\"https:\/\/sion.beestk.com\/fr\/ressources\/actualites-juridiques\/droit-des-entreprises-en-difficulte\/\" \/>\n<meta property=\"og:site_name\" content=\"Sion Avocat\" \/>\n<meta name=\"twitter:card\" content=\"summary_large_image\" \/>\n<script type=\"application\/ld+json\" class=\"yoast-schema-graph\">{\n\t    \"@context\": \"https:\/\/schema.org\",\n\t    \"@graph\": [\n\t        {\n\t            \"@type\": \"CollectionPage\",\n\t            \"@id\": \"https:\/\/sion.beestk.com\/fr\/ressources\/actualites-juridiques\/droit-des-entreprises-en-difficulte\/\",\n\t            \"url\": \"https:\/\/sion.beestk.com\/fr\/ressources\/actualites-juridiques\/droit-des-entreprises-en-difficulte\/\",\n\t            \"name\": \"Actualit\u00e9s entreprises en difficult\u00e9 | Analyses juridiques\",\n\t            \"isPartOf\": {\n\t                \"@id\": \"https:\/\/sion.beestk.com\/fr\/#website\"\n\t            },\n\t            \"description\": \"Actualit\u00e9s et analyses sur les entreprises en difficult\u00e9 : proc\u00e9dures, restructuration, pr\u00e9vention et \u00e9volutions juridiques.\",\n\t            \"breadcrumb\": {\n\t                \"@id\": \"https:\/\/sion.beestk.com\/fr\/ressources\/actualites-juridiques\/droit-des-entreprises-en-difficulte\/#breadcrumb\"\n\t            },\n\t            \"inLanguage\": \"fr-FR\"\n\t        },\n\t        {\n\t            \"@type\": \"BreadcrumbList\",\n\t            \"@id\": \"https:\/\/sion.beestk.com\/fr\/ressources\/actualites-juridiques\/droit-des-entreprises-en-difficulte\/#breadcrumb\",\n\t            \"itemListElement\": [\n\t                {\n\t                    \"@type\": \"ListItem\",\n\t                    \"position\": 1,\n\t                    \"name\": \"Accueil\",\n\t                    \"item\": \"https:\/\/sion.beestk.com\/fr\/\"\n\t                },\n\t                {\n\t                    \"@type\": \"ListItem\",\n\t                    \"position\": 2,\n\t                    \"name\": \"Ressources\",\n\t                    \"item\": \"https:\/\/sion.beestk.com\/fr\/ressources\/\"\n\t                },\n\t                {\n\t                    \"@type\": \"ListItem\",\n\t                    \"position\": 3,\n\t                    \"name\": \"Actualit\u00e9s juridiques\",\n\t                    \"item\": \"https:\/\/sion.beestk.com\/fr\/ressources\/actualites-juridiques\/\"\n\t                },\n\t                {\n\t                    \"@type\": \"ListItem\",\n\t                    \"position\": 4,\n\t                    \"name\": \"Droit des entreprises en difficult\u00e9\"\n\t                }\n\t            ]\n\t        },\n\t        {\n\t            \"@type\": \"WebSite\",\n\t            \"@id\": \"https:\/\/sion.beestk.com\/fr\/#website\",\n\t            \"url\": \"https:\/\/sion.beestk.com\/fr\/\",\n\t            \"name\": \"Cabinet Ya\u00ebl Sion & ASSOCI\u00c9S\",\n\t            \"description\": \"\",\n\t            \"publisher\": {\n\t                \"@id\": \"https:\/\/sion.beestk.com\/fr\/#organization\"\n\t            },\n\t            \"potentialAction\": [\n\t                {\n\t                    \"@type\": \"SearchAction\",\n\t                    \"target\": {\n\t                        \"@type\": \"EntryPoint\",\n\t                        \"urlTemplate\": \"https:\/\/sion.beestk.com\/fr\/?s={search_term_string}\"\n\t                    },\n\t                    \"query-input\": {\n\t                        \"@type\": \"PropertyValueSpecification\",\n\t                        \"valueRequired\": true,\n\t                        \"valueName\": \"search_term_string\"\n\t                    }\n\t                }\n\t            ],\n\t            \"inLanguage\": \"fr-FR\"\n\t        },\n\t        {\n\t            \"@type\": [\n\t                \"Organization\",\n\t                \"LocalBusiness\",\n\t                \"LegalService\"\n\t            ],\n\t            \"@id\": \"https:\/\/sion.beestk.com\/fr\/#organization\",\n\t            \"name\": \"Cabinet Ya\u00ebl Sion & ASSOCI\u00c9S\",\n\t            \"url\": \"https:\/\/sion.beestk.com\/fr\/\",\n\t            \"logo\": {\n\t                \"@type\": \"ImageObject\",\n\t                \"inLanguage\": \"fr-FR\",\n\t                \"@id\": \"https:\/\/sion.beestk.com\/fr\/#\/schema\/logo\/image\/\",\n\t                \"url\": \"https:\/\/sion.beestk.com\/wp-content\/uploads\/2025\/12\/logo.png\",\n\t                \"contentUrl\": \"https:\/\/sion.beestk.com\/wp-content\/uploads\/2025\/12\/logo.png\",\n\t                \"width\": 150,\n\t                \"height\": 72,\n\t                \"caption\": \"Cabinet Ya\u00ebl Sion & ASSOCI\u00c9S\"\n\t            },\n\t            \"image\": {\n\t                \"@id\": \"https:\/\/sion.beestk.com\/fr\/#\/schema\/logo\/image\/\"\n\t            },\n\t            \"sameAs\": [\n\t                \"https:\/\/maps.app.goo.gl\/wgFyjZZdY3JC98nZA\",\n\t                \"https:\/\/www.linkedin.com\/in\/ya%C3%ABl-sion-0a18091b3\/\"\n\t            ],\n\t            \"telephone\": \"+33465848884\",\n\t            \"address\": {\n\t                \"@type\": \"PostalAddress\",\n\t                \"addressCountry\": \"FR\",\n\t                \"addressLocality\": \"Marseille\",\n\t                \"postalCode\": \"13008\",\n\t                \"streetAddress\": \"565 avenue du Prado\"\n\t            },\n\t            \"openingHours\": [\n\t                \"Mo-Th 09:00-19:00\",\n\t                \"Fr 09:00-16:00\"\n\t            ],\n\t            \"hasMap\": \"https:\/\/maps.app.goo.gl\/wgFyjZZdY3JC98nZA\",\n\t            \"founder\": [\n\t                {\n\t                    \"@type\": \"Person\",\n\t                    \"name\": \"Ya\u00ebl Sion\",\n\t                    \"jobTitle\": \"Avocat\",\n\t                    \"worksFor\": {\n\t                        \"@id\": \"https:\/\/sion.beestk.com\/fr\/#organization\"\n\t                    },\n\t                    \"sameAs\": [\n\t                        \"https:\/\/www.linkedin.com\/in\/ya%C3%ABl-sion-0a18091b3\/\"\n\t                    ]\n\t                }\n\t            ],\n\t            \"foundingDate\": \"2015\"\n\t        }\n\t    ]\n\t}<\/script>\n<!-- \/ Yoast SEO plugin. -->","yoast_head_json":{"title":"Actualit\u00e9s entreprises en difficult\u00e9 | Analyses juridiques","description":"Actualit\u00e9s et analyses sur les entreprises en difficult\u00e9 : proc\u00e9dures, restructuration, pr\u00e9vention et \u00e9volutions juridiques.","robots":{"index":"noindex","follow":"follow","max-snippet":"max-snippet:-1","max-image-preview":"max-image-preview:large","max-video-preview":"max-video-preview:-1"},"og_locale":"fr_FR","og_type":"article","og_title":"Actualit\u00e9s entreprises en difficult\u00e9 | Analyses juridiques","og_description":"Actualit\u00e9s et analyses sur les entreprises en difficult\u00e9 : proc\u00e9dures, restructuration, pr\u00e9vention et \u00e9volutions juridiques.","og_url":"https:\/\/sion.beestk.com\/fr\/ressources\/actualites-juridiques\/droit-des-entreprises-en-difficulte\/","og_site_name":"Sion Avocat","twitter_card":"summary_large_image","schema":{"@context":"https:\/\/schema.org","@graph":[{"@type":"CollectionPage","@id":"https:\/\/sion.beestk.com\/fr\/ressources\/actualites-juridiques\/droit-des-entreprises-en-difficulte\/","url":"https:\/\/sion.beestk.com\/fr\/ressources\/actualites-juridiques\/droit-des-entreprises-en-difficulte\/","name":"Actualit\u00e9s entreprises en difficult\u00e9 | Analyses juridiques","isPartOf":{"@id":"https:\/\/sion.beestk.com\/fr\/#website"},"description":"Actualit\u00e9s et analyses sur les entreprises en difficult\u00e9 : proc\u00e9dures, restructuration, pr\u00e9vention et \u00e9volutions juridiques.","breadcrumb":{"@id":"https:\/\/sion.beestk.com\/fr\/ressources\/actualites-juridiques\/droit-des-entreprises-en-difficulte\/#breadcrumb"},"inLanguage":"fr-FR"},{"@type":"BreadcrumbList","@id":"https:\/\/sion.beestk.com\/fr\/ressources\/actualites-juridiques\/droit-des-entreprises-en-difficulte\/#breadcrumb","itemListElement":[{"@type":"ListItem","position":1,"name":"Accueil","item":"https:\/\/sion.beestk.com\/fr\/"},{"@type":"ListItem","position":2,"name":"Ressources","item":"https:\/\/sion.beestk.com\/fr\/ressources\/"},{"@type":"ListItem","position":3,"name":"Actualit\u00e9s juridiques","item":"https:\/\/sion.beestk.com\/fr\/ressources\/actualites-juridiques\/"},{"@type":"ListItem","position":4,"name":"Droit des entreprises en difficult\u00e9"}]},{"@type":"WebSite","@id":"https:\/\/sion.beestk.com\/fr\/#website","url":"https:\/\/sion.beestk.com\/fr\/","name":"Cabinet Ya\u00ebl Sion & ASSOCI\u00c9S","description":"","publisher":{"@id":"https:\/\/sion.beestk.com\/fr\/#organization"},"potentialAction":[{"@type":"SearchAction","target":{"@type":"EntryPoint","urlTemplate":"https:\/\/sion.beestk.com\/fr\/?s={search_term_string}"},"query-input":{"@type":"PropertyValueSpecification","valueRequired":true,"valueName":"search_term_string"}}],"inLanguage":"fr-FR"},{"@type":["Organization","LocalBusiness","LegalService"],"@id":"https:\/\/sion.beestk.com\/fr\/#organization","name":"Cabinet Ya\u00ebl Sion & ASSOCI\u00c9S","url":"https:\/\/sion.beestk.com\/fr\/","logo":{"@type":"ImageObject","inLanguage":"fr-FR","@id":"https:\/\/sion.beestk.com\/fr\/#\/schema\/logo\/image\/","url":"https:\/\/sion.beestk.com\/wp-content\/uploads\/2025\/12\/logo.png","contentUrl":"https:\/\/sion.beestk.com\/wp-content\/uploads\/2025\/12\/logo.png","width":150,"height":72,"caption":"Cabinet Ya\u00ebl Sion & ASSOCI\u00c9S"},"image":{"@id":"https:\/\/sion.beestk.com\/fr\/#\/schema\/logo\/image\/"},"sameAs":["https:\/\/maps.app.goo.gl\/wgFyjZZdY3JC98nZA","https:\/\/www.linkedin.com\/in\/ya%C3%ABl-sion-0a18091b3\/"],"telephone":"+33465848884","address":{"@type":"PostalAddress","addressCountry":"FR","addressLocality":"Marseille","postalCode":"13008","streetAddress":"565 avenue du Prado"},"openingHours":["Mo-Th 09:00-19:00","Fr 09:00-16:00"],"hasMap":"https:\/\/maps.app.goo.gl\/wgFyjZZdY3JC98nZA","founder":[{"@type":"Person","name":"Ya\u00ebl Sion","jobTitle":"Avocat","worksFor":{"@id":"https:\/\/sion.beestk.com\/fr\/#organization"},"sameAs":["https:\/\/www.linkedin.com\/in\/ya%C3%ABl-sion-0a18091b3\/"]}],"foundingDate":"2015"}]}},"_links":{"self":[{"href":"https:\/\/sion.beestk.com\/fr\/wp-json\/wp\/v2\/categories\/7","targetHints":{"allow":["GET"]}}],"collection":[{"href":"https:\/\/sion.beestk.com\/fr\/wp-json\/wp\/v2\/categories"}],"about":[{"href":"https:\/\/sion.beestk.com\/fr\/wp-json\/wp\/v2\/taxonomies\/category"}],"up":[{"embeddable":true,"href":"https:\/\/sion.beestk.com\/fr\/wp-json\/wp\/v2\/categories\/2"}],"wp:post_type":[{"href":"https:\/\/sion.beestk.com\/fr\/wp-json\/wp\/v2\/posts?categories=7"}],"curies":[{"name":"wp","href":"https:\/\/api.w.org\/{rel}","templated":true}]}}